{"id":145840,"date":"2020-01-28T10:38:58","date_gmt":"2020-01-28T10:38:58","guid":{"rendered":"https:\/\/admin.industriall-union.org\/industriall-signe-un-accord-avec-michelin\/"},"modified":"2025-02-03T10:21:33","modified_gmt":"2025-02-03T10:21:33","slug":"industriall-signe-un-accord-avec-michelin","status":"publish","type":"article","link":"https:\/\/admin.industriall-union.org\/fr\/industriall-signe-un-accord-avec-michelin\/","title":{"rendered":"IndustriALL signe un accord avec Michelin"},"content":{"rendered":"<p>Pour le groupe Michelin, la signature de cet accord avec IndustriALL Global Union constitue une \u00e9tape forte dans le d\u00e9veloppement d&rsquo;un dialogue social ouvert, constructif et responsable \u00e0 l&rsquo;\u00e9chelle mondiale, men\u00e9 depuis plusieurs ann\u00e9es par le groupe Michelin.<\/p><p>Cette nouvelle instance de repr\u00e9sentation du personnel s&rsquo;inspire notamment du travail, de la m\u00e9thode et des r\u00e9sultats positifs du Comit\u00e9 Europ\u00e9en d&rsquo;Entreprise Michelin (CEEM).<\/p><p>Le Comit\u00e9 Mondial Michelin r\u00e9pond \u00e0 plusieurs ambitions :<\/p><ul><li>&nbsp;&nbsp;&nbsp; Cr\u00e9er un nouvel espace de dialogue social repr\u00e9sentant les salari\u00e9s des pays o\u00f9 le Groupe op\u00e8re<\/li><li>&nbsp;&nbsp;&nbsp; mieux appr\u00e9hender les \u00e9volutions mondiales \u00e9conomiques, sociales et environnementales de Michelin dans le monde<\/li><li>&nbsp;&nbsp;&nbsp; am\u00e9liorer dans l&rsquo;ensemble des pays l&rsquo;accompagnement social des transformations \u00e9conomiques<\/li><\/ul><p>Dans ce cadre, il aura notamment pour missions de :<\/p><ul><li>&nbsp;&nbsp;&nbsp; partager les r\u00e9sultats et les orientations strat\u00e9giques du Groupe en toute transparence avec tous les pays o\u00f9 Michelin est implant\u00e9 ;<\/li><li>&nbsp;&nbsp;&nbsp; contribuer \u00e0 la co-construction des politiques fondamentales d&rsquo;accompagnement des transformations du groupe, comp\u00e9titivit\u00e9, protection sociale, de diversit\u00e9, notamment inclusion et handicap, d\u00e9veloppement durable<\/li><\/ul><p>Le Comit\u00e9 Mondial Michelin sera pr\u00e9sid\u00e9 par Remi de Verdilhac, secr\u00e9taire g\u00e9n\u00e9ral du si\u00e8ge du groupe Michelin. La d\u00e9signation des 50 membres du comit\u00e9 interviendra dans le courant du mois de f\u00e9vrier pour pr\u00e9parer dans les meilleurs conditions la premi\u00e8re r\u00e9union de la nouvelle instance, pr\u00e9vue le 1er avril 2020 \u00e0 Clermont-Ferrand.<\/p><p>Avec cet accord, Michelin reconna\u00eet l&rsquo;importance des conventions fondamentales de l&rsquo;OIT, les principes directeurs des Nations-Unies relatifs aux entreprises et aux droits de l&rsquo;Homme et les principes directeurs de l&rsquo;OCDE \u00e0 l&rsquo;intention des entreprises multinationales. Le Groupe s&rsquo;est engag\u00e9 \u00e0 promouvoir et \u00e0 respecter les droits de l&rsquo;Homme et \u00e0 d\u00e9velopper une culture de vigilance en la mati\u00e8re.<\/p><p>En particulier, Michelin s&rsquo;engage \u00e0 se conformer aux principes de la libert\u00e9 d&rsquo;association et la repr\u00e9sentation du personnel, et \u00e0 prot\u00e9ger les droits des salari\u00e9s et des repr\u00e9sentants syndicaux.<\/p><p>Pour Valter Sanches, secr\u00e9taire g\u00e9n\u00e9ral d&rsquo;IndustriALL,<\/p><div class=\"regularQuote\"><blockquote><p>&laquo; les comit\u00e9s mondiaux sont un moyen strat\u00e9gique pour associer les entreprises multinationales dans notre plan d&rsquo;action. La cr\u00e9ation du Comit\u00e9 Mondial Michelin, leader du secteur, repr\u00e9sente un nouveau pas dans le d\u00e9veloppement des relations sociales du Groupe &raquo;.<\/p><\/blockquote><\/div><p>Pour Florent Menegaux, pr\u00e9sident du groupe Michelin,<\/p><div class=\"regularQuote\"><blockquote><p>&laquo; les comit\u00e9s mondiaux sont un moyen strat\u00e9gique pour associer les entreprises multinationales dans notre plan d&rsquo;action. La cr\u00e9ation du Comit\u00e9 Mondial Michelin, leader du secteur, repr\u00e9sente un nouveau pas dans le d\u00e9veloppement des relations sociales du Groupe &raquo;.<\/p><\/blockquote><\/div>","protected":false},"featured_media":0,"template":"","issues":[407,425],"companies":[],"regions":[217],"sectors":[473],"article_tags":[521],"class_list":["post-145840","article","type-article","status-publish","hentry","issues-global-framework-agreements","issues-workers-rights","regions-france","sectors-rubber","article_tags-press-release"],"acf":[],"yoast_head":"<!-- This site is optimized with the Yoast SEO Premium plugin v27.1 (Yoast SEO v27.1) - https:\/\/yoast.com\/product\/yoast-seo-premium-wordpress\/ -->\n<title>IndustriALL signe un accord avec Michelin - industriall-union<\/title>\n<meta name=\"description\" content=\"Pour le groupe Michelin, la signature de cet accord avec IndustriALL Global Union constitue une \u00e9tape forte dans le d\u00e9veloppement d&rsquo;un dialogue\" \/>\n<meta name=\"robots\" content=\"index, follow, max-snippet:-1, max-image-preview:large, max-video-preview:-1\" \/>\n<link rel=\"canonical\" href=\"https:\/\/admin.industriall-union.org\/fr\/industriall-signe-un-accord-avec-michelin\/\" \/>\n<meta property=\"og:locale\" content=\"fr_FR\" \/>\n<meta property=\"og:type\" content=\"article\" \/>\n<meta property=\"og:title\" content=\"IndustriALL signe un accord avec Michelin\" \/>\n<meta property=\"og:description\" content=\"Pour le groupe Michelin, la signature de cet accord avec IndustriALL Global Union constitue une \u00e9tape forte dans le d\u00e9veloppement d&rsquo;un dialogue\" \/>\n<meta property=\"og:url\" content=\"https:\/\/admin.industriall-union.org\/fr\/industriall-signe-un-accord-avec-michelin\/\" \/>\n<meta property=\"og:site_name\" content=\"industriall-union\" \/>\n<meta property=\"article:modified_time\" content=\"2025-02-03T10:21:33+00:00\" \/>\n<meta name=\"twitter:card\" content=\"summary_large_image\" \/>\n<meta name=\"twitter:label1\" content=\"Est. reading time\" \/>\n\t<meta name=\"twitter:data1\" content=\"2 minutes\" \/>\n<script type=\"application\/ld+json\" class=\"yoast-schema-graph\">{\"@context\":\"https:\/\/schema.org\",\"@graph\":[{\"@type\":\"WebPage\",\"@id\":\"https:\/\/admin.industriall-union.org\/fr\/industriall-signe-un-accord-avec-michelin\/\",\"url\":\"https:\/\/admin.industriall-union.org\/fr\/industriall-signe-un-accord-avec-michelin\/\",\"name\":\"IndustriALL signe un accord avec Michelin - industriall-union\",\"isPartOf\":{\"@id\":\"https:\/\/admin.industriall-union.org\/#website\"},\"datePublished\":\"2020-01-28T10:38:58+00:00\",\"dateModified\":\"2025-02-03T10:21:33+00:00\",\"description\":\"Pour le groupe Michelin, la signature de cet accord avec IndustriALL Global Union constitue une \u00e9tape forte dans le d\u00e9veloppement d&rsquo;un dialogue\",\"breadcrumb\":{\"@id\":\"https:\/\/admin.industriall-union.org\/fr\/industriall-signe-un-accord-avec-michelin\/#breadcrumb\"},\"inLanguage\":\"fr-FR\",\"potentialAction\":[{\"@type\":\"ReadAction\",\"target\":[\"https:\/\/admin.industriall-union.org\/fr\/industriall-signe-un-accord-avec-michelin\/\"]}]},{\"@type\":\"BreadcrumbList\",\"@id\":\"https:\/\/admin.industriall-union.org\/fr\/industriall-signe-un-accord-avec-michelin\/#breadcrumb\",\"itemListElement\":[{\"@type\":\"ListItem\",\"position\":1,\"name\":\"Home\",\"item\":\"https:\/\/admin.industriall-union.org\/\"},{\"@type\":\"ListItem\",\"position\":2,\"name\":\"Articles\",\"item\":\"https:\/\/admin.industriall-union.org\/article\/\"},{\"@type\":\"ListItem\",\"position\":3,\"name\":\"IndustriALL signe un accord avec Michelin\"}]},{\"@type\":\"WebSite\",\"@id\":\"https:\/\/admin.industriall-union.org\/#website\",\"url\":\"https:\/\/admin.industriall-union.org\/\",\"name\":\"industriall-union\",\"description\":\"\",\"potentialAction\":[{\"@type\":\"SearchAction\",\"target\":{\"@type\":\"EntryPoint\",\"urlTemplate\":\"https:\/\/admin.industriall-union.org\/?s={search_term_string}\"},\"query-input\":{\"@type\":\"PropertyValueSpecification\",\"valueRequired\":true,\"valueName\":\"search_term_string\"}}],\"inLanguage\":\"fr-FR\"}]}<\/script>\n<!-- \/ Yoast SEO Premium plugin. -->","yoast_head_json":{"title":"IndustriALL signe un accord avec Michelin - industriall-union","description":"Pour le groupe Michelin, la signature de cet accord avec IndustriALL Global Union constitue une \u00e9tape forte dans le d\u00e9veloppement d&rsquo;un dialogue","robots":{"index":"index","follow":"follow","max-snippet":"max-snippet:-1","max-image-preview":"max-image-preview:large","max-video-preview":"max-video-preview:-1"},"canonical":"https:\/\/admin.industriall-union.org\/fr\/industriall-signe-un-accord-avec-michelin\/","og_locale":"fr_FR","og_type":"article","og_title":"IndustriALL signe un accord avec Michelin","og_description":"Pour le groupe Michelin, la signature de cet accord avec IndustriALL Global Union constitue une \u00e9tape forte dans le d\u00e9veloppement d&rsquo;un dialogue","og_url":"https:\/\/admin.industriall-union.org\/fr\/industriall-signe-un-accord-avec-michelin\/","og_site_name":"industriall-union","article_modified_time":"2025-02-03T10:21:33+00:00","twitter_card":"summary_large_image","twitter_misc":{"Est. reading time":"2 minutes"},"schema":{"@context":"https:\/\/schema.org","@graph":[{"@type":"WebPage","@id":"https:\/\/admin.industriall-union.org\/fr\/industriall-signe-un-accord-avec-michelin\/","url":"https:\/\/admin.industriall-union.org\/fr\/industriall-signe-un-accord-avec-michelin\/","name":"IndustriALL signe un accord avec Michelin - industriall-union","isPartOf":{"@id":"https:\/\/admin.industriall-union.org\/#website"},"datePublished":"2020-01-28T10:38:58+00:00","dateModified":"2025-02-03T10:21:33+00:00","description":"Pour le groupe Michelin, la signature de cet accord avec IndustriALL Global Union constitue une \u00e9tape forte dans le d\u00e9veloppement d&rsquo;un dialogue","breadcrumb":{"@id":"https:\/\/admin.industriall-union.org\/fr\/industriall-signe-un-accord-avec-michelin\/#breadcrumb"},"inLanguage":"fr-FR","potentialAction":[{"@type":"ReadAction","target":["https:\/\/admin.industriall-union.org\/fr\/industriall-signe-un-accord-avec-michelin\/"]}]},{"@type":"BreadcrumbList","@id":"https:\/\/admin.industriall-union.org\/fr\/industriall-signe-un-accord-avec-michelin\/#breadcrumb","itemListElement":[{"@type":"ListItem","position":1,"name":"Home","item":"https:\/\/admin.industriall-union.org\/"},{"@type":"ListItem","position":2,"name":"Articles","item":"https:\/\/admin.industriall-union.org\/article\/"},{"@type":"ListItem","position":3,"name":"IndustriALL signe un accord avec Michelin"}]},{"@type":"WebSite","@id":"https:\/\/admin.industriall-union.org\/#website","url":"https:\/\/admin.industriall-union.org\/","name":"industriall-union","description":"","potentialAction":[{"@type":"SearchAction","target":{"@type":"EntryPoint","urlTemplate":"https:\/\/admin.industriall-union.org\/?s={search_term_string}"},"query-input":{"@type":"PropertyValueSpecification","valueRequired":true,"valueName":"search_term_string"}}],"inLanguage":"fr-FR"}]}},"_links":{"self":[{"href":"https:\/\/admin.industriall-union.org\/fr\/wp-json\/wp\/v2\/article\/145840","targetHints":{"allow":["GET"]}}],"collection":[{"href":"https:\/\/admin.industriall-union.org\/fr\/wp-json\/wp\/v2\/article"}],"about":[{"href":"https:\/\/admin.industriall-union.org\/fr\/wp-json\/wp\/v2\/types\/article"}],"wp:attachment":[{"href":"https:\/\/admin.industriall-union.org\/fr\/wp-json\/wp\/v2\/media?parent=145840"}],"wp:term":[{"taxonomy":"issues","embeddable":true,"href":"https:\/\/admin.industriall-union.org\/fr\/wp-json\/wp\/v2\/issues?post=145840"},{"taxonomy":"companies","embeddable":true,"href":"https:\/\/admin.industriall-union.org\/fr\/wp-json\/wp\/v2\/companies?post=145840"},{"taxonomy":"regions","embeddable":true,"href":"https:\/\/admin.industriall-union.org\/fr\/wp-json\/wp\/v2\/regions?post=145840"},{"taxonomy":"sectors","embeddable":true,"href":"https:\/\/admin.industriall-union.org\/fr\/wp-json\/wp\/v2\/sectors?post=145840"},{"taxonomy":"article_tags","embeddable":true,"href":"https:\/\/admin.industriall-union.org\/fr\/wp-json\/wp\/v2\/article_tags?post=145840"}],"curies":[{"name":"wp","href":"https:\/\/api.w.org\/{rel}","templated":true}]}}