{"id":145773,"date":"2020-01-30T09:40:31","date_gmt":"2020-01-30T09:40:31","guid":{"rendered":"https:\/\/admin.industriall-union.org\/pakistan-persistance-de-la-crise-de-la-securite-des-mines\/"},"modified":"2025-02-03T10:13:11","modified_gmt":"2025-02-03T10:13:11","slug":"pakistan-persistance-de-la-crise-de-la-securite-des-mines","status":"publish","type":"article","link":"https:\/\/admin.industriall-union.org\/fr\/pakistan-persistance-de-la-crise-de-la-securite-des-mines\/","title":{"rendered":"Pakistan: persistance de la crise de la s\u00e9curit\u00e9 des mines"},"content":{"rendered":"<p>Le 27 janvier, un mineur est mort \u00e9cras\u00e9 par un chariot rempli de charbon dans la r\u00e9gion de Duki (province du Baloutchistan). Dans cette m\u00eame r\u00e9gion, quelques jours plus t\u00f4t, le 23 janvier, un travailleur a \u00e9t\u00e9 tu\u00e9 et cinq autres pris au pi\u00e8ge dans une mine apr\u00e8s un glissement de terrain.<\/p><p>Ces accidents font suite \u00e0 un d\u00e9but d&#039;ann\u00e9e violent pour les mineurs pakistanais.<br \/>Le 3 janvier, un mineur est mort et deux autres ont \u00e9t\u00e9 gri\u00e8vement bless\u00e9s \u00e0 Margat. \u00c0 peine une semaine plus tard, le 12 janvier, deux jeunes mineurs sont d\u00e9c\u00e9d\u00e9s dans l&#039;effondrement d&rsquo;une mine \u00e0 Tirah et d&rsquo;une autre mine \u00e0 Darra Adamkhel.<\/p><p>Le 15 janvier, un mineur a \u00e9t\u00e9 \u00e9lectrocut\u00e9. Le 21 janvier, deux mineurs sont morts apr\u00e8s avoir inhal\u00e9 un gaz toxique s&rsquo;\u00e9tant r\u00e9pandu apr\u00e8s une explosion dans la mine. En outre, le 22 janvier, un autre mineur est mort \u00e9lectrocut\u00e9.<\/p><p>Glen Mpufane, Directeur en charge du secteur minier \u00e0 IndustriALL, a d\u00e9clar\u00e9:<\/p><blockquote><p>&laquo; Selon les rapports publi\u00e9s dans les m\u00e9dias, plus de 430 mineurs ont \u00e9t\u00e9 tu\u00e9s depuis 2010, mais ces chiffres pourraient \u00eatre sous-estim\u00e9s.<\/p><p>&laquo; IndustriALL exhorte le gouvernement pakistanais \u00e0 ratifier et \u00e0 appliquer sans d\u00e9lai la Convention 176 de l&#039;OIT sur la s\u00e9curit\u00e9 et la sant\u00e9 dans les mines. Il est grand temps que le gouvernement pakistanais prenne des mesures concr\u00e8tes pour mettre fin aux d\u00e9c\u00e8s continus des mineurs.<\/p><\/blockquote><p>IndustriALL fait <a href=\"http:\/\/www.industriall-union.org\/what-we-do\/ratify-ilo-c176\">campagne<\/a> pour mettre fin \u00e0 <a href=\"http:\/\/www.industriall-union.org\/27-coalminers-killed-in-pakistan-so-far-in-2019\">la crise de la s\u00e9curit\u00e9 des mines au Pakistan<\/a> et appelle le gouvernement \u00e0 mettre en \u0153uvre de toute urgence les mesures n\u00e9cessaires pour renforcer la s\u00e9curit\u00e9 des mines du pays.<\/p>","protected":false},"featured_media":0,"template":"","issues":[403,402,425],"companies":[],"regions":[182],"sectors":[495],"article_tags":[],"class_list":["post-145773","article","type-article","status-publish","hentry","issues-convention-176-mine-safety","issues-health-and-safety","issues-workers-rights","regions-pakistan","sectors-mining"],"acf":[],"yoast_head":"<!-- This site is optimized with the Yoast SEO Premium plugin v27.1 (Yoast SEO v27.1) - https:\/\/yoast.com\/product\/yoast-seo-premium-wordpress\/ -->\n<title>Pakistan: persistance de la crise de la s\u00e9curit\u00e9 des mines - industriall-union<\/title>\n<meta name=\"description\" content=\"Le 27 janvier, un mineur est mort \u00e9cras\u00e9 par un chariot rempli de charbon dans la r\u00e9gion de Duki (province du Baloutchistan). Dans cette m\u00eame r\u00e9gion,\" \/>\n<meta name=\"robots\" content=\"index, follow, max-snippet:-1, max-image-preview:large, max-video-preview:-1\" \/>\n<link rel=\"canonical\" href=\"https:\/\/admin.industriall-union.org\/fr\/pakistan-persistance-de-la-crise-de-la-securite-des-mines\/\" \/>\n<meta property=\"og:locale\" content=\"fr_FR\" \/>\n<meta property=\"og:type\" content=\"article\" \/>\n<meta property=\"og:title\" content=\"Pakistan: persistance de la crise de la s\u00e9curit\u00e9 des mines\" \/>\n<meta property=\"og:description\" content=\"Le 27 janvier, un mineur est mort \u00e9cras\u00e9 par un chariot rempli de charbon dans la r\u00e9gion de Duki (province du Baloutchistan). Dans cette m\u00eame r\u00e9gion,\" \/>\n<meta property=\"og:url\" content=\"https:\/\/admin.industriall-union.org\/fr\/pakistan-persistance-de-la-crise-de-la-securite-des-mines\/\" \/>\n<meta property=\"og:site_name\" content=\"industriall-union\" \/>\n<meta property=\"article:modified_time\" content=\"2025-02-03T10:13:11+00:00\" \/>\n<meta name=\"twitter:card\" content=\"summary_large_image\" \/>\n<meta name=\"twitter:label1\" content=\"Est. reading time\" \/>\n\t<meta name=\"twitter:data1\" content=\"1 minute\" \/>\n<script type=\"application\/ld+json\" class=\"yoast-schema-graph\">{\"@context\":\"https:\/\/schema.org\",\"@graph\":[{\"@type\":\"WebPage\",\"@id\":\"https:\/\/admin.industriall-union.org\/fr\/pakistan-persistance-de-la-crise-de-la-securite-des-mines\/\",\"url\":\"https:\/\/admin.industriall-union.org\/fr\/pakistan-persistance-de-la-crise-de-la-securite-des-mines\/\",\"name\":\"Pakistan: persistance de la crise de la s\u00e9curit\u00e9 des mines - industriall-union\",\"isPartOf\":{\"@id\":\"https:\/\/admin.industriall-union.org\/#website\"},\"datePublished\":\"2020-01-30T09:40:31+00:00\",\"dateModified\":\"2025-02-03T10:13:11+00:00\",\"description\":\"Le 27 janvier, un mineur est mort \u00e9cras\u00e9 par un chariot rempli de charbon dans la r\u00e9gion de Duki (province du Baloutchistan). Dans cette m\u00eame r\u00e9gion,\",\"breadcrumb\":{\"@id\":\"https:\/\/admin.industriall-union.org\/fr\/pakistan-persistance-de-la-crise-de-la-securite-des-mines\/#breadcrumb\"},\"inLanguage\":\"fr-FR\",\"potentialAction\":[{\"@type\":\"ReadAction\",\"target\":[\"https:\/\/admin.industriall-union.org\/fr\/pakistan-persistance-de-la-crise-de-la-securite-des-mines\/\"]}]},{\"@type\":\"BreadcrumbList\",\"@id\":\"https:\/\/admin.industriall-union.org\/fr\/pakistan-persistance-de-la-crise-de-la-securite-des-mines\/#breadcrumb\",\"itemListElement\":[{\"@type\":\"ListItem\",\"position\":1,\"name\":\"Home\",\"item\":\"https:\/\/admin.industriall-union.org\/\"},{\"@type\":\"ListItem\",\"position\":2,\"name\":\"Articles\",\"item\":\"https:\/\/admin.industriall-union.org\/article\/\"},{\"@type\":\"ListItem\",\"position\":3,\"name\":\"Pakistan: persistance de la crise de la s\u00e9curit\u00e9 des mines\"}]},{\"@type\":\"WebSite\",\"@id\":\"https:\/\/admin.industriall-union.org\/#website\",\"url\":\"https:\/\/admin.industriall-union.org\/\",\"name\":\"industriall-union\",\"description\":\"\",\"potentialAction\":[{\"@type\":\"SearchAction\",\"target\":{\"@type\":\"EntryPoint\",\"urlTemplate\":\"https:\/\/admin.industriall-union.org\/?s={search_term_string}\"},\"query-input\":{\"@type\":\"PropertyValueSpecification\",\"valueRequired\":true,\"valueName\":\"search_term_string\"}}],\"inLanguage\":\"fr-FR\"}]}<\/script>\n<!-- \/ Yoast SEO Premium plugin. -->","yoast_head_json":{"title":"Pakistan: persistance de la crise de la s\u00e9curit\u00e9 des mines - industriall-union","description":"Le 27 janvier, un mineur est mort \u00e9cras\u00e9 par un chariot rempli de charbon dans la r\u00e9gion de Duki (province du Baloutchistan). Dans cette m\u00eame r\u00e9gion,","robots":{"index":"index","follow":"follow","max-snippet":"max-snippet:-1","max-image-preview":"max-image-preview:large","max-video-preview":"max-video-preview:-1"},"canonical":"https:\/\/admin.industriall-union.org\/fr\/pakistan-persistance-de-la-crise-de-la-securite-des-mines\/","og_locale":"fr_FR","og_type":"article","og_title":"Pakistan: persistance de la crise de la s\u00e9curit\u00e9 des mines","og_description":"Le 27 janvier, un mineur est mort \u00e9cras\u00e9 par un chariot rempli de charbon dans la r\u00e9gion de Duki (province du Baloutchistan). Dans cette m\u00eame r\u00e9gion,","og_url":"https:\/\/admin.industriall-union.org\/fr\/pakistan-persistance-de-la-crise-de-la-securite-des-mines\/","og_site_name":"industriall-union","article_modified_time":"2025-02-03T10:13:11+00:00","twitter_card":"summary_large_image","twitter_misc":{"Est. reading time":"1 minute"},"schema":{"@context":"https:\/\/schema.org","@graph":[{"@type":"WebPage","@id":"https:\/\/admin.industriall-union.org\/fr\/pakistan-persistance-de-la-crise-de-la-securite-des-mines\/","url":"https:\/\/admin.industriall-union.org\/fr\/pakistan-persistance-de-la-crise-de-la-securite-des-mines\/","name":"Pakistan: persistance de la crise de la s\u00e9curit\u00e9 des mines - industriall-union","isPartOf":{"@id":"https:\/\/admin.industriall-union.org\/#website"},"datePublished":"2020-01-30T09:40:31+00:00","dateModified":"2025-02-03T10:13:11+00:00","description":"Le 27 janvier, un mineur est mort \u00e9cras\u00e9 par un chariot rempli de charbon dans la r\u00e9gion de Duki (province du Baloutchistan). Dans cette m\u00eame r\u00e9gion,","breadcrumb":{"@id":"https:\/\/admin.industriall-union.org\/fr\/pakistan-persistance-de-la-crise-de-la-securite-des-mines\/#breadcrumb"},"inLanguage":"fr-FR","potentialAction":[{"@type":"ReadAction","target":["https:\/\/admin.industriall-union.org\/fr\/pakistan-persistance-de-la-crise-de-la-securite-des-mines\/"]}]},{"@type":"BreadcrumbList","@id":"https:\/\/admin.industriall-union.org\/fr\/pakistan-persistance-de-la-crise-de-la-securite-des-mines\/#breadcrumb","itemListElement":[{"@type":"ListItem","position":1,"name":"Home","item":"https:\/\/admin.industriall-union.org\/"},{"@type":"ListItem","position":2,"name":"Articles","item":"https:\/\/admin.industriall-union.org\/article\/"},{"@type":"ListItem","position":3,"name":"Pakistan: persistance de la crise de la s\u00e9curit\u00e9 des mines"}]},{"@type":"WebSite","@id":"https:\/\/admin.industriall-union.org\/#website","url":"https:\/\/admin.industriall-union.org\/","name":"industriall-union","description":"","potentialAction":[{"@type":"SearchAction","target":{"@type":"EntryPoint","urlTemplate":"https:\/\/admin.industriall-union.org\/?s={search_term_string}"},"query-input":{"@type":"PropertyValueSpecification","valueRequired":true,"valueName":"search_term_string"}}],"inLanguage":"fr-FR"}]}},"_links":{"self":[{"href":"https:\/\/admin.industriall-union.org\/fr\/wp-json\/wp\/v2\/article\/145773","targetHints":{"allow":["GET"]}}],"collection":[{"href":"https:\/\/admin.industriall-union.org\/fr\/wp-json\/wp\/v2\/article"}],"about":[{"href":"https:\/\/admin.industriall-union.org\/fr\/wp-json\/wp\/v2\/types\/article"}],"wp:attachment":[{"href":"https:\/\/admin.industriall-union.org\/fr\/wp-json\/wp\/v2\/media?parent=145773"}],"wp:term":[{"taxonomy":"issues","embeddable":true,"href":"https:\/\/admin.industriall-union.org\/fr\/wp-json\/wp\/v2\/issues?post=145773"},{"taxonomy":"companies","embeddable":true,"href":"https:\/\/admin.industriall-union.org\/fr\/wp-json\/wp\/v2\/companies?post=145773"},{"taxonomy":"regions","embeddable":true,"href":"https:\/\/admin.industriall-union.org\/fr\/wp-json\/wp\/v2\/regions?post=145773"},{"taxonomy":"sectors","embeddable":true,"href":"https:\/\/admin.industriall-union.org\/fr\/wp-json\/wp\/v2\/sectors?post=145773"},{"taxonomy":"article_tags","embeddable":true,"href":"https:\/\/admin.industriall-union.org\/fr\/wp-json\/wp\/v2\/article_tags?post=145773"}],"curies":[{"name":"wp","href":"https:\/\/api.w.org\/{rel}","templated":true}]}}