{"id":145768,"date":"2020-01-30T13:37:09","date_gmt":"2020-01-30T13:37:09","guid":{"rendered":"https:\/\/admin.industriall-union.org\/le-syndicat-negocie-avec-glencore-la-reduction-des-effectifs-de-sa-fonderie-sud-africaine\/"},"modified":"2025-02-03T10:12:47","modified_gmt":"2025-02-03T10:12:47","slug":"le-syndicat-negocie-avec-glencore-la-reduction-des-effectifs-de-sa-fonderie-sud-africaine","status":"publish","type":"article","link":"https:\/\/admin.industriall-union.org\/fr\/le-syndicat-negocie-avec-glencore-la-reduction-des-effectifs-de-sa-fonderie-sud-africaine\/","title":{"rendered":"Le syndicat n\u00e9gocie avec Glencore la r\u00e9duction des effectifs de sa fonderie sud-africaine"},"content":{"rendered":"<p>Les r\u00e9unions porteront sur le pr\u00e9avis donn\u00e9 \u00e0 la NUMSA par la fonderie de Rustenburg, selon lequel &ldquo;l&rsquo;entreprise n&rsquo;est plus viable financi\u00e8rement&rdquo;.<\/p><p>Le NUMSA d\u00e9clare qu&rsquo;il participera aux consultations pour sauver les 665 emplois qui seront perdus si la fonderie de Rustenburg est ferm\u00e9e. La direction de la fonderie, qui appartient \u00e0 Glencore (79,5 %) et Merafe (20,5 %), a d\u00e9clar\u00e9 dans un pr\u00e9avis au NUMSA que la fonderie n&rsquo;est plus rentable et fonctionne \u00e0 perte.<\/p><p>C&rsquo;est d\u00fb \u00e0 une technologie vieillissante, \u00e0 une \u00e9nergie on\u00e9reuse qui repr\u00e9sente 30 % du co\u00fbt de production aupr\u00e8s de la compagnie d&rsquo;\u00e9lectricit\u00e9 Eskom, sans compter d&rsquo;autres subventions vers\u00e9es par les clients industriels \u00e0 Eskom. En outre, l&rsquo;introduction d&rsquo;une taxe sur le carbone, l&rsquo;augmentation des co\u00fbts de transport et d&rsquo;autres co\u00fbts d&rsquo;importation ont contribu\u00e9 aux pertes. L&rsquo;entreprise affirme \u00e9galement que la production de ferrochrome en Afrique du Sud est plus co\u00fbteuse que dans d&rsquo;autres pays.<br \/><br \/>Phestus Motshabi, Secr\u00e9taire de la section locale du NUMSA de Rustenburg a indiqu\u00e9&nbsp;:<\/p><blockquote><p>&ldquo;Nous attendons toujours que la CCMA annonce les dates auxquelles la m\u00e9diation d\u00e9butera, et nous ferons de notre mieux pour sauver le plus grand nombre d&rsquo;emplois possible et inciter la direction \u00e0 aborder ces discussions de bonne foi. Elle doit divulguer toutes les informations afin que nous puissions travailler ensemble pour trouver des solutions. La classe ouvri\u00e8re est clairement attaqu\u00e9e parce que les travailleurs de nombreux secteurs de notre \u00e9conomie se voient signifier des avis de licenciement.&rdquo;<\/p><\/blockquote><p>Glen Mpufane, Directeur des mines pour IndustriALL, a d\u00e9clar\u00e9&nbsp;:<\/p><blockquote><p>&ldquo;Nous esp\u00e9rons qu&rsquo;une solution consistant \u00e0 sauver des emplois sera trouv\u00e9e et que les n\u00e9gociations en cours avec Glencore aboutiront \u00e0 une solution \u00e0 l&rsquo;amiable pour le syndicat et l&rsquo;entreprise. Les soci\u00e9t\u00e9s mini\u00e8res ne devraient pas \u00eatre trop promptes \u00e0 licencier des travailleurs lorsque les conditions du march\u00e9 sont difficiles, mais devraient d&rsquo;abord explorer les possibilit\u00e9s de pr\u00e9server les emplois.&rdquo;<\/p><\/blockquote><p>Selon le Minist\u00e8re des ressources mini\u00e8res et de l&rsquo;\u00e9nergie, l&rsquo;Afrique du Sud est le plus grand producteur mondial de chromite et de ferrochrome, avec plus de 72 % des r\u00e9serves. La plus grande partie du ferrochrome est vendue \u00e0 la Chine qui d\u00e9veloppe sa propre industrie autour de ce m\u00e9tal. La Chine ach\u00e8te \u00e9galement du chrome \u00e0 d&rsquo;autres pays.<\/p>","protected":false},"featured_media":0,"template":"","issues":[],"companies":[60],"regions":[350,311],"sectors":[481,495,494],"article_tags":[],"class_list":["post-145768","article","type-article","status-publish","hentry","companies-glencore","regions-south-africa","regions-sub-saharan-africa","sectors-base-metals","sectors-mining","sectors-mining-and-dgojp"],"acf":[],"yoast_head":"<!-- This site is optimized with the Yoast SEO Premium plugin v27.1 (Yoast SEO v27.1) - https:\/\/yoast.com\/product\/yoast-seo-premium-wordpress\/ -->\n<title>Le syndicat n\u00e9gocie avec Glencore la r\u00e9duction des effectifs de sa fonderie sud-africaine - industriall-union<\/title>\n<meta name=\"description\" content=\"Les r\u00e9unions porteront sur le pr\u00e9avis donn\u00e9 \u00e0 la NUMSA par la fonderie de Rustenburg, selon lequel &ldquo;l&rsquo;entreprise n&rsquo;est plus viable\" \/>\n<meta name=\"robots\" content=\"index, follow, max-snippet:-1, max-image-preview:large, max-video-preview:-1\" \/>\n<link rel=\"canonical\" href=\"https:\/\/admin.industriall-union.org\/fr\/le-syndicat-negocie-avec-glencore-la-reduction-des-effectifs-de-sa-fonderie-sud-africaine\/\" \/>\n<meta property=\"og:locale\" content=\"fr_FR\" \/>\n<meta property=\"og:type\" content=\"article\" \/>\n<meta property=\"og:title\" content=\"Le syndicat n\u00e9gocie avec Glencore la r\u00e9duction des effectifs de sa fonderie sud-africaine\" \/>\n<meta property=\"og:description\" content=\"Les r\u00e9unions porteront sur le pr\u00e9avis donn\u00e9 \u00e0 la NUMSA par la fonderie de Rustenburg, selon lequel &ldquo;l&rsquo;entreprise n&rsquo;est plus viable\" \/>\n<meta property=\"og:url\" content=\"https:\/\/admin.industriall-union.org\/fr\/le-syndicat-negocie-avec-glencore-la-reduction-des-effectifs-de-sa-fonderie-sud-africaine\/\" \/>\n<meta property=\"og:site_name\" content=\"industriall-union\" \/>\n<meta property=\"article:modified_time\" content=\"2025-02-03T10:12:47+00:00\" \/>\n<meta name=\"twitter:card\" content=\"summary_large_image\" \/>\n<meta name=\"twitter:label1\" content=\"Est. reading time\" \/>\n\t<meta name=\"twitter:data1\" content=\"2 minutes\" \/>\n<script type=\"application\/ld+json\" class=\"yoast-schema-graph\">{\"@context\":\"https:\/\/schema.org\",\"@graph\":[{\"@type\":\"WebPage\",\"@id\":\"https:\/\/admin.industriall-union.org\/fr\/le-syndicat-negocie-avec-glencore-la-reduction-des-effectifs-de-sa-fonderie-sud-africaine\/\",\"url\":\"https:\/\/admin.industriall-union.org\/fr\/le-syndicat-negocie-avec-glencore-la-reduction-des-effectifs-de-sa-fonderie-sud-africaine\/\",\"name\":\"Le syndicat n\u00e9gocie avec Glencore la r\u00e9duction des effectifs de sa fonderie sud-africaine - industriall-union\",\"isPartOf\":{\"@id\":\"https:\/\/admin.industriall-union.org\/#website\"},\"datePublished\":\"2020-01-30T13:37:09+00:00\",\"dateModified\":\"2025-02-03T10:12:47+00:00\",\"description\":\"Les r\u00e9unions porteront sur le pr\u00e9avis donn\u00e9 \u00e0 la NUMSA par la fonderie de Rustenburg, selon lequel &ldquo;l&rsquo;entreprise n&rsquo;est plus viable\",\"breadcrumb\":{\"@id\":\"https:\/\/admin.industriall-union.org\/fr\/le-syndicat-negocie-avec-glencore-la-reduction-des-effectifs-de-sa-fonderie-sud-africaine\/#breadcrumb\"},\"inLanguage\":\"fr-FR\",\"potentialAction\":[{\"@type\":\"ReadAction\",\"target\":[\"https:\/\/admin.industriall-union.org\/fr\/le-syndicat-negocie-avec-glencore-la-reduction-des-effectifs-de-sa-fonderie-sud-africaine\/\"]}]},{\"@type\":\"BreadcrumbList\",\"@id\":\"https:\/\/admin.industriall-union.org\/fr\/le-syndicat-negocie-avec-glencore-la-reduction-des-effectifs-de-sa-fonderie-sud-africaine\/#breadcrumb\",\"itemListElement\":[{\"@type\":\"ListItem\",\"position\":1,\"name\":\"Home\",\"item\":\"https:\/\/admin.industriall-union.org\/\"},{\"@type\":\"ListItem\",\"position\":2,\"name\":\"Articles\",\"item\":\"https:\/\/admin.industriall-union.org\/article\/\"},{\"@type\":\"ListItem\",\"position\":3,\"name\":\"Le syndicat n\u00e9gocie avec Glencore la r\u00e9duction des effectifs de sa fonderie sud-africaine\"}]},{\"@type\":\"WebSite\",\"@id\":\"https:\/\/admin.industriall-union.org\/#website\",\"url\":\"https:\/\/admin.industriall-union.org\/\",\"name\":\"industriall-union\",\"description\":\"\",\"potentialAction\":[{\"@type\":\"SearchAction\",\"target\":{\"@type\":\"EntryPoint\",\"urlTemplate\":\"https:\/\/admin.industriall-union.org\/?s={search_term_string}\"},\"query-input\":{\"@type\":\"PropertyValueSpecification\",\"valueRequired\":true,\"valueName\":\"search_term_string\"}}],\"inLanguage\":\"fr-FR\"}]}<\/script>\n<!-- \/ Yoast SEO Premium plugin. -->","yoast_head_json":{"title":"Le syndicat n\u00e9gocie avec Glencore la r\u00e9duction des effectifs de sa fonderie sud-africaine - industriall-union","description":"Les r\u00e9unions porteront sur le pr\u00e9avis donn\u00e9 \u00e0 la NUMSA par la fonderie de Rustenburg, selon lequel &ldquo;l&rsquo;entreprise n&rsquo;est plus viable","robots":{"index":"index","follow":"follow","max-snippet":"max-snippet:-1","max-image-preview":"max-image-preview:large","max-video-preview":"max-video-preview:-1"},"canonical":"https:\/\/admin.industriall-union.org\/fr\/le-syndicat-negocie-avec-glencore-la-reduction-des-effectifs-de-sa-fonderie-sud-africaine\/","og_locale":"fr_FR","og_type":"article","og_title":"Le syndicat n\u00e9gocie avec Glencore la r\u00e9duction des effectifs de sa fonderie sud-africaine","og_description":"Les r\u00e9unions porteront sur le pr\u00e9avis donn\u00e9 \u00e0 la NUMSA par la fonderie de Rustenburg, selon lequel &ldquo;l&rsquo;entreprise n&rsquo;est plus viable","og_url":"https:\/\/admin.industriall-union.org\/fr\/le-syndicat-negocie-avec-glencore-la-reduction-des-effectifs-de-sa-fonderie-sud-africaine\/","og_site_name":"industriall-union","article_modified_time":"2025-02-03T10:12:47+00:00","twitter_card":"summary_large_image","twitter_misc":{"Est. reading time":"2 minutes"},"schema":{"@context":"https:\/\/schema.org","@graph":[{"@type":"WebPage","@id":"https:\/\/admin.industriall-union.org\/fr\/le-syndicat-negocie-avec-glencore-la-reduction-des-effectifs-de-sa-fonderie-sud-africaine\/","url":"https:\/\/admin.industriall-union.org\/fr\/le-syndicat-negocie-avec-glencore-la-reduction-des-effectifs-de-sa-fonderie-sud-africaine\/","name":"Le syndicat n\u00e9gocie avec Glencore la r\u00e9duction des effectifs de sa fonderie sud-africaine - industriall-union","isPartOf":{"@id":"https:\/\/admin.industriall-union.org\/#website"},"datePublished":"2020-01-30T13:37:09+00:00","dateModified":"2025-02-03T10:12:47+00:00","description":"Les r\u00e9unions porteront sur le pr\u00e9avis donn\u00e9 \u00e0 la NUMSA par la fonderie de Rustenburg, selon lequel &ldquo;l&rsquo;entreprise n&rsquo;est plus viable","breadcrumb":{"@id":"https:\/\/admin.industriall-union.org\/fr\/le-syndicat-negocie-avec-glencore-la-reduction-des-effectifs-de-sa-fonderie-sud-africaine\/#breadcrumb"},"inLanguage":"fr-FR","potentialAction":[{"@type":"ReadAction","target":["https:\/\/admin.industriall-union.org\/fr\/le-syndicat-negocie-avec-glencore-la-reduction-des-effectifs-de-sa-fonderie-sud-africaine\/"]}]},{"@type":"BreadcrumbList","@id":"https:\/\/admin.industriall-union.org\/fr\/le-syndicat-negocie-avec-glencore-la-reduction-des-effectifs-de-sa-fonderie-sud-africaine\/#breadcrumb","itemListElement":[{"@type":"ListItem","position":1,"name":"Home","item":"https:\/\/admin.industriall-union.org\/"},{"@type":"ListItem","position":2,"name":"Articles","item":"https:\/\/admin.industriall-union.org\/article\/"},{"@type":"ListItem","position":3,"name":"Le syndicat n\u00e9gocie avec Glencore la r\u00e9duction des effectifs de sa fonderie sud-africaine"}]},{"@type":"WebSite","@id":"https:\/\/admin.industriall-union.org\/#website","url":"https:\/\/admin.industriall-union.org\/","name":"industriall-union","description":"","potentialAction":[{"@type":"SearchAction","target":{"@type":"EntryPoint","urlTemplate":"https:\/\/admin.industriall-union.org\/?s={search_term_string}"},"query-input":{"@type":"PropertyValueSpecification","valueRequired":true,"valueName":"search_term_string"}}],"inLanguage":"fr-FR"}]}},"_links":{"self":[{"href":"https:\/\/admin.industriall-union.org\/fr\/wp-json\/wp\/v2\/article\/145768","targetHints":{"allow":["GET"]}}],"collection":[{"href":"https:\/\/admin.industriall-union.org\/fr\/wp-json\/wp\/v2\/article"}],"about":[{"href":"https:\/\/admin.industriall-union.org\/fr\/wp-json\/wp\/v2\/types\/article"}],"wp:attachment":[{"href":"https:\/\/admin.industriall-union.org\/fr\/wp-json\/wp\/v2\/media?parent=145768"}],"wp:term":[{"taxonomy":"issues","embeddable":true,"href":"https:\/\/admin.industriall-union.org\/fr\/wp-json\/wp\/v2\/issues?post=145768"},{"taxonomy":"companies","embeddable":true,"href":"https:\/\/admin.industriall-union.org\/fr\/wp-json\/wp\/v2\/companies?post=145768"},{"taxonomy":"regions","embeddable":true,"href":"https:\/\/admin.industriall-union.org\/fr\/wp-json\/wp\/v2\/regions?post=145768"},{"taxonomy":"sectors","embeddable":true,"href":"https:\/\/admin.industriall-union.org\/fr\/wp-json\/wp\/v2\/sectors?post=145768"},{"taxonomy":"article_tags","embeddable":true,"href":"https:\/\/admin.industriall-union.org\/fr\/wp-json\/wp\/v2\/article_tags?post=145768"}],"curies":[{"name":"wp","href":"https:\/\/api.w.org\/{rel}","templated":true}]}}