{"id":145766,"date":"2020-01-30T17:53:15","date_gmt":"2020-01-30T17:53:15","guid":{"rendered":"https:\/\/admin.industriall-union.org\/unifor-maintient-le-blocus-d-039-une-raffinerie-alors-que-le-lock-out-va-entrer-dans-son-deuxieme-mois\/"},"modified":"2025-02-03T10:09:50","modified_gmt":"2025-02-03T10:09:50","slug":"unifor-maintient-le-blocus-d-039-une-raffinerie-alors-que-le-lock-out-va-entrer-dans-son-deuxieme-mois","status":"publish","type":"article","link":"https:\/\/admin.industriall-union.org\/fr\/unifor-maintient-le-blocus-d-039-une-raffinerie-alors-que-le-lock-out-va-entrer-dans-son-deuxieme-mois\/","title":{"rendered":"Unifor maintient le blocus d&#039;une raffinerie alors que le lock-out va entrer dans son deuxi\u00e8me mois"},"content":{"rendered":"<p>Cette raffinerie appartient \u00e0 Federated Co-operatives Limited (FCL), qui s&#039;efforce de maintenir le site en activit\u00e9 et d&#039;assurer l&#039;approvisionnement en carburant des coop\u00e9ratives locales de l&#039;Ouest canadien en utilisant de la main-d&rsquo;\u0153uvre jaune, et parfois des h\u00e9licopt\u00e8res pour acheminer des fournitures et du personnel. Les membres du syndicat ont bloqu\u00e9 les points d&#039;acc\u00e8s \u00e0 la raffinerie et tent\u00e9 d&#039;emp\u00eacher le trafic. FCL a essay\u00e9 de faire interdire le blocus par la justice, mais il a \u00e9t\u00e9 d\u00e9bout\u00e9.<\/p><p>Lorsque le syndicat a refus\u00e9 une forte d\u00e9valorisation du plan de pension, la direction a rompu la n\u00e9gociation et impos\u00e9 un lock-out le 5 d\u00e9cembre. Unifor, affili\u00e9 \u00e0 IndustriALL avec ses 315.000 adh\u00e9rents, estime qu&#039;avec un b\u00e9n\u00e9fice de 959 millions de dollars canadiens en 2019, FCL peut tr\u00e8s bien conserver le plan de pension actuel.<\/p><figure class=\"imageArticle imageFull\"><img decoding=\"async\" alt=\"\" src=\"\/wp-content\/uploads\/images\/2020\/CANADA\/Coop_refinery\/81354022_2120388638064519_1822309925968150528_o.jpg\" style=\"width: 1200px;height: 801px\" \/><figcaption class=\"imageContent\"><div class=\"imageTitle\"><h1><em>Les membres d&#039;Unifor bloquent la raffinerie<\/em><\/h1><\/div><div class=\"imageCaption\"><p>Photo: Unifor 594<\/p><\/div><\/figcaption><\/figure><p>Unifor, qui appelle au boycott des coop\u00e9ratives, a aussi demand\u00e9 \u00e0 ses adh\u00e9rents de soutenir le piquet et le blocus de la raffinerie. D&#039;autres piquets de gr\u00e8ve ont \u00e9t\u00e9 organis\u00e9s devant d&#039;autres sites de FCL de l&#039;Ouest canadien. FCL a obtenu une injonction contre le syndicat, limitant le blocus \u00e0 des p\u00e9riodes de dix minutes. Le Pr\u00e9sident national d&#039;Unifor, Jerry Dias, et 13 autres adh\u00e9rents et responsables du syndicat ont \u00e9t\u00e9 arr\u00eat\u00e9s pour participation \u00e0 un blocus jug\u00e9 ill\u00e9gal par la police.<\/p><p>Les syndicalistes ont \u00e9t\u00e9 remis en libert\u00e9 en attente de leur jugement. Le Secr\u00e9taire g\u00e9n\u00e9ral d&#039;IndustriALL, Valter Sanches a envoy\u00e9 \u00e0 Jerry Dias <a href=\"\/wp-content\/uploads\/documents\/2020\/CANADA\/industriall_global_union_in_solidarity_with_locked-out_unifor_local_594_members_at_co-op_refinery_in_regina_22-01-2020.pdf\">une lettre<\/a> dans laquelle il \u00e9crit :<\/p><blockquote><p>&quot;IndustriALL Global Union exhorte la police de Regina \u00e0 ne pas recourir \u00e0 des m\u00e9thodes dures comme celles qui ont conduit \u00e0 l&#039;arrestation d&#039;adh\u00e9rents d&#039;Unifor qui manifestaient pacifiquement. Il faut que la police respecte scrupuleusement le droit des travailleurs de protester contre l&#039;attitude honteuse de Co-op Refinery.&quot;<\/p><\/blockquote><p>\u00c0 la suite d&#039;un autre incident, Unifor a \u00e9t\u00e9 condamn\u00e9e \u00e0 100.000 dollars canadiens pour outrage \u00e0 magistrat. Le syndicat a condamn\u00e9 l&#039;arrestation sans motif de ses membres par la police et le soutien apport\u00e9 \u00e0 l&#039;employeur par des politiciens de droite du Saskatchewan Party au pouvoir.<\/p><figure class=\"imageArticle imageFull\"><img decoding=\"async\" alt=\"\" src=\"\/wp-content\/uploads\/images\/2020\/CANADA\/Coop_refinery\/78788309_2067107703392613_5849844473328041984_o.jpg\" style=\"width: 1001px;height: 667px\" \/><figcaption class=\"imageContent\"><div class=\"imageCaption\"><p>Photo: Unifor 594<\/p><\/div><\/figcaption><\/figure><p>Le 29 janvier, Unifor a re\u00e7u une autre assignation pour outrage \u00e0 magistrat en raison de ces blocus. Le syndicat a fait savoir qu&#039;il y mettrait fin si FCL revenait \u00e0 la table des n\u00e9gociations. La direction a accept\u00e9 et une r\u00e9union est pr\u00e9vue pour le 31 janvier.<\/p><p>Jerry Dias a d\u00e9clar\u00e9 :<\/p><blockquote><p>&quot;Unifor a toujours voulu n\u00e9gocier un accord \u00e9quitable pour les travailleurs des raffineries, et c&#039;est la premi\u00e8re fois que nous voyons un signe faisant penser que FCL voudrait aussi un accord.&quot;<\/p><\/blockquote><p>Pour le Secr\u00e9taire g\u00e9n\u00e9ral adjoint d&#039;IndustriALL Kemal \u00d6zkan :&nbsp;<\/p><blockquote><p>&quot;Les coop\u00e9ratives sont suppos\u00e9es \u00eatre un mod\u00e8le d&#039;entreprise diff\u00e9rent, fond\u00e9 sur le respect de la communaut\u00e9 et une volont\u00e9 de coop\u00e9ration. Or, par son comportement, FCL fait montre d&#039;autant d&#039;antisyndicalisme qu&#039;une multinationale.<\/p><\/blockquote><blockquote><p>&quot;FCL a les moyens de payer des pensions d\u00e9centes aux travailleurs. Elle doit revenir \u00e0 la table des n\u00e9gociations et conclure une convention avec Unifor.&quot;<\/p><\/blockquote><figure class=\"imageArticle imageFull\"><img decoding=\"async\" alt=\"\" src=\"\/wp-content\/uploads\/images\/2020\/CANADA\/Coop_refinery\/79116030_2067106833392700_8872652605260562432_o.jpg\" style=\"width: 1001px;height: 667px\" \/><figcaption class=\"imageContent\"><div class=\"imageCaption\"><p>Photo: Unifor 594<\/p><\/div><\/figcaption><\/figure>","protected":false},"featured_media":0,"template":"","issues":[],"companies":[],"regions":[309,308],"sectors":[483],"article_tags":[],"class_list":["post-145766","article","type-article","status-publish","hentry","regions-canada","regions-north-america","sectors-energy-oil-gas-electricity-and-nuclear"],"acf":[],"yoast_head":"<!-- This site is optimized with the Yoast SEO Premium plugin v27.1 (Yoast SEO v27.1) - https:\/\/yoast.com\/product\/yoast-seo-premium-wordpress\/ -->\n<title>Unifor maintient le blocus d&#039;une raffinerie alors que le lock-out va entrer dans son deuxi\u00e8me mois - industriall-union<\/title>\n<meta name=\"description\" content=\"Cette raffinerie appartient \u00e0 Federated Co-operatives Limited (FCL), qui s&#039;efforce de maintenir le site en activit\u00e9 et d&#039;assurer\" \/>\n<meta name=\"robots\" content=\"index, follow, max-snippet:-1, max-image-preview:large, max-video-preview:-1\" \/>\n<link rel=\"canonical\" href=\"https:\/\/admin.industriall-union.org\/fr\/unifor-maintient-le-blocus-d-039-une-raffinerie-alors-que-le-lock-out-va-entrer-dans-son-deuxieme-mois\/\" \/>\n<meta property=\"og:locale\" content=\"fr_FR\" \/>\n<meta property=\"og:type\" content=\"article\" \/>\n<meta property=\"og:title\" content=\"Unifor maintient le blocus d&#039;une raffinerie alors que le lock-out va entrer dans son deuxi\u00e8me mois\" \/>\n<meta property=\"og:description\" content=\"Cette raffinerie appartient \u00e0 Federated Co-operatives Limited (FCL), qui s&#039;efforce de maintenir le site en activit\u00e9 et d&#039;assurer\" \/>\n<meta property=\"og:url\" content=\"https:\/\/admin.industriall-union.org\/fr\/unifor-maintient-le-blocus-d-039-une-raffinerie-alors-que-le-lock-out-va-entrer-dans-son-deuxieme-mois\/\" \/>\n<meta property=\"og:site_name\" content=\"industriall-union\" \/>\n<meta property=\"article:modified_time\" content=\"2025-02-03T10:09:50+00:00\" \/>\n<meta name=\"twitter:card\" content=\"summary_large_image\" \/>\n<meta name=\"twitter:label1\" content=\"Est. reading time\" \/>\n\t<meta name=\"twitter:data1\" content=\"3 minutes\" \/>\n<script type=\"application\/ld+json\" class=\"yoast-schema-graph\">{\"@context\":\"https:\/\/schema.org\",\"@graph\":[{\"@type\":\"WebPage\",\"@id\":\"https:\/\/admin.industriall-union.org\/fr\/unifor-maintient-le-blocus-d-039-une-raffinerie-alors-que-le-lock-out-va-entrer-dans-son-deuxieme-mois\/\",\"url\":\"https:\/\/admin.industriall-union.org\/fr\/unifor-maintient-le-blocus-d-039-une-raffinerie-alors-que-le-lock-out-va-entrer-dans-son-deuxieme-mois\/\",\"name\":\"Unifor maintient le blocus d&#039;une raffinerie alors que le lock-out va entrer dans son deuxi\u00e8me mois - industriall-union\",\"isPartOf\":{\"@id\":\"https:\/\/admin.industriall-union.org\/#website\"},\"datePublished\":\"2020-01-30T17:53:15+00:00\",\"dateModified\":\"2025-02-03T10:09:50+00:00\",\"description\":\"Cette raffinerie appartient \u00e0 Federated Co-operatives Limited (FCL), qui s&#039;efforce de maintenir le site en activit\u00e9 et d&#039;assurer\",\"breadcrumb\":{\"@id\":\"https:\/\/admin.industriall-union.org\/fr\/unifor-maintient-le-blocus-d-039-une-raffinerie-alors-que-le-lock-out-va-entrer-dans-son-deuxieme-mois\/#breadcrumb\"},\"inLanguage\":\"fr-FR\",\"potentialAction\":[{\"@type\":\"ReadAction\",\"target\":[\"https:\/\/admin.industriall-union.org\/fr\/unifor-maintient-le-blocus-d-039-une-raffinerie-alors-que-le-lock-out-va-entrer-dans-son-deuxieme-mois\/\"]}]},{\"@type\":\"BreadcrumbList\",\"@id\":\"https:\/\/admin.industriall-union.org\/fr\/unifor-maintient-le-blocus-d-039-une-raffinerie-alors-que-le-lock-out-va-entrer-dans-son-deuxieme-mois\/#breadcrumb\",\"itemListElement\":[{\"@type\":\"ListItem\",\"position\":1,\"name\":\"Home\",\"item\":\"https:\/\/admin.industriall-union.org\/\"},{\"@type\":\"ListItem\",\"position\":2,\"name\":\"Articles\",\"item\":\"https:\/\/admin.industriall-union.org\/article\/\"},{\"@type\":\"ListItem\",\"position\":3,\"name\":\"Unifor maintient le blocus d&#039;une raffinerie alors que le lock-out va entrer dans son deuxi\u00e8me mois\"}]},{\"@type\":\"WebSite\",\"@id\":\"https:\/\/admin.industriall-union.org\/#website\",\"url\":\"https:\/\/admin.industriall-union.org\/\",\"name\":\"industriall-union\",\"description\":\"\",\"potentialAction\":[{\"@type\":\"SearchAction\",\"target\":{\"@type\":\"EntryPoint\",\"urlTemplate\":\"https:\/\/admin.industriall-union.org\/?s={search_term_string}\"},\"query-input\":{\"@type\":\"PropertyValueSpecification\",\"valueRequired\":true,\"valueName\":\"search_term_string\"}}],\"inLanguage\":\"fr-FR\"}]}<\/script>\n<!-- \/ Yoast SEO Premium plugin. -->","yoast_head_json":{"title":"Unifor maintient le blocus d&#039;une raffinerie alors que le lock-out va entrer dans son deuxi\u00e8me mois - industriall-union","description":"Cette raffinerie appartient \u00e0 Federated Co-operatives Limited (FCL), qui s&#039;efforce de maintenir le site en activit\u00e9 et d&#039;assurer","robots":{"index":"index","follow":"follow","max-snippet":"max-snippet:-1","max-image-preview":"max-image-preview:large","max-video-preview":"max-video-preview:-1"},"canonical":"https:\/\/admin.industriall-union.org\/fr\/unifor-maintient-le-blocus-d-039-une-raffinerie-alors-que-le-lock-out-va-entrer-dans-son-deuxieme-mois\/","og_locale":"fr_FR","og_type":"article","og_title":"Unifor maintient le blocus d&#039;une raffinerie alors que le lock-out va entrer dans son deuxi\u00e8me mois","og_description":"Cette raffinerie appartient \u00e0 Federated Co-operatives Limited (FCL), qui s&#039;efforce de maintenir le site en activit\u00e9 et d&#039;assurer","og_url":"https:\/\/admin.industriall-union.org\/fr\/unifor-maintient-le-blocus-d-039-une-raffinerie-alors-que-le-lock-out-va-entrer-dans-son-deuxieme-mois\/","og_site_name":"industriall-union","article_modified_time":"2025-02-03T10:09:50+00:00","twitter_card":"summary_large_image","twitter_misc":{"Est. reading time":"3 minutes"},"schema":{"@context":"https:\/\/schema.org","@graph":[{"@type":"WebPage","@id":"https:\/\/admin.industriall-union.org\/fr\/unifor-maintient-le-blocus-d-039-une-raffinerie-alors-que-le-lock-out-va-entrer-dans-son-deuxieme-mois\/","url":"https:\/\/admin.industriall-union.org\/fr\/unifor-maintient-le-blocus-d-039-une-raffinerie-alors-que-le-lock-out-va-entrer-dans-son-deuxieme-mois\/","name":"Unifor maintient le blocus d&#039;une raffinerie alors que le lock-out va entrer dans son deuxi\u00e8me mois - industriall-union","isPartOf":{"@id":"https:\/\/admin.industriall-union.org\/#website"},"datePublished":"2020-01-30T17:53:15+00:00","dateModified":"2025-02-03T10:09:50+00:00","description":"Cette raffinerie appartient \u00e0 Federated Co-operatives Limited (FCL), qui s&#039;efforce de maintenir le site en activit\u00e9 et d&#039;assurer","breadcrumb":{"@id":"https:\/\/admin.industriall-union.org\/fr\/unifor-maintient-le-blocus-d-039-une-raffinerie-alors-que-le-lock-out-va-entrer-dans-son-deuxieme-mois\/#breadcrumb"},"inLanguage":"fr-FR","potentialAction":[{"@type":"ReadAction","target":["https:\/\/admin.industriall-union.org\/fr\/unifor-maintient-le-blocus-d-039-une-raffinerie-alors-que-le-lock-out-va-entrer-dans-son-deuxieme-mois\/"]}]},{"@type":"BreadcrumbList","@id":"https:\/\/admin.industriall-union.org\/fr\/unifor-maintient-le-blocus-d-039-une-raffinerie-alors-que-le-lock-out-va-entrer-dans-son-deuxieme-mois\/#breadcrumb","itemListElement":[{"@type":"ListItem","position":1,"name":"Home","item":"https:\/\/admin.industriall-union.org\/"},{"@type":"ListItem","position":2,"name":"Articles","item":"https:\/\/admin.industriall-union.org\/article\/"},{"@type":"ListItem","position":3,"name":"Unifor maintient le blocus d&#039;une raffinerie alors que le lock-out va entrer dans son deuxi\u00e8me mois"}]},{"@type":"WebSite","@id":"https:\/\/admin.industriall-union.org\/#website","url":"https:\/\/admin.industriall-union.org\/","name":"industriall-union","description":"","potentialAction":[{"@type":"SearchAction","target":{"@type":"EntryPoint","urlTemplate":"https:\/\/admin.industriall-union.org\/?s={search_term_string}"},"query-input":{"@type":"PropertyValueSpecification","valueRequired":true,"valueName":"search_term_string"}}],"inLanguage":"fr-FR"}]}},"_links":{"self":[{"href":"https:\/\/admin.industriall-union.org\/fr\/wp-json\/wp\/v2\/article\/145766","targetHints":{"allow":["GET"]}}],"collection":[{"href":"https:\/\/admin.industriall-union.org\/fr\/wp-json\/wp\/v2\/article"}],"about":[{"href":"https:\/\/admin.industriall-union.org\/fr\/wp-json\/wp\/v2\/types\/article"}],"wp:attachment":[{"href":"https:\/\/admin.industriall-union.org\/fr\/wp-json\/wp\/v2\/media?parent=145766"}],"wp:term":[{"taxonomy":"issues","embeddable":true,"href":"https:\/\/admin.industriall-union.org\/fr\/wp-json\/wp\/v2\/issues?post=145766"},{"taxonomy":"companies","embeddable":true,"href":"https:\/\/admin.industriall-union.org\/fr\/wp-json\/wp\/v2\/companies?post=145766"},{"taxonomy":"regions","embeddable":true,"href":"https:\/\/admin.industriall-union.org\/fr\/wp-json\/wp\/v2\/regions?post=145766"},{"taxonomy":"sectors","embeddable":true,"href":"https:\/\/admin.industriall-union.org\/fr\/wp-json\/wp\/v2\/sectors?post=145766"},{"taxonomy":"article_tags","embeddable":true,"href":"https:\/\/admin.industriall-union.org\/fr\/wp-json\/wp\/v2\/article_tags?post=145766"}],"curies":[{"name":"wp","href":"https:\/\/api.w.org\/{rel}","templated":true}]}}