{"id":145716,"date":"2020-03-05T09:21:25","date_gmt":"2020-03-05T09:21:25","guid":{"rendered":"https:\/\/admin.industriall-union.org\/renforcer-la-puissance-syndicale-dans-le-sud-est-de-l-europe\/"},"modified":"2025-02-03T09:32:48","modified_gmt":"2025-02-03T09:32:48","slug":"renforcer-la-puissance-syndicale-dans-le-sud-est-de-l-europe","status":"publish","type":"article","link":"https:\/\/admin.industriall-union.org\/fr\/renforcer-la-puissance-syndicale-dans-le-sud-est-de-l-europe\/","title":{"rendered":"Renforcer la puissance syndicale dans le sud-est de l\u2019Europe"},"content":{"rendered":"<p>Sur les 600.000 travailleurs du textile, de l&rsquo;habillement et de la chaussure enregistr\u00e9s en Europe du Sud-Est, peu sont syndiqu\u00e9s et les conditions de travail sont mauvaises. Il est donc urgent d&rsquo;y renforcer la puissance syndicale afin de garantir des salaires d\u00e9cents et des lieux de travail plus s\u00fbrs et plus sains pour ces travailleurs et travailleuses.<\/p><p>Cela signifie qu&rsquo;il faut donner aux syndicats les moyens de planifier, concevoir et mettre en \u0153uvre des campagnes de syndicalisation. En d\u00e9pit des nombreux d\u00e9fis, il existe pour les syndicats des opportunit\u00e9s de se d\u00e9velopper.<\/p><p>Ce guide est le r\u00e9sultat de plusieurs projets de syndicalisation men\u00e9s dans le sud-est de l&rsquo;Europe. Il donne un aper\u00e7u du secteur textile dans le monde et en Europe du Sud-Est, en mettant particuli\u00e8rement l&rsquo;accent sur les accords-cadres mondiaux (ACM) et sur l&rsquo;initiative ACT pour traiter de la question des salaires vitaux dans le secteur. Plusieurs grandes marques comptant un ACM sont actives dans la r\u00e9gion par le biais de leurs cha\u00eenes d&rsquo;approvisionnement.<\/p><p>Le guide pr\u00e9sente \u00e9galement les diff\u00e9rentes \u00e9tapes pour pr\u00e9parer, r\u00e9aliser et remporter une campagne de syndicalisation. Ces \u00e9tapes sont accompagn\u00e9es de ressources suppl\u00e9mentaires, telles que la mani\u00e8re de faire des recherches sur une entreprise, une liste de contr\u00f4le pour identifier les bonnes questions, etc.<\/p><p>Kemal \u00d6zkan, Secr\u00e9taire g\u00e9n\u00e9ral adjoint d&rsquo;IndustriALL Global Union, confie&nbsp;:<\/p><blockquote><p>&ldquo;S&rsquo;organiser au plan syndical n&rsquo;est pas facile, mais comme le montrent les exemples pr\u00e9sent\u00e9s dans ce guide, il est possible de renforcer le pouvoir des syndicats dans les usines de textile, de v\u00eatements et de chaussures. Cela n\u00e9cessite de la d\u00e9termination, de l&rsquo;inventivit\u00e9 et une planification strat\u00e9gique.&rdquo;<\/p><\/blockquote><p>Luc Triangle, Secr\u00e9taire g\u00e9n\u00e9ral d&rsquo;industriAll Europe indique&nbsp;:<\/p><blockquote><p>&ldquo;Le succ\u00e8s de notre projet est tr\u00e8s encourageant. Quelque 6.500 nouveaux membres ont \u00e9t\u00e9 recrut\u00e9s dans le secteur du textile en Europe du Sud-Est gr\u00e2ce \u00e0 ce projet. Trente-six conventions collectives d&rsquo;entreprise et une convention collective sectorielle ont \u00e9t\u00e9 sign\u00e9es en Bulgarie et des pourparlers ont \u00e9t\u00e9 lanc\u00e9s sur des conventions sectorielles en Albanie et en Croatie. Nous esp\u00e9rons que le nouveau guide pratique aidera de nombreux autres affili\u00e9s \u00e0 mener des campagnes de syndicalisation r\u00e9ussies.&rdquo;<\/p><\/blockquote><p>Ce guide est produit dans le cadre d&rsquo;un projet financ\u00e9 par l&rsquo;UE, &ldquo;Renforcer la capacit\u00e9 des syndicats en Europe du Sud-Est \u00e0 am\u00e9liorer les salaires et les conditions de travail dans les secteurs de l&rsquo;habillement et de la chaussure&rdquo;, r\u00e9alis\u00e9 dans le cadre d&#039;une collaboration entre IndustriALL Global Union et IndustriAll Europe. Les syndicats de sept pays ont particip\u00e9 au projet&nbsp;: Albanie, Bulgarie, Croatie, Mac\u00e9doine du Nord, Mont\u00e9n\u00e9gro, Roumanie et Serbie.<\/p>","protected":false},"featured_media":0,"template":"","issues":[396],"companies":[],"regions":[202],"sectors":[464],"article_tags":[],"class_list":["post-145716","article","type-article","status-publish","hentry","issues-building-strong-unions","regions-europe","sectors-textile-leather-garment-shoes-and-textile-services"],"acf":[],"yoast_head":"<!-- This site is optimized with the Yoast SEO Premium plugin v27.1 (Yoast SEO v27.1) - https:\/\/yoast.com\/product\/yoast-seo-premium-wordpress\/ -->\n<title>Renforcer la puissance syndicale dans le sud-est de l\u2019Europe - industriall-union<\/title>\n<meta name=\"description\" content=\"Sur les 600.000 travailleurs du textile, de l&rsquo;habillement et de la chaussure enregistr\u00e9s en Europe du Sud-Est, peu sont syndiqu\u00e9s et les conditions\" \/>\n<meta name=\"robots\" content=\"index, follow, max-snippet:-1, max-image-preview:large, max-video-preview:-1\" \/>\n<link rel=\"canonical\" href=\"https:\/\/admin.industriall-union.org\/fr\/renforcer-la-puissance-syndicale-dans-le-sud-est-de-l-europe\/\" \/>\n<meta property=\"og:locale\" content=\"fr_FR\" \/>\n<meta property=\"og:type\" content=\"article\" \/>\n<meta property=\"og:title\" content=\"Renforcer la puissance syndicale dans le sud-est de l\u2019Europe\" \/>\n<meta property=\"og:description\" content=\"Sur les 600.000 travailleurs du textile, de l&rsquo;habillement et de la chaussure enregistr\u00e9s en Europe du Sud-Est, peu sont syndiqu\u00e9s et les conditions\" \/>\n<meta property=\"og:url\" content=\"https:\/\/admin.industriall-union.org\/fr\/renforcer-la-puissance-syndicale-dans-le-sud-est-de-l-europe\/\" \/>\n<meta property=\"og:site_name\" content=\"industriall-union\" \/>\n<meta property=\"article:modified_time\" content=\"2025-02-03T09:32:48+00:00\" \/>\n<meta name=\"twitter:card\" content=\"summary_large_image\" \/>\n<meta name=\"twitter:label1\" content=\"Est. reading time\" \/>\n\t<meta name=\"twitter:data1\" content=\"3 minutes\" \/>\n<script type=\"application\/ld+json\" class=\"yoast-schema-graph\">{\"@context\":\"https:\/\/schema.org\",\"@graph\":[{\"@type\":\"WebPage\",\"@id\":\"https:\/\/admin.industriall-union.org\/fr\/renforcer-la-puissance-syndicale-dans-le-sud-est-de-l-europe\/\",\"url\":\"https:\/\/admin.industriall-union.org\/fr\/renforcer-la-puissance-syndicale-dans-le-sud-est-de-l-europe\/\",\"name\":\"Renforcer la puissance syndicale dans le sud-est de l\u2019Europe - industriall-union\",\"isPartOf\":{\"@id\":\"https:\/\/admin.industriall-union.org\/#website\"},\"datePublished\":\"2020-03-05T09:21:25+00:00\",\"dateModified\":\"2025-02-03T09:32:48+00:00\",\"description\":\"Sur les 600.000 travailleurs du textile, de l&rsquo;habillement et de la chaussure enregistr\u00e9s en Europe du Sud-Est, peu sont syndiqu\u00e9s et les conditions\",\"breadcrumb\":{\"@id\":\"https:\/\/admin.industriall-union.org\/fr\/renforcer-la-puissance-syndicale-dans-le-sud-est-de-l-europe\/#breadcrumb\"},\"inLanguage\":\"fr-FR\",\"potentialAction\":[{\"@type\":\"ReadAction\",\"target\":[\"https:\/\/admin.industriall-union.org\/fr\/renforcer-la-puissance-syndicale-dans-le-sud-est-de-l-europe\/\"]}]},{\"@type\":\"BreadcrumbList\",\"@id\":\"https:\/\/admin.industriall-union.org\/fr\/renforcer-la-puissance-syndicale-dans-le-sud-est-de-l-europe\/#breadcrumb\",\"itemListElement\":[{\"@type\":\"ListItem\",\"position\":1,\"name\":\"Home\",\"item\":\"https:\/\/admin.industriall-union.org\/\"},{\"@type\":\"ListItem\",\"position\":2,\"name\":\"Articles\",\"item\":\"https:\/\/admin.industriall-union.org\/article\/\"},{\"@type\":\"ListItem\",\"position\":3,\"name\":\"Renforcer la puissance syndicale dans le sud-est de l\u2019Europe\"}]},{\"@type\":\"WebSite\",\"@id\":\"https:\/\/admin.industriall-union.org\/#website\",\"url\":\"https:\/\/admin.industriall-union.org\/\",\"name\":\"industriall-union\",\"description\":\"\",\"potentialAction\":[{\"@type\":\"SearchAction\",\"target\":{\"@type\":\"EntryPoint\",\"urlTemplate\":\"https:\/\/admin.industriall-union.org\/?s={search_term_string}\"},\"query-input\":{\"@type\":\"PropertyValueSpecification\",\"valueRequired\":true,\"valueName\":\"search_term_string\"}}],\"inLanguage\":\"fr-FR\"}]}<\/script>\n<!-- \/ Yoast SEO Premium plugin. -->","yoast_head_json":{"title":"Renforcer la puissance syndicale dans le sud-est de l\u2019Europe - industriall-union","description":"Sur les 600.000 travailleurs du textile, de l&rsquo;habillement et de la chaussure enregistr\u00e9s en Europe du Sud-Est, peu sont syndiqu\u00e9s et les conditions","robots":{"index":"index","follow":"follow","max-snippet":"max-snippet:-1","max-image-preview":"max-image-preview:large","max-video-preview":"max-video-preview:-1"},"canonical":"https:\/\/admin.industriall-union.org\/fr\/renforcer-la-puissance-syndicale-dans-le-sud-est-de-l-europe\/","og_locale":"fr_FR","og_type":"article","og_title":"Renforcer la puissance syndicale dans le sud-est de l\u2019Europe","og_description":"Sur les 600.000 travailleurs du textile, de l&rsquo;habillement et de la chaussure enregistr\u00e9s en Europe du Sud-Est, peu sont syndiqu\u00e9s et les conditions","og_url":"https:\/\/admin.industriall-union.org\/fr\/renforcer-la-puissance-syndicale-dans-le-sud-est-de-l-europe\/","og_site_name":"industriall-union","article_modified_time":"2025-02-03T09:32:48+00:00","twitter_card":"summary_large_image","twitter_misc":{"Est. reading time":"3 minutes"},"schema":{"@context":"https:\/\/schema.org","@graph":[{"@type":"WebPage","@id":"https:\/\/admin.industriall-union.org\/fr\/renforcer-la-puissance-syndicale-dans-le-sud-est-de-l-europe\/","url":"https:\/\/admin.industriall-union.org\/fr\/renforcer-la-puissance-syndicale-dans-le-sud-est-de-l-europe\/","name":"Renforcer la puissance syndicale dans le sud-est de l\u2019Europe - industriall-union","isPartOf":{"@id":"https:\/\/admin.industriall-union.org\/#website"},"datePublished":"2020-03-05T09:21:25+00:00","dateModified":"2025-02-03T09:32:48+00:00","description":"Sur les 600.000 travailleurs du textile, de l&rsquo;habillement et de la chaussure enregistr\u00e9s en Europe du Sud-Est, peu sont syndiqu\u00e9s et les conditions","breadcrumb":{"@id":"https:\/\/admin.industriall-union.org\/fr\/renforcer-la-puissance-syndicale-dans-le-sud-est-de-l-europe\/#breadcrumb"},"inLanguage":"fr-FR","potentialAction":[{"@type":"ReadAction","target":["https:\/\/admin.industriall-union.org\/fr\/renforcer-la-puissance-syndicale-dans-le-sud-est-de-l-europe\/"]}]},{"@type":"BreadcrumbList","@id":"https:\/\/admin.industriall-union.org\/fr\/renforcer-la-puissance-syndicale-dans-le-sud-est-de-l-europe\/#breadcrumb","itemListElement":[{"@type":"ListItem","position":1,"name":"Home","item":"https:\/\/admin.industriall-union.org\/"},{"@type":"ListItem","position":2,"name":"Articles","item":"https:\/\/admin.industriall-union.org\/article\/"},{"@type":"ListItem","position":3,"name":"Renforcer la puissance syndicale dans le sud-est de l\u2019Europe"}]},{"@type":"WebSite","@id":"https:\/\/admin.industriall-union.org\/#website","url":"https:\/\/admin.industriall-union.org\/","name":"industriall-union","description":"","potentialAction":[{"@type":"SearchAction","target":{"@type":"EntryPoint","urlTemplate":"https:\/\/admin.industriall-union.org\/?s={search_term_string}"},"query-input":{"@type":"PropertyValueSpecification","valueRequired":true,"valueName":"search_term_string"}}],"inLanguage":"fr-FR"}]}},"_links":{"self":[{"href":"https:\/\/admin.industriall-union.org\/fr\/wp-json\/wp\/v2\/article\/145716","targetHints":{"allow":["GET"]}}],"collection":[{"href":"https:\/\/admin.industriall-union.org\/fr\/wp-json\/wp\/v2\/article"}],"about":[{"href":"https:\/\/admin.industriall-union.org\/fr\/wp-json\/wp\/v2\/types\/article"}],"wp:attachment":[{"href":"https:\/\/admin.industriall-union.org\/fr\/wp-json\/wp\/v2\/media?parent=145716"}],"wp:term":[{"taxonomy":"issues","embeddable":true,"href":"https:\/\/admin.industriall-union.org\/fr\/wp-json\/wp\/v2\/issues?post=145716"},{"taxonomy":"companies","embeddable":true,"href":"https:\/\/admin.industriall-union.org\/fr\/wp-json\/wp\/v2\/companies?post=145716"},{"taxonomy":"regions","embeddable":true,"href":"https:\/\/admin.industriall-union.org\/fr\/wp-json\/wp\/v2\/regions?post=145716"},{"taxonomy":"sectors","embeddable":true,"href":"https:\/\/admin.industriall-union.org\/fr\/wp-json\/wp\/v2\/sectors?post=145716"},{"taxonomy":"article_tags","embeddable":true,"href":"https:\/\/admin.industriall-union.org\/fr\/wp-json\/wp\/v2\/article_tags?post=145716"}],"curies":[{"name":"wp","href":"https:\/\/api.w.org\/{rel}","templated":true}]}}