{"id":145664,"date":"2020-04-03T13:19:08","date_gmt":"2020-04-03T13:19:08","guid":{"rendered":"https:\/\/admin.industriall-union.org\/namibie-la-fermeture-d-une-mine-va-entrainer-le-licenciement-de-1-500-travailleurs\/"},"modified":"2025-02-01T15:45:05","modified_gmt":"2025-02-01T15:45:05","slug":"namibie-la-fermeture-d-une-mine-va-entrainer-le-licenciement-de-1-500-travailleurs","status":"publish","type":"article","link":"https:\/\/admin.industriall-union.org\/fr\/namibie-la-fermeture-d-une-mine-va-entrainer-le-licenciement-de-1-500-travailleurs\/","title":{"rendered":"Namibie: la fermeture d\u2019une mine va entra\u00eener le licenciement de 1 500 travailleurs"},"content":{"rendered":"<p><\/p><p><em>Reportage de Namibian Broadcasting Corporation (la soci\u00e9t\u00e9 de radiodiffusion nationale)<\/em><\/p><p>Le Syndicat des mineurs de Namibie (MUN) a indiqu\u00e9 que la d\u00e9cision a \u00e9t\u00e9 prise avant que d&rsquo;autres solutions visant \u00e0 garder la mine op\u00e9rationnelle ne soient \u00e9puis\u00e9es, y compris sa vente. Selon MUN, la mine, qui poss\u00e8de un corps de minerai superg\u00e8ne de zinc, des oxydes de zinc miniers et une raffinerie, pourrait trouver sans difficult\u00e9 d&rsquo;autres investisseurs.<\/p><p>La fermeture de la mine entra\u00eenera la perte de plus de 1 500 emplois. L&rsquo;une des entreprises sous-trait\u00e9es, Basil Read, dont le contrat a \u00e9t\u00e9 r\u00e9sili\u00e9, va licencier environ 400 travailleurs.<\/p><p>Skorpion Zinc a d\u00e9clar\u00e9 que la d\u00e9cision de stopper l&rsquo;exploitation de la mine \u00e9tait due \u00e0 l&rsquo;\u00e9tat d&rsquo;urgence partiel instaur\u00e9 en Namibie du 27 mars au 17 avril pour contenir la COVID-19.<\/p><p>Le pr\u00e9sident de la branche syndicale de MUN \u00e0 Skorpion, Peterson Kambinda, a d\u00e9clar\u00e9:<\/p><blockquote><p>&laquo; Malgr\u00e9 la mise en \u0153uvre d&rsquo;un accord tripartite visant \u00e0 maintenir des relations de travail harmonieuses, ainsi qu&rsquo;\u00e0 assurer la s\u00e9curit\u00e9 de l&rsquo;emploi et la responsabilit\u00e9 des entreprises dans le secteur du travail et de l&rsquo;emploi durant l&rsquo;\u00e9tat d&rsquo;urgence, Vedanta Resources (propri\u00e9taire de la mine) a pris une d\u00e9cision qui fera perdre leur emploi \u00e0 des milliers de Namibiens.<\/p><p>&laquo;&nbsp;Le gouvernement namibien doit intervenir pour stopper les licenciements. &raquo;<\/p><\/blockquote><p>Glen Mpufane, directeur en charge du secteur minier \u00e0 IndustriALL, a indiqu\u00e9:<\/p><blockquote><p>&laquo; Au niveau mondial, les compagnies mini\u00e8res \u00e9laborent des protocoles COVID-19 pour sauvegarder l&rsquo;emploi. La plupart de ces protocoles pr\u00e9voient des moratoires sur les compressions d&rsquo;emploi face \u00e0 la pand\u00e9mie. Il est scandaleux que Vedanta Resources annonce des suppressions d&rsquo;emploi en pleine crise. Vedanta Resources n&rsquo;est pas en phase avec les d\u00e9cisions prises au niveau mondial et doit \u00eatre condamn\u00e9e.&nbsp;&raquo;<\/p><\/blockquote><p>Skorpion Zinc pr\u00e9tend que la fermeture est due aux \u00e9boulements survenus au niveau des puits de la mine \u00e0 ciel ouvert qui rendent son exploitation dangereuse. Selon la compagnie, il n&rsquo;est pas possible de construire un passage s\u00e9curis\u00e9 en raison de la nature des roches dont le manque de solidit\u00e9 ne leur permet pas de supporter des ouvertures ou des charges lourdes sans s&rsquo;effondrer.<\/p><p>Cependant, MUN indique que trois autres mines, situ\u00e9es sur les m\u00eames formations g\u00e9ologiques dans la r\u00e9gion, fonctionnent. Le syndicat affirme que d&rsquo;autres m\u00e9thodes mini\u00e8res plus s\u00fbres peuvent \u00eatre explor\u00e9es pour sauver l&rsquo;emploi.<\/p>","protected":false},"featured_media":0,"template":"","issues":[362,415],"companies":[],"regions":[341],"sectors":[],"article_tags":[],"class_list":["post-145664","article","type-article","status-publish","hentry","issues-covid-19","issues-stop-precarious-work","regions-namibia"],"acf":[],"yoast_head":"<!-- This site is optimized with the Yoast SEO Premium plugin v27.1 (Yoast SEO v27.1) - https:\/\/yoast.com\/product\/yoast-seo-premium-wordpress\/ -->\n<title>Namibie: la fermeture d\u2019une mine va entra\u00eener le licenciement de 1 500 travailleurs - industriall-union<\/title>\n<meta name=\"description\" content=\"Reportage de Namibian Broadcasting Corporation (la soci\u00e9t\u00e9 de radiodiffusion nationale)Le Syndicat des mineurs de Namibie (MUN) a indiqu\u00e9 que la d\u00e9cision\" \/>\n<meta name=\"robots\" content=\"index, follow, max-snippet:-1, max-image-preview:large, max-video-preview:-1\" \/>\n<link rel=\"canonical\" href=\"https:\/\/admin.industriall-union.org\/fr\/namibie-la-fermeture-d-une-mine-va-entrainer-le-licenciement-de-1-500-travailleurs\/\" \/>\n<meta property=\"og:locale\" content=\"fr_FR\" \/>\n<meta property=\"og:type\" content=\"article\" \/>\n<meta property=\"og:title\" content=\"Namibie: la fermeture d\u2019une mine va entra\u00eener le licenciement de 1 500 travailleurs\" \/>\n<meta property=\"og:description\" content=\"Reportage de Namibian Broadcasting Corporation (la soci\u00e9t\u00e9 de radiodiffusion nationale)Le Syndicat des mineurs de Namibie (MUN) a indiqu\u00e9 que la d\u00e9cision\" \/>\n<meta property=\"og:url\" content=\"https:\/\/admin.industriall-union.org\/fr\/namibie-la-fermeture-d-une-mine-va-entrainer-le-licenciement-de-1-500-travailleurs\/\" \/>\n<meta property=\"og:site_name\" content=\"industriall-union\" \/>\n<meta property=\"article:modified_time\" content=\"2025-02-01T15:45:05+00:00\" \/>\n<meta name=\"twitter:card\" content=\"summary_large_image\" \/>\n<meta name=\"twitter:label1\" content=\"Est. reading time\" \/>\n\t<meta name=\"twitter:data1\" content=\"2 minutes\" \/>\n<script type=\"application\/ld+json\" class=\"yoast-schema-graph\">{\"@context\":\"https:\/\/schema.org\",\"@graph\":[{\"@type\":\"WebPage\",\"@id\":\"https:\/\/admin.industriall-union.org\/fr\/namibie-la-fermeture-d-une-mine-va-entrainer-le-licenciement-de-1-500-travailleurs\/\",\"url\":\"https:\/\/admin.industriall-union.org\/fr\/namibie-la-fermeture-d-une-mine-va-entrainer-le-licenciement-de-1-500-travailleurs\/\",\"name\":\"Namibie: la fermeture d\u2019une mine va entra\u00eener le licenciement de 1 500 travailleurs - industriall-union\",\"isPartOf\":{\"@id\":\"https:\/\/admin.industriall-union.org\/#website\"},\"datePublished\":\"2020-04-03T13:19:08+00:00\",\"dateModified\":\"2025-02-01T15:45:05+00:00\",\"description\":\"Reportage de Namibian Broadcasting Corporation (la soci\u00e9t\u00e9 de radiodiffusion nationale)Le Syndicat des mineurs de Namibie (MUN) a indiqu\u00e9 que la d\u00e9cision\",\"breadcrumb\":{\"@id\":\"https:\/\/admin.industriall-union.org\/fr\/namibie-la-fermeture-d-une-mine-va-entrainer-le-licenciement-de-1-500-travailleurs\/#breadcrumb\"},\"inLanguage\":\"fr-FR\",\"potentialAction\":[{\"@type\":\"ReadAction\",\"target\":[\"https:\/\/admin.industriall-union.org\/fr\/namibie-la-fermeture-d-une-mine-va-entrainer-le-licenciement-de-1-500-travailleurs\/\"]}]},{\"@type\":\"BreadcrumbList\",\"@id\":\"https:\/\/admin.industriall-union.org\/fr\/namibie-la-fermeture-d-une-mine-va-entrainer-le-licenciement-de-1-500-travailleurs\/#breadcrumb\",\"itemListElement\":[{\"@type\":\"ListItem\",\"position\":1,\"name\":\"Home\",\"item\":\"https:\/\/admin.industriall-union.org\/\"},{\"@type\":\"ListItem\",\"position\":2,\"name\":\"Articles\",\"item\":\"https:\/\/admin.industriall-union.org\/article\/\"},{\"@type\":\"ListItem\",\"position\":3,\"name\":\"Namibie: la fermeture d\u2019une mine va entra\u00eener le licenciement de 1 500 travailleurs\"}]},{\"@type\":\"WebSite\",\"@id\":\"https:\/\/admin.industriall-union.org\/#website\",\"url\":\"https:\/\/admin.industriall-union.org\/\",\"name\":\"industriall-union\",\"description\":\"\",\"potentialAction\":[{\"@type\":\"SearchAction\",\"target\":{\"@type\":\"EntryPoint\",\"urlTemplate\":\"https:\/\/admin.industriall-union.org\/?s={search_term_string}\"},\"query-input\":{\"@type\":\"PropertyValueSpecification\",\"valueRequired\":true,\"valueName\":\"search_term_string\"}}],\"inLanguage\":\"fr-FR\"}]}<\/script>\n<!-- \/ Yoast SEO Premium plugin. -->","yoast_head_json":{"title":"Namibie: la fermeture d\u2019une mine va entra\u00eener le licenciement de 1 500 travailleurs - industriall-union","description":"Reportage de Namibian Broadcasting Corporation (la soci\u00e9t\u00e9 de radiodiffusion nationale)Le Syndicat des mineurs de Namibie (MUN) a indiqu\u00e9 que la d\u00e9cision","robots":{"index":"index","follow":"follow","max-snippet":"max-snippet:-1","max-image-preview":"max-image-preview:large","max-video-preview":"max-video-preview:-1"},"canonical":"https:\/\/admin.industriall-union.org\/fr\/namibie-la-fermeture-d-une-mine-va-entrainer-le-licenciement-de-1-500-travailleurs\/","og_locale":"fr_FR","og_type":"article","og_title":"Namibie: la fermeture d\u2019une mine va entra\u00eener le licenciement de 1 500 travailleurs","og_description":"Reportage de Namibian Broadcasting Corporation (la soci\u00e9t\u00e9 de radiodiffusion nationale)Le Syndicat des mineurs de Namibie (MUN) a indiqu\u00e9 que la d\u00e9cision","og_url":"https:\/\/admin.industriall-union.org\/fr\/namibie-la-fermeture-d-une-mine-va-entrainer-le-licenciement-de-1-500-travailleurs\/","og_site_name":"industriall-union","article_modified_time":"2025-02-01T15:45:05+00:00","twitter_card":"summary_large_image","twitter_misc":{"Est. reading time":"2 minutes"},"schema":{"@context":"https:\/\/schema.org","@graph":[{"@type":"WebPage","@id":"https:\/\/admin.industriall-union.org\/fr\/namibie-la-fermeture-d-une-mine-va-entrainer-le-licenciement-de-1-500-travailleurs\/","url":"https:\/\/admin.industriall-union.org\/fr\/namibie-la-fermeture-d-une-mine-va-entrainer-le-licenciement-de-1-500-travailleurs\/","name":"Namibie: la fermeture d\u2019une mine va entra\u00eener le licenciement de 1 500 travailleurs - industriall-union","isPartOf":{"@id":"https:\/\/admin.industriall-union.org\/#website"},"datePublished":"2020-04-03T13:19:08+00:00","dateModified":"2025-02-01T15:45:05+00:00","description":"Reportage de Namibian Broadcasting Corporation (la soci\u00e9t\u00e9 de radiodiffusion nationale)Le Syndicat des mineurs de Namibie (MUN) a indiqu\u00e9 que la d\u00e9cision","breadcrumb":{"@id":"https:\/\/admin.industriall-union.org\/fr\/namibie-la-fermeture-d-une-mine-va-entrainer-le-licenciement-de-1-500-travailleurs\/#breadcrumb"},"inLanguage":"fr-FR","potentialAction":[{"@type":"ReadAction","target":["https:\/\/admin.industriall-union.org\/fr\/namibie-la-fermeture-d-une-mine-va-entrainer-le-licenciement-de-1-500-travailleurs\/"]}]},{"@type":"BreadcrumbList","@id":"https:\/\/admin.industriall-union.org\/fr\/namibie-la-fermeture-d-une-mine-va-entrainer-le-licenciement-de-1-500-travailleurs\/#breadcrumb","itemListElement":[{"@type":"ListItem","position":1,"name":"Home","item":"https:\/\/admin.industriall-union.org\/"},{"@type":"ListItem","position":2,"name":"Articles","item":"https:\/\/admin.industriall-union.org\/article\/"},{"@type":"ListItem","position":3,"name":"Namibie: la fermeture d\u2019une mine va entra\u00eener le licenciement de 1 500 travailleurs"}]},{"@type":"WebSite","@id":"https:\/\/admin.industriall-union.org\/#website","url":"https:\/\/admin.industriall-union.org\/","name":"industriall-union","description":"","potentialAction":[{"@type":"SearchAction","target":{"@type":"EntryPoint","urlTemplate":"https:\/\/admin.industriall-union.org\/?s={search_term_string}"},"query-input":{"@type":"PropertyValueSpecification","valueRequired":true,"valueName":"search_term_string"}}],"inLanguage":"fr-FR"}]}},"_links":{"self":[{"href":"https:\/\/admin.industriall-union.org\/fr\/wp-json\/wp\/v2\/article\/145664","targetHints":{"allow":["GET"]}}],"collection":[{"href":"https:\/\/admin.industriall-union.org\/fr\/wp-json\/wp\/v2\/article"}],"about":[{"href":"https:\/\/admin.industriall-union.org\/fr\/wp-json\/wp\/v2\/types\/article"}],"wp:attachment":[{"href":"https:\/\/admin.industriall-union.org\/fr\/wp-json\/wp\/v2\/media?parent=145664"}],"wp:term":[{"taxonomy":"issues","embeddable":true,"href":"https:\/\/admin.industriall-union.org\/fr\/wp-json\/wp\/v2\/issues?post=145664"},{"taxonomy":"companies","embeddable":true,"href":"https:\/\/admin.industriall-union.org\/fr\/wp-json\/wp\/v2\/companies?post=145664"},{"taxonomy":"regions","embeddable":true,"href":"https:\/\/admin.industriall-union.org\/fr\/wp-json\/wp\/v2\/regions?post=145664"},{"taxonomy":"sectors","embeddable":true,"href":"https:\/\/admin.industriall-union.org\/fr\/wp-json\/wp\/v2\/sectors?post=145664"},{"taxonomy":"article_tags","embeddable":true,"href":"https:\/\/admin.industriall-union.org\/fr\/wp-json\/wp\/v2\/article_tags?post=145664"}],"curies":[{"name":"wp","href":"https:\/\/api.w.org\/{rel}","templated":true}]}}