{"id":145624,"date":"2020-04-23T13:55:44","date_gmt":"2020-04-23T13:55:44","guid":{"rendered":"https:\/\/admin.industriall-union.org\/rejoignez-le-webinaire-d-039-industriall-le-28-avril\/"},"modified":"2025-01-31T06:32:57","modified_gmt":"2025-01-31T06:32:57","slug":"rejoignez-le-webinaire-d-039-industriall-le-28-avril","status":"publish","type":"article","link":"https:\/\/admin.industriall-union.org\/fr\/rejoignez-le-webinaire-d-039-industriall-le-28-avril\/","title":{"rendered":"Rejoignez le webinaire d&#039;IndustriALL le 28 avril"},"content":{"rendered":"<p>\u00c0 l&#039;occasion de la Journ\u00e9e internationale de comm\u00e9moration des travailleurs d\u00e9c\u00e9d\u00e9s et bless\u00e9s, l&#039;expert en mati\u00e8re de sant\u00e9 et de s\u00e9curit\u00e9 chez IndustriALL, Brian Kohler, partagera les derni\u00e8res recommandations concernant le Covid-19 dans le monde du travail.<\/p><p>Le webinaire sera diffus\u00e9 en direct sur cette page Facebook.<\/p><p><a href=\"https:\/\/www.facebook.com\/events\/580696636134587\/\"><img decoding=\"async\" alt=\"\" src=\"\/wp-content\/uploads\/documents\/Covid-19\/webinarfra.png\" style=\"width: 500px\" \/><\/a><\/p><p>Le secr\u00e9taire g\u00e9n\u00e9ral d&#039;IndustriALL, Valter Sanches, ainsi que le secr\u00e9taire g\u00e9n\u00e9ral adjoint Kemal Ozkan prendront \u00e9galement la parole afin de reprendre les commentaires de Brian dans le contexte du mouvement syndical mondial.<\/p><p>Apr\u00e8s la pr\u00e9sentation, Brian r\u00e9pondra aux questions et commentaires. Vous pouvez poser vos questions maintenant, en postant sur la page ou pendant le livestream. &quot;<\/p>","protected":false},"featured_media":0,"template":"","issues":[362,402],"companies":[],"regions":[],"sectors":[],"article_tags":[],"class_list":["post-145624","article","type-article","status-publish","hentry","issues-covid-19","issues-health-and-safety"],"acf":[],"yoast_head":"<!-- This site is optimized with the Yoast SEO Premium plugin v27.1 (Yoast SEO v27.1) - https:\/\/yoast.com\/product\/yoast-seo-premium-wordpress\/ -->\n<title>Rejoignez le webinaire d&#039;IndustriALL le 28 avril - industriall-union<\/title>\n<meta name=\"description\" content=\"\u00c0 l&#039;occasion de la Journ\u00e9e internationale de comm\u00e9moration des travailleurs d\u00e9c\u00e9d\u00e9s et bless\u00e9s, l&#039;expert en mati\u00e8re de sant\u00e9 et de s\u00e9curit\u00e9 chez\" \/>\n<meta name=\"robots\" content=\"index, follow, max-snippet:-1, max-image-preview:large, max-video-preview:-1\" \/>\n<link rel=\"canonical\" href=\"https:\/\/admin.industriall-union.org\/fr\/rejoignez-le-webinaire-d-039-industriall-le-28-avril\/\" \/>\n<meta property=\"og:locale\" content=\"fr_FR\" \/>\n<meta property=\"og:type\" content=\"article\" \/>\n<meta property=\"og:title\" content=\"Rejoignez le webinaire d&#039;IndustriALL le 28 avril\" \/>\n<meta property=\"og:description\" content=\"\u00c0 l&#039;occasion de la Journ\u00e9e internationale de comm\u00e9moration des travailleurs d\u00e9c\u00e9d\u00e9s et bless\u00e9s, l&#039;expert en mati\u00e8re de sant\u00e9 et de s\u00e9curit\u00e9 chez\" \/>\n<meta property=\"og:url\" content=\"https:\/\/admin.industriall-union.org\/fr\/rejoignez-le-webinaire-d-039-industriall-le-28-avril\/\" \/>\n<meta property=\"og:site_name\" content=\"industriall-union\" \/>\n<meta property=\"article:modified_time\" content=\"2025-01-31T06:32:57+00:00\" \/>\n<meta name=\"twitter:card\" content=\"summary_large_image\" \/>\n<meta name=\"twitter:label1\" content=\"Est. reading time\" \/>\n\t<meta name=\"twitter:data1\" content=\"1 minute\" \/>\n<script type=\"application\/ld+json\" class=\"yoast-schema-graph\">{\"@context\":\"https:\/\/schema.org\",\"@graph\":[{\"@type\":\"WebPage\",\"@id\":\"https:\/\/admin.industriall-union.org\/fr\/rejoignez-le-webinaire-d-039-industriall-le-28-avril\/\",\"url\":\"https:\/\/admin.industriall-union.org\/fr\/rejoignez-le-webinaire-d-039-industriall-le-28-avril\/\",\"name\":\"Rejoignez le webinaire d&#039;IndustriALL le 28 avril - industriall-union\",\"isPartOf\":{\"@id\":\"https:\/\/admin.industriall-union.org\/ru\/#website\"},\"datePublished\":\"2020-04-23T13:55:44+00:00\",\"dateModified\":\"2025-01-31T06:32:57+00:00\",\"description\":\"\u00c0 l&#039;occasion de la Journ\u00e9e internationale de comm\u00e9moration des travailleurs d\u00e9c\u00e9d\u00e9s et bless\u00e9s, l&#039;expert en mati\u00e8re de sant\u00e9 et de s\u00e9curit\u00e9 chez\",\"breadcrumb\":{\"@id\":\"https:\/\/admin.industriall-union.org\/fr\/rejoignez-le-webinaire-d-039-industriall-le-28-avril\/#breadcrumb\"},\"inLanguage\":\"fr-FR\",\"potentialAction\":[{\"@type\":\"ReadAction\",\"target\":[\"https:\/\/admin.industriall-union.org\/fr\/rejoignez-le-webinaire-d-039-industriall-le-28-avril\/\"]}]},{\"@type\":\"BreadcrumbList\",\"@id\":\"https:\/\/admin.industriall-union.org\/fr\/rejoignez-le-webinaire-d-039-industriall-le-28-avril\/#breadcrumb\",\"itemListElement\":[{\"@type\":\"ListItem\",\"position\":1,\"name\":\"Home\",\"item\":\"https:\/\/admin.industriall-union.org\/ru\/\"},{\"@type\":\"ListItem\",\"position\":2,\"name\":\"Articles\",\"item\":\"https:\/\/admin.industriall-union.org\/ru\/article\/\"},{\"@type\":\"ListItem\",\"position\":3,\"name\":\"Rejoignez le webinaire d&#039;IndustriALL le 28 avril\"}]},{\"@type\":\"WebSite\",\"@id\":\"https:\/\/admin.industriall-union.org\/ru\/#website\",\"url\":\"https:\/\/admin.industriall-union.org\/ru\/\",\"name\":\"industriall-union\",\"description\":\"\",\"potentialAction\":[{\"@type\":\"SearchAction\",\"target\":{\"@type\":\"EntryPoint\",\"urlTemplate\":\"https:\/\/admin.industriall-union.org\/ru\/?s={search_term_string}\"},\"query-input\":{\"@type\":\"PropertyValueSpecification\",\"valueRequired\":true,\"valueName\":\"search_term_string\"}}],\"inLanguage\":\"fr-FR\"}]}<\/script>\n<!-- \/ Yoast SEO Premium plugin. -->","yoast_head_json":{"title":"Rejoignez le webinaire d&#039;IndustriALL le 28 avril - industriall-union","description":"\u00c0 l&#039;occasion de la Journ\u00e9e internationale de comm\u00e9moration des travailleurs d\u00e9c\u00e9d\u00e9s et bless\u00e9s, l&#039;expert en mati\u00e8re de sant\u00e9 et de s\u00e9curit\u00e9 chez","robots":{"index":"index","follow":"follow","max-snippet":"max-snippet:-1","max-image-preview":"max-image-preview:large","max-video-preview":"max-video-preview:-1"},"canonical":"https:\/\/admin.industriall-union.org\/fr\/rejoignez-le-webinaire-d-039-industriall-le-28-avril\/","og_locale":"fr_FR","og_type":"article","og_title":"Rejoignez le webinaire d&#039;IndustriALL le 28 avril","og_description":"\u00c0 l&#039;occasion de la Journ\u00e9e internationale de comm\u00e9moration des travailleurs d\u00e9c\u00e9d\u00e9s et bless\u00e9s, l&#039;expert en mati\u00e8re de sant\u00e9 et de s\u00e9curit\u00e9 chez","og_url":"https:\/\/admin.industriall-union.org\/fr\/rejoignez-le-webinaire-d-039-industriall-le-28-avril\/","og_site_name":"industriall-union","article_modified_time":"2025-01-31T06:32:57+00:00","twitter_card":"summary_large_image","twitter_misc":{"Est. reading time":"1 minute"},"schema":{"@context":"https:\/\/schema.org","@graph":[{"@type":"WebPage","@id":"https:\/\/admin.industriall-union.org\/fr\/rejoignez-le-webinaire-d-039-industriall-le-28-avril\/","url":"https:\/\/admin.industriall-union.org\/fr\/rejoignez-le-webinaire-d-039-industriall-le-28-avril\/","name":"Rejoignez le webinaire d&#039;IndustriALL le 28 avril - industriall-union","isPartOf":{"@id":"https:\/\/admin.industriall-union.org\/ru\/#website"},"datePublished":"2020-04-23T13:55:44+00:00","dateModified":"2025-01-31T06:32:57+00:00","description":"\u00c0 l&#039;occasion de la Journ\u00e9e internationale de comm\u00e9moration des travailleurs d\u00e9c\u00e9d\u00e9s et bless\u00e9s, l&#039;expert en mati\u00e8re de sant\u00e9 et de s\u00e9curit\u00e9 chez","breadcrumb":{"@id":"https:\/\/admin.industriall-union.org\/fr\/rejoignez-le-webinaire-d-039-industriall-le-28-avril\/#breadcrumb"},"inLanguage":"fr-FR","potentialAction":[{"@type":"ReadAction","target":["https:\/\/admin.industriall-union.org\/fr\/rejoignez-le-webinaire-d-039-industriall-le-28-avril\/"]}]},{"@type":"BreadcrumbList","@id":"https:\/\/admin.industriall-union.org\/fr\/rejoignez-le-webinaire-d-039-industriall-le-28-avril\/#breadcrumb","itemListElement":[{"@type":"ListItem","position":1,"name":"Home","item":"https:\/\/admin.industriall-union.org\/ru\/"},{"@type":"ListItem","position":2,"name":"Articles","item":"https:\/\/admin.industriall-union.org\/ru\/article\/"},{"@type":"ListItem","position":3,"name":"Rejoignez le webinaire d&#039;IndustriALL le 28 avril"}]},{"@type":"WebSite","@id":"https:\/\/admin.industriall-union.org\/ru\/#website","url":"https:\/\/admin.industriall-union.org\/ru\/","name":"industriall-union","description":"","potentialAction":[{"@type":"SearchAction","target":{"@type":"EntryPoint","urlTemplate":"https:\/\/admin.industriall-union.org\/ru\/?s={search_term_string}"},"query-input":{"@type":"PropertyValueSpecification","valueRequired":true,"valueName":"search_term_string"}}],"inLanguage":"fr-FR"}]}},"_links":{"self":[{"href":"https:\/\/admin.industriall-union.org\/fr\/wp-json\/wp\/v2\/article\/145624","targetHints":{"allow":["GET"]}}],"collection":[{"href":"https:\/\/admin.industriall-union.org\/fr\/wp-json\/wp\/v2\/article"}],"about":[{"href":"https:\/\/admin.industriall-union.org\/fr\/wp-json\/wp\/v2\/types\/article"}],"wp:attachment":[{"href":"https:\/\/admin.industriall-union.org\/fr\/wp-json\/wp\/v2\/media?parent=145624"}],"wp:term":[{"taxonomy":"issues","embeddable":true,"href":"https:\/\/admin.industriall-union.org\/fr\/wp-json\/wp\/v2\/issues?post=145624"},{"taxonomy":"companies","embeddable":true,"href":"https:\/\/admin.industriall-union.org\/fr\/wp-json\/wp\/v2\/companies?post=145624"},{"taxonomy":"regions","embeddable":true,"href":"https:\/\/admin.industriall-union.org\/fr\/wp-json\/wp\/v2\/regions?post=145624"},{"taxonomy":"sectors","embeddable":true,"href":"https:\/\/admin.industriall-union.org\/fr\/wp-json\/wp\/v2\/sectors?post=145624"},{"taxonomy":"article_tags","embeddable":true,"href":"https:\/\/admin.industriall-union.org\/fr\/wp-json\/wp\/v2\/article_tags?post=145624"}],"curies":[{"name":"wp","href":"https:\/\/api.w.org\/{rel}","templated":true}]}}