{"id":145605,"date":"2020-05-04T07:12:05","date_gmt":"2020-05-04T07:12:05","guid":{"rendered":"https:\/\/admin.industriall-union.org\/le-gouvernement-bangladais-doit-proteger-les-travailleurs-contre-les-impacts-de-la-covid-19\/"},"modified":"2025-01-31T04:38:27","modified_gmt":"2025-01-31T04:38:27","slug":"le-gouvernement-bangladais-doit-proteger-les-travailleurs-contre-les-impacts-de-la-covid-19","status":"publish","type":"article","link":"https:\/\/admin.industriall-union.org\/fr\/le-gouvernement-bangladais-doit-proteger-les-travailleurs-contre-les-impacts-de-la-covid-19\/","title":{"rendered":"Le gouvernement bangladais doit prot\u00e9ger les travailleurs contre les impacts de la COVID-19"},"content":{"rendered":"<p>Dans sa h\u00e2te \u00e0 contenir la propagation de la COVID-19 au Bangladesh, le gouvernement a d\u00e9clar\u00e9 une p\u00e9riode de jours f\u00e9ri\u00e9s du 26 mars au 4 avril applicable \u00e0 l&rsquo;ensemble du pays, qu&rsquo;il a reconduit jusqu&rsquo;au 14 avril. Hormis quelques exceptions, le confinement a \u00e9t\u00e9 prolong\u00e9 jusqu&rsquo;au 3 mai.<\/p><p>La confusion avant le confinement g\u00e9n\u00e9ral <a href=\"http:\/\/admin.industriall-union.org\/massive-crisis-for-bangladesh-garment-workers\" target=\"_parent\">a provoqu\u00e9 stress et panique<\/a>, un grand nombre de travailleurs, pour la plupart des femmes, n&rsquo;ayant pas \u00e9t\u00e9 pay\u00e9s, des milliers ayant \u00e9t\u00e9 licenci\u00e9s pour motif \u00e9conomique, et beaucoup ayant entrepris de quitter Dhaka \u00e0 pied ou par des modes de transport dangereux.<\/p><p>Malgr\u00e9 le confinement, un grand nombre d&rsquo;usines fonctionnent, exposant les travailleurs au risque d&rsquo;infection. Des protestions ont eu lieu pour r\u00e9clamer le paiement des salaires pendant le confinement.<\/p><p>Selon l&rsquo;Association des fabricants et des exportateurs de v\u00eatements du Bangladesh (BGMEA), les commandes \u00e0 l&rsquo;exportation de 982 millions de pi\u00e8ces, d&rsquo;une valeur de 3,18 milliards de US$, ont \u00e9t\u00e9 annul\u00e9es ou suspendues, mena\u00e7ant la survie de 2,28 millions de travailleurs employ\u00e9s dans 1 150 usines. Alors que l&rsquo;action mondiale de soutien \u00e0 l&rsquo;industrie du v\u00eatement commence, la crise s&rsquo;aggrave au Bangladesh.<\/p><p>Valter Sanches, Secr\u00e9taire g\u00e9n\u00e9ral d&rsquo;IndustriALL, se d\u00e9clare gravement pr\u00e9occup\u00e9 par les impacts sanitaires, s\u00e9curitaires, \u00e9conomiques et sociaux de la COVID-19 sur les travailleurs bangladais :<\/p><blockquote><p>&laquo; Aucun travailleur de l&rsquo;industrie ne doit \u00eatre licenci\u00e9 pour motif \u00e9conomique ou cong\u00e9di\u00e9 pendant la p\u00e9riode de confinement. Aucune d\u00e9duction salariale ne doit \u00eatre effectu\u00e9e. La prime de la f\u00eate de l&rsquo;A\u00efd al-Adha doit \u00eatre vers\u00e9e avant le 15 mai. Le gouvernement doit consulter les syndicats et \u00e9tablir un comit\u00e9 tripartite charg\u00e9 de suivre et d&rsquo;\u00e9valuer la situation, et de recommander des mesures si n\u00e9cessaire.<\/p><p>&laquo; Le gouvernement doit veiller \u00e0 ce que les propri\u00e9taires d&rsquo;usines fournissent des d\u00e9sinfectants pour les mains, du savon et des \u00e9quipements de protection individuelle aux travailleurs. Le traitement des travailleurs diagnostiqu\u00e9s COVID-19 doit \u00eatre gratuit.&nbsp;&raquo;<\/p><\/blockquote><p>Dans une lettre adress\u00e9e \u00e0 la d\u00e9l\u00e9gation europ\u00e9enne \u00e0 Dhaka, le <a name=\"_Hlk39603932\">Conseil d&rsquo;IndustriALL pour le Bangladesh <\/a>a soulign\u00e9 que, selon les rapports pr\u00e9liminaires, plus de 500 000 travailleurs du v\u00eatement ne recevront aucun salaire par suite de leurs licenciements injustes pour motif \u00e9conomique, ce qui engendrera une crise sociale massive.<\/p><p>China Rahman, Secr\u00e9taire g\u00e9n\u00e9ral du Conseil d&rsquo;IndustriALL pour le Bangladesh, a indiqu\u00e9:<\/p><blockquote><p>&laquo; Nous avons appel\u00e9 la d\u00e9l\u00e9gation de l&rsquo;UE \u00e0 apporter un possible soutien aux travailleurs bangladais et \u00e0 veiller \u00e0 ce qu&rsquo;aucune marque ni aucun acheteur ne reporte ou n&rsquo;annule les bons de travail, et qu&rsquo;ils paient leurs \u00e9ch\u00e9ances \u00e0 leurs fournisseurs. Afin d&rsquo;\u00e9viter une crise humanitaire, le gouvernement, les marques et les employeurs doivent assumer conjointement la responsabilit\u00e9 de la crise avec l&rsquo;objectif de veiller \u00e0 ce que les salaires et les avantages sociaux des travailleurs soient pay\u00e9s, les emplois pr\u00e9serv\u00e9s et que les travailleurs b\u00e9n\u00e9ficient d&rsquo;une protection sociale.<\/p><\/blockquote>","protected":false},"featured_media":0,"template":"","issues":[362,402,425],"companies":[],"regions":[159],"sectors":[465],"article_tags":[],"class_list":["post-145605","article","type-article","status-publish","hentry","issues-covid-19","issues-health-and-safety","issues-workers-rights","regions-bangladesh","sectors-garment"],"acf":[],"yoast_head":"<!-- This site is optimized with the Yoast SEO Premium plugin v27.1 (Yoast SEO v27.1) - https:\/\/yoast.com\/product\/yoast-seo-premium-wordpress\/ -->\n<title>Le gouvernement bangladais doit prot\u00e9ger les travailleurs contre les impacts de la COVID-19 - industriall-union<\/title>\n<meta name=\"description\" content=\"Dans sa h\u00e2te \u00e0 contenir la propagation de la COVID-19 au Bangladesh, le gouvernement a d\u00e9clar\u00e9 une p\u00e9riode de jours f\u00e9ri\u00e9s du 26 mars au 4 avril\" \/>\n<meta name=\"robots\" content=\"index, follow, max-snippet:-1, max-image-preview:large, max-video-preview:-1\" \/>\n<link rel=\"canonical\" href=\"https:\/\/admin.industriall-union.org\/fr\/le-gouvernement-bangladais-doit-proteger-les-travailleurs-contre-les-impacts-de-la-covid-19\/\" \/>\n<meta property=\"og:locale\" content=\"fr_FR\" \/>\n<meta property=\"og:type\" content=\"article\" \/>\n<meta property=\"og:title\" content=\"Le gouvernement bangladais doit prot\u00e9ger les travailleurs contre les impacts de la COVID-19\" \/>\n<meta property=\"og:description\" content=\"Dans sa h\u00e2te \u00e0 contenir la propagation de la COVID-19 au Bangladesh, le gouvernement a d\u00e9clar\u00e9 une p\u00e9riode de jours f\u00e9ri\u00e9s du 26 mars au 4 avril\" \/>\n<meta property=\"og:url\" content=\"https:\/\/admin.industriall-union.org\/fr\/le-gouvernement-bangladais-doit-proteger-les-travailleurs-contre-les-impacts-de-la-covid-19\/\" \/>\n<meta property=\"og:site_name\" content=\"industriall-union\" \/>\n<meta property=\"article:modified_time\" content=\"2025-01-31T04:38:27+00:00\" \/>\n<meta name=\"twitter:card\" content=\"summary_large_image\" \/>\n<meta name=\"twitter:label1\" content=\"Est. reading time\" \/>\n\t<meta name=\"twitter:data1\" content=\"3 minutes\" \/>\n<script type=\"application\/ld+json\" class=\"yoast-schema-graph\">{\"@context\":\"https:\/\/schema.org\",\"@graph\":[{\"@type\":\"WebPage\",\"@id\":\"https:\/\/admin.industriall-union.org\/fr\/le-gouvernement-bangladais-doit-proteger-les-travailleurs-contre-les-impacts-de-la-covid-19\/\",\"url\":\"https:\/\/admin.industriall-union.org\/fr\/le-gouvernement-bangladais-doit-proteger-les-travailleurs-contre-les-impacts-de-la-covid-19\/\",\"name\":\"Le gouvernement bangladais doit prot\u00e9ger les travailleurs contre les impacts de la COVID-19 - industriall-union\",\"isPartOf\":{\"@id\":\"https:\/\/admin.industriall-union.org\/#website\"},\"datePublished\":\"2020-05-04T07:12:05+00:00\",\"dateModified\":\"2025-01-31T04:38:27+00:00\",\"description\":\"Dans sa h\u00e2te \u00e0 contenir la propagation de la COVID-19 au Bangladesh, le gouvernement a d\u00e9clar\u00e9 une p\u00e9riode de jours f\u00e9ri\u00e9s du 26 mars au 4 avril\",\"breadcrumb\":{\"@id\":\"https:\/\/admin.industriall-union.org\/fr\/le-gouvernement-bangladais-doit-proteger-les-travailleurs-contre-les-impacts-de-la-covid-19\/#breadcrumb\"},\"inLanguage\":\"fr-FR\",\"potentialAction\":[{\"@type\":\"ReadAction\",\"target\":[\"https:\/\/admin.industriall-union.org\/fr\/le-gouvernement-bangladais-doit-proteger-les-travailleurs-contre-les-impacts-de-la-covid-19\/\"]}]},{\"@type\":\"BreadcrumbList\",\"@id\":\"https:\/\/admin.industriall-union.org\/fr\/le-gouvernement-bangladais-doit-proteger-les-travailleurs-contre-les-impacts-de-la-covid-19\/#breadcrumb\",\"itemListElement\":[{\"@type\":\"ListItem\",\"position\":1,\"name\":\"Home\",\"item\":\"https:\/\/admin.industriall-union.org\/\"},{\"@type\":\"ListItem\",\"position\":2,\"name\":\"Articles\",\"item\":\"https:\/\/admin.industriall-union.org\/article\/\"},{\"@type\":\"ListItem\",\"position\":3,\"name\":\"Le gouvernement bangladais doit prot\u00e9ger les travailleurs contre les impacts de la COVID-19\"}]},{\"@type\":\"WebSite\",\"@id\":\"https:\/\/admin.industriall-union.org\/#website\",\"url\":\"https:\/\/admin.industriall-union.org\/\",\"name\":\"industriall-union\",\"description\":\"\",\"potentialAction\":[{\"@type\":\"SearchAction\",\"target\":{\"@type\":\"EntryPoint\",\"urlTemplate\":\"https:\/\/admin.industriall-union.org\/?s={search_term_string}\"},\"query-input\":{\"@type\":\"PropertyValueSpecification\",\"valueRequired\":true,\"valueName\":\"search_term_string\"}}],\"inLanguage\":\"fr-FR\"}]}<\/script>\n<!-- \/ Yoast SEO Premium plugin. -->","yoast_head_json":{"title":"Le gouvernement bangladais doit prot\u00e9ger les travailleurs contre les impacts de la COVID-19 - industriall-union","description":"Dans sa h\u00e2te \u00e0 contenir la propagation de la COVID-19 au Bangladesh, le gouvernement a d\u00e9clar\u00e9 une p\u00e9riode de jours f\u00e9ri\u00e9s du 26 mars au 4 avril","robots":{"index":"index","follow":"follow","max-snippet":"max-snippet:-1","max-image-preview":"max-image-preview:large","max-video-preview":"max-video-preview:-1"},"canonical":"https:\/\/admin.industriall-union.org\/fr\/le-gouvernement-bangladais-doit-proteger-les-travailleurs-contre-les-impacts-de-la-covid-19\/","og_locale":"fr_FR","og_type":"article","og_title":"Le gouvernement bangladais doit prot\u00e9ger les travailleurs contre les impacts de la COVID-19","og_description":"Dans sa h\u00e2te \u00e0 contenir la propagation de la COVID-19 au Bangladesh, le gouvernement a d\u00e9clar\u00e9 une p\u00e9riode de jours f\u00e9ri\u00e9s du 26 mars au 4 avril","og_url":"https:\/\/admin.industriall-union.org\/fr\/le-gouvernement-bangladais-doit-proteger-les-travailleurs-contre-les-impacts-de-la-covid-19\/","og_site_name":"industriall-union","article_modified_time":"2025-01-31T04:38:27+00:00","twitter_card":"summary_large_image","twitter_misc":{"Est. reading time":"3 minutes"},"schema":{"@context":"https:\/\/schema.org","@graph":[{"@type":"WebPage","@id":"https:\/\/admin.industriall-union.org\/fr\/le-gouvernement-bangladais-doit-proteger-les-travailleurs-contre-les-impacts-de-la-covid-19\/","url":"https:\/\/admin.industriall-union.org\/fr\/le-gouvernement-bangladais-doit-proteger-les-travailleurs-contre-les-impacts-de-la-covid-19\/","name":"Le gouvernement bangladais doit prot\u00e9ger les travailleurs contre les impacts de la COVID-19 - industriall-union","isPartOf":{"@id":"https:\/\/admin.industriall-union.org\/#website"},"datePublished":"2020-05-04T07:12:05+00:00","dateModified":"2025-01-31T04:38:27+00:00","description":"Dans sa h\u00e2te \u00e0 contenir la propagation de la COVID-19 au Bangladesh, le gouvernement a d\u00e9clar\u00e9 une p\u00e9riode de jours f\u00e9ri\u00e9s du 26 mars au 4 avril","breadcrumb":{"@id":"https:\/\/admin.industriall-union.org\/fr\/le-gouvernement-bangladais-doit-proteger-les-travailleurs-contre-les-impacts-de-la-covid-19\/#breadcrumb"},"inLanguage":"fr-FR","potentialAction":[{"@type":"ReadAction","target":["https:\/\/admin.industriall-union.org\/fr\/le-gouvernement-bangladais-doit-proteger-les-travailleurs-contre-les-impacts-de-la-covid-19\/"]}]},{"@type":"BreadcrumbList","@id":"https:\/\/admin.industriall-union.org\/fr\/le-gouvernement-bangladais-doit-proteger-les-travailleurs-contre-les-impacts-de-la-covid-19\/#breadcrumb","itemListElement":[{"@type":"ListItem","position":1,"name":"Home","item":"https:\/\/admin.industriall-union.org\/"},{"@type":"ListItem","position":2,"name":"Articles","item":"https:\/\/admin.industriall-union.org\/article\/"},{"@type":"ListItem","position":3,"name":"Le gouvernement bangladais doit prot\u00e9ger les travailleurs contre les impacts de la COVID-19"}]},{"@type":"WebSite","@id":"https:\/\/admin.industriall-union.org\/#website","url":"https:\/\/admin.industriall-union.org\/","name":"industriall-union","description":"","potentialAction":[{"@type":"SearchAction","target":{"@type":"EntryPoint","urlTemplate":"https:\/\/admin.industriall-union.org\/?s={search_term_string}"},"query-input":{"@type":"PropertyValueSpecification","valueRequired":true,"valueName":"search_term_string"}}],"inLanguage":"fr-FR"}]}},"_links":{"self":[{"href":"https:\/\/admin.industriall-union.org\/fr\/wp-json\/wp\/v2\/article\/145605","targetHints":{"allow":["GET"]}}],"collection":[{"href":"https:\/\/admin.industriall-union.org\/fr\/wp-json\/wp\/v2\/article"}],"about":[{"href":"https:\/\/admin.industriall-union.org\/fr\/wp-json\/wp\/v2\/types\/article"}],"wp:attachment":[{"href":"https:\/\/admin.industriall-union.org\/fr\/wp-json\/wp\/v2\/media?parent=145605"}],"wp:term":[{"taxonomy":"issues","embeddable":true,"href":"https:\/\/admin.industriall-union.org\/fr\/wp-json\/wp\/v2\/issues?post=145605"},{"taxonomy":"companies","embeddable":true,"href":"https:\/\/admin.industriall-union.org\/fr\/wp-json\/wp\/v2\/companies?post=145605"},{"taxonomy":"regions","embeddable":true,"href":"https:\/\/admin.industriall-union.org\/fr\/wp-json\/wp\/v2\/regions?post=145605"},{"taxonomy":"sectors","embeddable":true,"href":"https:\/\/admin.industriall-union.org\/fr\/wp-json\/wp\/v2\/sectors?post=145605"},{"taxonomy":"article_tags","embeddable":true,"href":"https:\/\/admin.industriall-union.org\/fr\/wp-json\/wp\/v2\/article_tags?post=145605"}],"curies":[{"name":"wp","href":"https:\/\/api.w.org\/{rel}","templated":true}]}}