{"id":145598,"date":"2020-05-07T09:22:03","date_gmt":"2020-05-07T09:22:03","guid":{"rendered":"https:\/\/admin.industriall-union.org\/renforcer-la-protection-sociale-en-indonesie\/"},"modified":"2025-01-31T04:03:03","modified_gmt":"2025-01-31T04:03:03","slug":"renforcer-la-protection-sociale-en-indonesie","status":"publish","type":"article","link":"https:\/\/admin.industriall-union.org\/fr\/renforcer-la-protection-sociale-en-indonesie\/","title":{"rendered":"Renforcer la protection sociale en Indon\u00e9sie"},"content":{"rendered":"<p>\u00c0 la mi-avril, le minist\u00e8re indon\u00e9sien de la Coordination des Affaires \u00e9conomiques a r\u00e9v\u00e9l\u00e9 que 2,8 millions de travailleurs avaient perdu leur emploi \u00e0 cause de l&#039;arr\u00eat temporaire des activit\u00e9s provoqu\u00e9 par le Covid-19, et que 1,4 million s&#039;\u00e9taient inscrits au programme de formation pr\u00e9alable \u00e0 l&#039;emploi pour recevoir des aides p\u00e9cuniaires.<\/p><p>La progression stup\u00e9fiante du ch\u00f4mage constitue un d\u00e9fi de taille pour le syst\u00e8me de protection sociale de l&#039;Indon\u00e9sie. D&#039;apr\u00e8s le Rapport mondial sur la protection sociale 2017-2019 de l&#039;OIT, les d\u00e9penses de protection sociale (hors sant\u00e9) du pays, exprim\u00e9es en pourcentage du PIB, baissent progressivement depuis 2000.<\/p><p>Iwan Kusmawan recommande que le gouvernement verse chaque mois des aides p\u00e9cuniaires au travailleurs plut\u00f4t que leur faire suivre des cours dans le cadre du programme de formation pr\u00e9alable \u00e0 l&#039;emploi. Pour lui, les besoins les plus criants sont l&#039;alimentation, l&#039;habillement et le logement :<\/p><blockquote><p>&quot;Le gouvernement doit contr\u00f4ler de tr\u00e8s pr\u00e8s les licenciements et les r\u00e9siliations, les employeurs ont l&#039;obligation morale de verser toutes les indemnit\u00e9s de licenciement que pr\u00e9voit la l\u00e9gislation du travail. Il faudrait aussi que les marques du textile, de l&#039;habillement, de la chaussure et du cuir constituent un fonds de responsabilit\u00e9 sociale de l&#039;entreprise pour aider les travailleurs.&quot;<\/p><\/blockquote><p>Le pr\u00e9sident de la Conf\u00e9d\u00e9ration indon\u00e9sienne des syndicats (KPSI) et de la F\u00e9d\u00e9ration des syndicats de travailleurs de la m\u00e9tallurgie d&#039;Indon\u00e9sie (FSPMI), Sa\u00efd Iqbal, invite instamment l&#039;Agence de s\u00e9curit\u00e9 sociale des travailleurs (BPJS) \u00e0 constituer un fonds sp\u00e9cial \u00e0 partir des int\u00e9r\u00eats des d\u00e9p\u00f4ts destin\u00e9s aux travailleurs pour acheter des masques et du gel hydroalcoolique.<\/p><blockquote><p>&quot;Des \u00e9quipements de protection individuelle devraient \u00eatre distribu\u00e9s gratuitement \u00e0 tous les travailleurs indon\u00e9siens.&quot;<\/p><\/blockquote><p>Sa\u00efd Iqbal a \u00e9galement appel\u00e9 le gouvernement et les employeurs \u00e0 ne plus licencier afin de pr\u00e9server le bien-\u00eatre des travailleurs. Il sugg\u00e8re que les employeurs stoppent la production et mettent les travailleurs en cong\u00e9 r\u00e9mun\u00e9r\u00e9 \u00e0 cent pour cent comme moyen de r\u00e9duire les co\u00fbts d&#039;exploitation.<\/p><blockquote><p>&quot;Nous appuyons la demande de cong\u00e9 r\u00e9mun\u00e9r\u00e9 \u00e0 cent pour cent pour les travailleurs indon\u00e9siens. Les gouvernements d&#039;Asie du Sud-est doivent prendre des mesures pour renforcer les syst\u00e8mes de protection sociale pendant cette p\u00e9riode sans pr\u00e9c\u00e9dent,&quot;<\/p><\/blockquote><p>a d\u00e9clar\u00e9 la Secr\u00e9taire r\u00e9gionale d&#039;IndustriALL Annie Adviento.<\/p>","protected":false},"featured_media":0,"template":"","issues":[362,425],"companies":[],"regions":[167],"sectors":[],"article_tags":[],"class_list":["post-145598","article","type-article","status-publish","hentry","issues-covid-19","issues-workers-rights","regions-indonesia"],"acf":[],"yoast_head":"<!-- This site is optimized with the Yoast SEO Premium plugin v27.1 (Yoast SEO v27.1) - https:\/\/yoast.com\/product\/yoast-seo-premium-wordpress\/ -->\n<title>Renforcer la protection sociale en Indon\u00e9sie - industriall-union<\/title>\n<meta name=\"description\" content=\"\u00c0 la mi-avril, le minist\u00e8re indon\u00e9sien de la Coordination des Affaires \u00e9conomiques a r\u00e9v\u00e9l\u00e9 que 2,8 millions de travailleurs avaient perdu leur emploi \u00e0\" \/>\n<meta name=\"robots\" content=\"index, follow, max-snippet:-1, max-image-preview:large, max-video-preview:-1\" \/>\n<link rel=\"canonical\" href=\"https:\/\/admin.industriall-union.org\/fr\/renforcer-la-protection-sociale-en-indonesie\/\" \/>\n<meta property=\"og:locale\" content=\"fr_FR\" \/>\n<meta property=\"og:type\" content=\"article\" \/>\n<meta property=\"og:title\" content=\"Renforcer la protection sociale en Indon\u00e9sie\" \/>\n<meta property=\"og:description\" content=\"\u00c0 la mi-avril, le minist\u00e8re indon\u00e9sien de la Coordination des Affaires \u00e9conomiques a r\u00e9v\u00e9l\u00e9 que 2,8 millions de travailleurs avaient perdu leur emploi \u00e0\" \/>\n<meta property=\"og:url\" content=\"https:\/\/admin.industriall-union.org\/fr\/renforcer-la-protection-sociale-en-indonesie\/\" \/>\n<meta property=\"og:site_name\" content=\"industriall-union\" \/>\n<meta property=\"article:modified_time\" content=\"2025-01-31T04:03:03+00:00\" \/>\n<meta name=\"twitter:card\" content=\"summary_large_image\" \/>\n<meta name=\"twitter:label1\" content=\"Est. reading time\" \/>\n\t<meta name=\"twitter:data1\" content=\"2 minutes\" \/>\n<script type=\"application\/ld+json\" class=\"yoast-schema-graph\">{\"@context\":\"https:\/\/schema.org\",\"@graph\":[{\"@type\":\"WebPage\",\"@id\":\"https:\/\/admin.industriall-union.org\/fr\/renforcer-la-protection-sociale-en-indonesie\/\",\"url\":\"https:\/\/admin.industriall-union.org\/fr\/renforcer-la-protection-sociale-en-indonesie\/\",\"name\":\"Renforcer la protection sociale en Indon\u00e9sie - industriall-union\",\"isPartOf\":{\"@id\":\"https:\/\/admin.industriall-union.org\/#website\"},\"datePublished\":\"2020-05-07T09:22:03+00:00\",\"dateModified\":\"2025-01-31T04:03:03+00:00\",\"description\":\"\u00c0 la mi-avril, le minist\u00e8re indon\u00e9sien de la Coordination des Affaires \u00e9conomiques a r\u00e9v\u00e9l\u00e9 que 2,8 millions de travailleurs avaient perdu leur emploi \u00e0\",\"breadcrumb\":{\"@id\":\"https:\/\/admin.industriall-union.org\/fr\/renforcer-la-protection-sociale-en-indonesie\/#breadcrumb\"},\"inLanguage\":\"fr-FR\",\"potentialAction\":[{\"@type\":\"ReadAction\",\"target\":[\"https:\/\/admin.industriall-union.org\/fr\/renforcer-la-protection-sociale-en-indonesie\/\"]}]},{\"@type\":\"BreadcrumbList\",\"@id\":\"https:\/\/admin.industriall-union.org\/fr\/renforcer-la-protection-sociale-en-indonesie\/#breadcrumb\",\"itemListElement\":[{\"@type\":\"ListItem\",\"position\":1,\"name\":\"Home\",\"item\":\"https:\/\/admin.industriall-union.org\/\"},{\"@type\":\"ListItem\",\"position\":2,\"name\":\"Articles\",\"item\":\"https:\/\/admin.industriall-union.org\/article\/\"},{\"@type\":\"ListItem\",\"position\":3,\"name\":\"Renforcer la protection sociale en Indon\u00e9sie\"}]},{\"@type\":\"WebSite\",\"@id\":\"https:\/\/admin.industriall-union.org\/#website\",\"url\":\"https:\/\/admin.industriall-union.org\/\",\"name\":\"industriall-union\",\"description\":\"\",\"potentialAction\":[{\"@type\":\"SearchAction\",\"target\":{\"@type\":\"EntryPoint\",\"urlTemplate\":\"https:\/\/admin.industriall-union.org\/?s={search_term_string}\"},\"query-input\":{\"@type\":\"PropertyValueSpecification\",\"valueRequired\":true,\"valueName\":\"search_term_string\"}}],\"inLanguage\":\"fr-FR\"}]}<\/script>\n<!-- \/ Yoast SEO Premium plugin. -->","yoast_head_json":{"title":"Renforcer la protection sociale en Indon\u00e9sie - industriall-union","description":"\u00c0 la mi-avril, le minist\u00e8re indon\u00e9sien de la Coordination des Affaires \u00e9conomiques a r\u00e9v\u00e9l\u00e9 que 2,8 millions de travailleurs avaient perdu leur emploi \u00e0","robots":{"index":"index","follow":"follow","max-snippet":"max-snippet:-1","max-image-preview":"max-image-preview:large","max-video-preview":"max-video-preview:-1"},"canonical":"https:\/\/admin.industriall-union.org\/fr\/renforcer-la-protection-sociale-en-indonesie\/","og_locale":"fr_FR","og_type":"article","og_title":"Renforcer la protection sociale en Indon\u00e9sie","og_description":"\u00c0 la mi-avril, le minist\u00e8re indon\u00e9sien de la Coordination des Affaires \u00e9conomiques a r\u00e9v\u00e9l\u00e9 que 2,8 millions de travailleurs avaient perdu leur emploi \u00e0","og_url":"https:\/\/admin.industriall-union.org\/fr\/renforcer-la-protection-sociale-en-indonesie\/","og_site_name":"industriall-union","article_modified_time":"2025-01-31T04:03:03+00:00","twitter_card":"summary_large_image","twitter_misc":{"Est. reading time":"2 minutes"},"schema":{"@context":"https:\/\/schema.org","@graph":[{"@type":"WebPage","@id":"https:\/\/admin.industriall-union.org\/fr\/renforcer-la-protection-sociale-en-indonesie\/","url":"https:\/\/admin.industriall-union.org\/fr\/renforcer-la-protection-sociale-en-indonesie\/","name":"Renforcer la protection sociale en Indon\u00e9sie - industriall-union","isPartOf":{"@id":"https:\/\/admin.industriall-union.org\/#website"},"datePublished":"2020-05-07T09:22:03+00:00","dateModified":"2025-01-31T04:03:03+00:00","description":"\u00c0 la mi-avril, le minist\u00e8re indon\u00e9sien de la Coordination des Affaires \u00e9conomiques a r\u00e9v\u00e9l\u00e9 que 2,8 millions de travailleurs avaient perdu leur emploi \u00e0","breadcrumb":{"@id":"https:\/\/admin.industriall-union.org\/fr\/renforcer-la-protection-sociale-en-indonesie\/#breadcrumb"},"inLanguage":"fr-FR","potentialAction":[{"@type":"ReadAction","target":["https:\/\/admin.industriall-union.org\/fr\/renforcer-la-protection-sociale-en-indonesie\/"]}]},{"@type":"BreadcrumbList","@id":"https:\/\/admin.industriall-union.org\/fr\/renforcer-la-protection-sociale-en-indonesie\/#breadcrumb","itemListElement":[{"@type":"ListItem","position":1,"name":"Home","item":"https:\/\/admin.industriall-union.org\/"},{"@type":"ListItem","position":2,"name":"Articles","item":"https:\/\/admin.industriall-union.org\/article\/"},{"@type":"ListItem","position":3,"name":"Renforcer la protection sociale en Indon\u00e9sie"}]},{"@type":"WebSite","@id":"https:\/\/admin.industriall-union.org\/#website","url":"https:\/\/admin.industriall-union.org\/","name":"industriall-union","description":"","potentialAction":[{"@type":"SearchAction","target":{"@type":"EntryPoint","urlTemplate":"https:\/\/admin.industriall-union.org\/?s={search_term_string}"},"query-input":{"@type":"PropertyValueSpecification","valueRequired":true,"valueName":"search_term_string"}}],"inLanguage":"fr-FR"}]}},"_links":{"self":[{"href":"https:\/\/admin.industriall-union.org\/fr\/wp-json\/wp\/v2\/article\/145598","targetHints":{"allow":["GET"]}}],"collection":[{"href":"https:\/\/admin.industriall-union.org\/fr\/wp-json\/wp\/v2\/article"}],"about":[{"href":"https:\/\/admin.industriall-union.org\/fr\/wp-json\/wp\/v2\/types\/article"}],"wp:attachment":[{"href":"https:\/\/admin.industriall-union.org\/fr\/wp-json\/wp\/v2\/media?parent=145598"}],"wp:term":[{"taxonomy":"issues","embeddable":true,"href":"https:\/\/admin.industriall-union.org\/fr\/wp-json\/wp\/v2\/issues?post=145598"},{"taxonomy":"companies","embeddable":true,"href":"https:\/\/admin.industriall-union.org\/fr\/wp-json\/wp\/v2\/companies?post=145598"},{"taxonomy":"regions","embeddable":true,"href":"https:\/\/admin.industriall-union.org\/fr\/wp-json\/wp\/v2\/regions?post=145598"},{"taxonomy":"sectors","embeddable":true,"href":"https:\/\/admin.industriall-union.org\/fr\/wp-json\/wp\/v2\/sectors?post=145598"},{"taxonomy":"article_tags","embeddable":true,"href":"https:\/\/admin.industriall-union.org\/fr\/wp-json\/wp\/v2\/article_tags?post=145598"}],"curies":[{"name":"wp","href":"https:\/\/api.w.org\/{rel}","templated":true}]}}