{"id":145506,"date":"2020-06-04T14:53:08","date_gmt":"2020-06-04T14:53:08","guid":{"rendered":"https:\/\/admin.industriall-union.org\/les-travailleurs-de-schlumberger-ont-ete-reconnus\/"},"modified":"2025-01-30T20:48:50","modified_gmt":"2025-01-30T20:48:50","slug":"les-travailleurs-de-schlumberger-ont-ete-reconnus","status":"publish","type":"article","link":"https:\/\/admin.industriall-union.org\/fr\/les-travailleurs-de-schlumberger-ont-ete-reconnus\/","title":{"rendered":"Les travailleurs de Schlumberger ont \u00e9t\u00e9 reconnus"},"content":{"rendered":"<p>Sur les quelque 900 travailleurs que Schlumberger emploie dans ses diff\u00e9rents sites au Pakistan, seuls environ 320 sont permanents et 580 sont des travailleurs contractuels.<\/p><p>Parmi ces derniers, beaucoup travaillent pour l&rsquo;entreprise depuis plus de dix ans dans des conditions g\u00e9n\u00e9ralement tr\u00e8s difficiles. Ils effectuent le plus souvent de longues heures, dans des champs p\u00e9trolif\u00e8res parfois \u00e9loign\u00e9s o\u00f9 ils peuvent \u00eatre expos\u00e9s \u00e0 des groupes arm\u00e9s.<\/p><p>Contrairement aux travailleurs permanents, ils ne connaissaient pas de s\u00e9curit\u00e9 d&rsquo;emploi, \u00e9taient moins bien pay\u00e9s et ne b\u00e9n\u00e9ficiaient pas de primes et d&rsquo;avantages. Ils \u00e9taient menac\u00e9s d&rsquo;\u00eatre affect\u00e9s dans des sites plus \u00e9loign\u00e9s \u00e0 chaque fois qu&rsquo;ils demandaient le respect de leurs droits.<\/p><p>En f\u00e9vrier, Ahmed Nawaz Khan, un travailleur contractuel, est d\u00e9c\u00e9d\u00e9 au travail. Malgr\u00e9 la reconnaissance officielle de la survenue de sa mort dans le cadre de ses fonctions, la direction refuse de verser \u00e0 sa famille l&rsquo;indemnisation qu&rsquo;elle lui doit.<\/p><p>Aussi, dans un contexte de d\u00e9ni continu de leurs droits, les travailleurs contractuels se sont adress\u00e9s \u00e0 la F\u00e9d\u00e9ration des employ\u00e9s du p\u00e9trole et du gaz du Pakistan (All Pakistan Oil &amp; Gas Federation, APOGEF), affili\u00e9e \u00e0 IndustriALL, pour les aider \u00e0 former un syndicat. IndustriALL a appel\u00e9 Schlumberger \u00e0 respecter les droits syndicaux, \u00e0 fournir des indemnisations appropri\u00e9es, \u00e0 se conformer au droit du travail et \u00e0 r\u00e9gulariser les travailleurs contractuels.<\/p><p>L&rsquo;enregistrement, en mai 2020, du syndicat aupr\u00e8s de la Commission nationale des relations du travail a permis aux travailleurs de progresser significativement vers la r\u00e9alisation de leur droit \u00e0 la libert\u00e9 syndicale.<\/p><p>Malik Abdul Hameed, Secr\u00e9taire g\u00e9n\u00e9ral du syndicat des travailleurs de Schlumberger au Pakistan, a d\u00e9clar\u00e9 :<\/p><blockquote><p><a name=\"_Hlk42204842\">&quot;<\/a>Nous avons enregistr\u00e9 notre syndicat gr\u00e2ce \u00e0 la lutte r\u00e9solue de nos membres. Nous exprimons notre gratitude \u00e0 APOGEF et \u00e0 IndustriALL pour leur pr\u00e9cieux soutien.<\/p><p>&quot;\u00c0 l&rsquo;heure actuelle, tous les membres du syndicat sont des travailleurs contractuels qui souhaitent s&rsquo;engager dans la n\u00e9gociation collective et le dialogue social afin d&rsquo;obtenir des conditions de travail d\u00e9centes.&quot;<\/p><\/blockquote><section class=\"boxTurquoise\"><h3>IndustriALL Global Union f\u00e9licite les travailleurs de Schlumberger et leur syndicat national APOGEF pour leur lutte d\u00e9termin\u00e9e pour la dignit\u00e9, le respect des droits fondamentaux et la reconnaissance syndicale. C&rsquo;est la meilleure fa\u00e7on de prot\u00e9ger et de promouvoir les droits et les int\u00e9r\u00eats des travailleurs.<\/h3><\/section><p>Schlumberger est l&rsquo;un des principaux fournisseurs mondiaux de services p\u00e9troliers comprenant le forage, la production et le raffinage. L&rsquo;entreprise est pr\u00e9sente dans plus de 120 pays et emploie 103 000 personnes.<\/p>","protected":false},"featured_media":0,"template":"","issues":[396,398,425],"companies":[],"regions":[182],"sectors":[483],"article_tags":[],"class_list":["post-145506","article","type-article","status-publish","hentry","issues-building-strong-unions","issues-union-win","issues-workers-rights","regions-pakistan","sectors-energy-oil-gas-electricity-and-nuclear"],"acf":[],"yoast_head":"<!-- This site is optimized with the Yoast SEO Premium plugin v27.1 (Yoast SEO v27.1) - https:\/\/yoast.com\/product\/yoast-seo-premium-wordpress\/ -->\n<title>Les travailleurs de Schlumberger ont \u00e9t\u00e9 reconnus - industriall-union<\/title>\n<meta name=\"description\" content=\"Sur les quelque 900 travailleurs que Schlumberger emploie dans ses diff\u00e9rents sites au Pakistan, seuls environ 320 sont permanents et 580 sont des\" \/>\n<meta name=\"robots\" content=\"index, follow, max-snippet:-1, max-image-preview:large, max-video-preview:-1\" \/>\n<link rel=\"canonical\" href=\"https:\/\/admin.industriall-union.org\/fr\/les-travailleurs-de-schlumberger-ont-ete-reconnus\/\" \/>\n<meta property=\"og:locale\" content=\"fr_FR\" \/>\n<meta property=\"og:type\" content=\"article\" \/>\n<meta property=\"og:title\" content=\"Les travailleurs de Schlumberger ont \u00e9t\u00e9 reconnus\" \/>\n<meta property=\"og:description\" content=\"Sur les quelque 900 travailleurs que Schlumberger emploie dans ses diff\u00e9rents sites au Pakistan, seuls environ 320 sont permanents et 580 sont des\" \/>\n<meta property=\"og:url\" content=\"https:\/\/admin.industriall-union.org\/fr\/les-travailleurs-de-schlumberger-ont-ete-reconnus\/\" \/>\n<meta property=\"og:site_name\" content=\"industriall-union\" \/>\n<meta property=\"article:modified_time\" content=\"2025-01-30T20:48:50+00:00\" \/>\n<meta name=\"twitter:card\" content=\"summary_large_image\" \/>\n<meta name=\"twitter:label1\" content=\"Est. reading time\" \/>\n\t<meta name=\"twitter:data1\" content=\"2 minutes\" \/>\n<script type=\"application\/ld+json\" class=\"yoast-schema-graph\">{\"@context\":\"https:\/\/schema.org\",\"@graph\":[{\"@type\":\"WebPage\",\"@id\":\"https:\/\/admin.industriall-union.org\/fr\/les-travailleurs-de-schlumberger-ont-ete-reconnus\/\",\"url\":\"https:\/\/admin.industriall-union.org\/fr\/les-travailleurs-de-schlumberger-ont-ete-reconnus\/\",\"name\":\"Les travailleurs de Schlumberger ont \u00e9t\u00e9 reconnus - industriall-union\",\"isPartOf\":{\"@id\":\"https:\/\/admin.industriall-union.org\/#website\"},\"datePublished\":\"2020-06-04T14:53:08+00:00\",\"dateModified\":\"2025-01-30T20:48:50+00:00\",\"description\":\"Sur les quelque 900 travailleurs que Schlumberger emploie dans ses diff\u00e9rents sites au Pakistan, seuls environ 320 sont permanents et 580 sont des\",\"breadcrumb\":{\"@id\":\"https:\/\/admin.industriall-union.org\/fr\/les-travailleurs-de-schlumberger-ont-ete-reconnus\/#breadcrumb\"},\"inLanguage\":\"fr-FR\",\"potentialAction\":[{\"@type\":\"ReadAction\",\"target\":[\"https:\/\/admin.industriall-union.org\/fr\/les-travailleurs-de-schlumberger-ont-ete-reconnus\/\"]}]},{\"@type\":\"BreadcrumbList\",\"@id\":\"https:\/\/admin.industriall-union.org\/fr\/les-travailleurs-de-schlumberger-ont-ete-reconnus\/#breadcrumb\",\"itemListElement\":[{\"@type\":\"ListItem\",\"position\":1,\"name\":\"Home\",\"item\":\"https:\/\/admin.industriall-union.org\/\"},{\"@type\":\"ListItem\",\"position\":2,\"name\":\"Articles\",\"item\":\"https:\/\/admin.industriall-union.org\/article\/\"},{\"@type\":\"ListItem\",\"position\":3,\"name\":\"Les travailleurs de Schlumberger ont \u00e9t\u00e9 reconnus\"}]},{\"@type\":\"WebSite\",\"@id\":\"https:\/\/admin.industriall-union.org\/#website\",\"url\":\"https:\/\/admin.industriall-union.org\/\",\"name\":\"industriall-union\",\"description\":\"\",\"potentialAction\":[{\"@type\":\"SearchAction\",\"target\":{\"@type\":\"EntryPoint\",\"urlTemplate\":\"https:\/\/admin.industriall-union.org\/?s={search_term_string}\"},\"query-input\":{\"@type\":\"PropertyValueSpecification\",\"valueRequired\":true,\"valueName\":\"search_term_string\"}}],\"inLanguage\":\"fr-FR\"}]}<\/script>\n<!-- \/ Yoast SEO Premium plugin. -->","yoast_head_json":{"title":"Les travailleurs de Schlumberger ont \u00e9t\u00e9 reconnus - industriall-union","description":"Sur les quelque 900 travailleurs que Schlumberger emploie dans ses diff\u00e9rents sites au Pakistan, seuls environ 320 sont permanents et 580 sont des","robots":{"index":"index","follow":"follow","max-snippet":"max-snippet:-1","max-image-preview":"max-image-preview:large","max-video-preview":"max-video-preview:-1"},"canonical":"https:\/\/admin.industriall-union.org\/fr\/les-travailleurs-de-schlumberger-ont-ete-reconnus\/","og_locale":"fr_FR","og_type":"article","og_title":"Les travailleurs de Schlumberger ont \u00e9t\u00e9 reconnus","og_description":"Sur les quelque 900 travailleurs que Schlumberger emploie dans ses diff\u00e9rents sites au Pakistan, seuls environ 320 sont permanents et 580 sont des","og_url":"https:\/\/admin.industriall-union.org\/fr\/les-travailleurs-de-schlumberger-ont-ete-reconnus\/","og_site_name":"industriall-union","article_modified_time":"2025-01-30T20:48:50+00:00","twitter_card":"summary_large_image","twitter_misc":{"Est. reading time":"2 minutes"},"schema":{"@context":"https:\/\/schema.org","@graph":[{"@type":"WebPage","@id":"https:\/\/admin.industriall-union.org\/fr\/les-travailleurs-de-schlumberger-ont-ete-reconnus\/","url":"https:\/\/admin.industriall-union.org\/fr\/les-travailleurs-de-schlumberger-ont-ete-reconnus\/","name":"Les travailleurs de Schlumberger ont \u00e9t\u00e9 reconnus - industriall-union","isPartOf":{"@id":"https:\/\/admin.industriall-union.org\/#website"},"datePublished":"2020-06-04T14:53:08+00:00","dateModified":"2025-01-30T20:48:50+00:00","description":"Sur les quelque 900 travailleurs que Schlumberger emploie dans ses diff\u00e9rents sites au Pakistan, seuls environ 320 sont permanents et 580 sont des","breadcrumb":{"@id":"https:\/\/admin.industriall-union.org\/fr\/les-travailleurs-de-schlumberger-ont-ete-reconnus\/#breadcrumb"},"inLanguage":"fr-FR","potentialAction":[{"@type":"ReadAction","target":["https:\/\/admin.industriall-union.org\/fr\/les-travailleurs-de-schlumberger-ont-ete-reconnus\/"]}]},{"@type":"BreadcrumbList","@id":"https:\/\/admin.industriall-union.org\/fr\/les-travailleurs-de-schlumberger-ont-ete-reconnus\/#breadcrumb","itemListElement":[{"@type":"ListItem","position":1,"name":"Home","item":"https:\/\/admin.industriall-union.org\/"},{"@type":"ListItem","position":2,"name":"Articles","item":"https:\/\/admin.industriall-union.org\/article\/"},{"@type":"ListItem","position":3,"name":"Les travailleurs de Schlumberger ont \u00e9t\u00e9 reconnus"}]},{"@type":"WebSite","@id":"https:\/\/admin.industriall-union.org\/#website","url":"https:\/\/admin.industriall-union.org\/","name":"industriall-union","description":"","potentialAction":[{"@type":"SearchAction","target":{"@type":"EntryPoint","urlTemplate":"https:\/\/admin.industriall-union.org\/?s={search_term_string}"},"query-input":{"@type":"PropertyValueSpecification","valueRequired":true,"valueName":"search_term_string"}}],"inLanguage":"fr-FR"}]}},"_links":{"self":[{"href":"https:\/\/admin.industriall-union.org\/fr\/wp-json\/wp\/v2\/article\/145506","targetHints":{"allow":["GET"]}}],"collection":[{"href":"https:\/\/admin.industriall-union.org\/fr\/wp-json\/wp\/v2\/article"}],"about":[{"href":"https:\/\/admin.industriall-union.org\/fr\/wp-json\/wp\/v2\/types\/article"}],"wp:attachment":[{"href":"https:\/\/admin.industriall-union.org\/fr\/wp-json\/wp\/v2\/media?parent=145506"}],"wp:term":[{"taxonomy":"issues","embeddable":true,"href":"https:\/\/admin.industriall-union.org\/fr\/wp-json\/wp\/v2\/issues?post=145506"},{"taxonomy":"companies","embeddable":true,"href":"https:\/\/admin.industriall-union.org\/fr\/wp-json\/wp\/v2\/companies?post=145506"},{"taxonomy":"regions","embeddable":true,"href":"https:\/\/admin.industriall-union.org\/fr\/wp-json\/wp\/v2\/regions?post=145506"},{"taxonomy":"sectors","embeddable":true,"href":"https:\/\/admin.industriall-union.org\/fr\/wp-json\/wp\/v2\/sectors?post=145506"},{"taxonomy":"article_tags","embeddable":true,"href":"https:\/\/admin.industriall-union.org\/fr\/wp-json\/wp\/v2\/article_tags?post=145506"}],"curies":[{"name":"wp","href":"https:\/\/api.w.org\/{rel}","templated":true}]}}