{"id":145404,"date":"2020-07-06T14:05:47","date_gmt":"2020-07-06T14:05:47","guid":{"rendered":"https:\/\/admin.industriall-union.org\/les-syndicats-de-l-industrie-chimique-et-pharmaceutique-affrontent-ensemble-la-crise-de-la-covid-19\/"},"modified":"2025-01-30T13:54:24","modified_gmt":"2025-01-30T13:54:24","slug":"les-syndicats-de-l-industrie-chimique-et-pharmaceutique-affrontent-ensemble-la-crise-de-la-covid-19","status":"publish","type":"article","link":"https:\/\/admin.industriall-union.org\/fr\/les-syndicats-de-l-industrie-chimique-et-pharmaceutique-affrontent-ensemble-la-crise-de-la-covid-19\/","title":{"rendered":"Les syndicats de l\u2019industrie chimique et pharmaceutique affrontent ensemble la crise de la COVID-19"},"content":{"rendered":"<p>R\u00e9unis en juin pour coordonner les r\u00e9ponses syndicales au niveau international, 175 dirigeants syndicaux de l&rsquo;industrie chimique et pharmaceutique de 40 pays ont \u00e9valu\u00e9 l&rsquo;impact de la pand\u00e9mie sur les syndicats du secteur, \u00e9chang\u00e9 les bonnes pratiques relatives \u00e0 la n\u00e9gociation de conventions particuli\u00e8res et planifi\u00e9 les activit\u00e9s \u00e0 venir.<\/p><p>Les copr\u00e9sidents en charge du secteur \u00e0 IndustriALL ainsi que le pr\u00e9sident du groupe des syndicats pharmaceutiques ont tous soulign\u00e9 l&rsquo;importance de l&rsquo;unit\u00e9 et du r\u00f4le fort que les travailleurs doivent avoir dans la gestion de la r\u00e9ponse \u00e0 la crise.<\/p><p>Iris Wolf a expliqu\u00e9 le travail r\u00e9alis\u00e9 par IG BCE, en Allemagne, pour r\u00e9pondre \u00e0 la pand\u00e9mie. Le syndicat a conclu une convention avec l&rsquo;association patronale BAVC pour adapter les conditions de travail et d&rsquo;emploi d&rsquo;1,1 million de personnes employ\u00e9es dans le secteur jusqu&rsquo;\u00e0 la fin de l&rsquo;ann\u00e9e 2020. IG BCE offre \u00e9galement des webinaires d&rsquo;information complets \u00e0 l&rsquo;adresse de ses repr\u00e9sentants dans les comit\u00e9s d&rsquo;entreprises et de ses membres.<\/p><p>Sergio Luiz Leite, pr\u00e9sident de Fequimfar, au Br\u00e9sil, a expliqu\u00e9 que les attaques perp\u00e9tr\u00e9es contre la d\u00e9mocratie et les droits syndicaux par le Pr\u00e9sident du pays Bolsonaro continuent malgr\u00e9 la pand\u00e9mie. Les syndicats br\u00e9siliens du secteur r\u00e9sistent \u00e0 ces attaques, font campagne et s&rsquo;efforcent de renouveler les conventions collectives en mettant davantage l&rsquo;accent sur la sant\u00e9 et la s\u00e9curit\u00e9.<\/p><p>Masato Shinohara, membre du syndicat UA ZENSEN, au Japon, a expliqu\u00e9 que bien que l&rsquo;industrie chimique et pharmaceutique soit moins durement touch\u00e9e que d&rsquo;autres secteurs tels que l&rsquo;h\u00f4tellerie et les voyages, le secteur chimique est \u00e9galement impact\u00e9. Shinohara-san a soulign\u00e9 l&rsquo;importance de la solidarit\u00e9 entre les travailleurs pour prot\u00e9ger actuellement les conditions d&rsquo;emploi et les droits.<\/p><p>Le Secr\u00e9taire g\u00e9n\u00e9ral adjoint d&rsquo;IndustriALL, Kemal \u00d6zkan, a pr\u00e9sent\u00e9 une analyse des impacts des crises mondiales sur la sant\u00e9, l&rsquo;\u00e9conomie et l&rsquo;industrie manufacturi\u00e8re, en soulignant notamment le pr\u00e9judice plus fortement subi par certains groupes de la soci\u00e9t\u00e9 tels que les femmes :&nbsp;&nbsp;<\/p><blockquote><p>&quot;Alors que nous voyons la fortune du groupe des milliardaires augmenter de 20% pendant la pand\u00e9mie, nous devons axer nos demandes sur les gouvernements pour soutenir une reprise qui accorde de l&rsquo;importance aux travailleurs et \u00e0 leurs communaut\u00e9s, en particulier dans les pays du Sud o\u00f9 les revenus et la protection sociale sont inacceptablement faibles.&quot;<\/p><\/blockquote><p>La r\u00e9union a fait le point des nombreuses r\u00e9alisations importantes des syndicats du secteur qui ont conclu des conventions sp\u00e9cifiques dans le contexte de la pand\u00e9mie avec les employeurs de la chimie au niveau des entreprises et de l&rsquo;industrie. La mise en \u0153uvre du plan d&rsquo;action du secteur, adopt\u00e9 il y a un an lors de la Conf\u00e9rence mondiale d&rsquo;Istanbul, a \u00e9galement \u00e9t\u00e9 analys\u00e9e.<\/p><p>Des interventions de haute qualit\u00e9 ont \u00e9t\u00e9 fournies par les dirigeants syndicaux entre autres d&rsquo;Allemagne, d&rsquo;Am\u00e9rique du Nord, d&rsquo;Autriche, du Bangladesh, de Belgique, du Br\u00e9sil, d&rsquo;Espagne, de Finlande, d&rsquo;Indon\u00e9sie, d&rsquo;Italie, du Japon, du Maroc, du Nigeria, de Russie, du S\u00e9n\u00e9gal, du Royaume-Uni, de Tha\u00eflande et de Turquie. L&rsquo;exemple des syndicats espagnols, qui ont r\u00e9agi rapidement pour conclure avec les employeurs un accord national visant \u00e0 prot\u00e9ger les emplois et \u00e0 rendre le travail plus s\u00fbr, a \u00e9t\u00e9 cit\u00e9 parmi les nombreux exemples de syndicats ayant intensifi\u00e9 leurs efforts pour fournir des services \u00e0 la soci\u00e9t\u00e9.<\/p><p>La course \u00e0 la recherche d&rsquo;un vaccin dans le secteur pharmaceutique devrait donner lieu prochainement \u00e0 des tests humains. IndustriALL a des affili\u00e9s en premi\u00e8re ligne de cet effort. Beaucoup de lieux de travail o\u00f9 IndustriALL a \u00e9galement des affili\u00e9s ont abandonn\u00e9 leur production habituelle pour se consacrer davantage \u00e0 la production d&rsquo;\u00e9quipements de protection individuelle et de produits chimiques, comme les d\u00e9sinfectants, pour lutter contre le virus.<\/p><p>Le directeur charg\u00e9 du secteur \u00e0 IndustriALL, Tom Grinter, a d\u00e9clar\u00e9:<\/p><blockquote><p>&quot;La riche discussion qui a eu lieu durant cette r\u00e9union a permis de mettre en exergue de nombreux exemples inspirants de nos syndicats qui font campagne et n\u00e9gocient pour faire face ensemble au virus. Nous avan\u00e7ons plus unis et pr\u00eats \u00e0 faire progresser notre plan d&rsquo;action malgr\u00e9 les restrictions.&quot;<\/p><\/blockquote>","protected":false},"featured_media":0,"template":"","issues":[362,425],"companies":[],"regions":[],"sectors":[476],"article_tags":[],"class_list":["post-145404","article","type-article","status-publish","hentry","issues-covid-19","issues-workers-rights","sectors-chemical-pharmaceutical-bio-science"],"acf":[],"yoast_head":"<!-- This site is optimized with the Yoast SEO Premium plugin v27.1 (Yoast SEO v27.1) - https:\/\/yoast.com\/product\/yoast-seo-premium-wordpress\/ -->\n<title>Les syndicats de l\u2019industrie chimique et pharmaceutique affrontent ensemble la crise de la COVID-19 - industriall-union<\/title>\n<meta name=\"description\" content=\"R\u00e9unis en juin pour coordonner les r\u00e9ponses syndicales au niveau international, 175 dirigeants syndicaux de l&rsquo;industrie chimique et pharmaceutique\" \/>\n<meta name=\"robots\" content=\"index, follow, max-snippet:-1, max-image-preview:large, max-video-preview:-1\" \/>\n<link rel=\"canonical\" href=\"https:\/\/admin.industriall-union.org\/fr\/les-syndicats-de-l-industrie-chimique-et-pharmaceutique-affrontent-ensemble-la-crise-de-la-covid-19\/\" \/>\n<meta property=\"og:locale\" content=\"fr_FR\" \/>\n<meta property=\"og:type\" content=\"article\" \/>\n<meta property=\"og:title\" content=\"Les syndicats de l\u2019industrie chimique et pharmaceutique affrontent ensemble la crise de la COVID-19\" \/>\n<meta property=\"og:description\" content=\"R\u00e9unis en juin pour coordonner les r\u00e9ponses syndicales au niveau international, 175 dirigeants syndicaux de l&rsquo;industrie chimique et pharmaceutique\" \/>\n<meta property=\"og:url\" content=\"https:\/\/admin.industriall-union.org\/fr\/les-syndicats-de-l-industrie-chimique-et-pharmaceutique-affrontent-ensemble-la-crise-de-la-covid-19\/\" \/>\n<meta property=\"og:site_name\" content=\"industriall-union\" \/>\n<meta property=\"article:modified_time\" content=\"2025-01-30T13:54:24+00:00\" \/>\n<meta name=\"twitter:card\" content=\"summary_large_image\" \/>\n<meta name=\"twitter:label1\" content=\"Est. reading time\" \/>\n\t<meta name=\"twitter:data1\" content=\"4 minutes\" \/>\n<script type=\"application\/ld+json\" class=\"yoast-schema-graph\">{\"@context\":\"https:\/\/schema.org\",\"@graph\":[{\"@type\":\"WebPage\",\"@id\":\"https:\/\/admin.industriall-union.org\/fr\/les-syndicats-de-l-industrie-chimique-et-pharmaceutique-affrontent-ensemble-la-crise-de-la-covid-19\/\",\"url\":\"https:\/\/admin.industriall-union.org\/fr\/les-syndicats-de-l-industrie-chimique-et-pharmaceutique-affrontent-ensemble-la-crise-de-la-covid-19\/\",\"name\":\"Les syndicats de l\u2019industrie chimique et pharmaceutique affrontent ensemble la crise de la COVID-19 - industriall-union\",\"isPartOf\":{\"@id\":\"https:\/\/admin.industriall-union.org\/#website\"},\"datePublished\":\"2020-07-06T14:05:47+00:00\",\"dateModified\":\"2025-01-30T13:54:24+00:00\",\"description\":\"R\u00e9unis en juin pour coordonner les r\u00e9ponses syndicales au niveau international, 175 dirigeants syndicaux de l&rsquo;industrie chimique et pharmaceutique\",\"breadcrumb\":{\"@id\":\"https:\/\/admin.industriall-union.org\/fr\/les-syndicats-de-l-industrie-chimique-et-pharmaceutique-affrontent-ensemble-la-crise-de-la-covid-19\/#breadcrumb\"},\"inLanguage\":\"fr-FR\",\"potentialAction\":[{\"@type\":\"ReadAction\",\"target\":[\"https:\/\/admin.industriall-union.org\/fr\/les-syndicats-de-l-industrie-chimique-et-pharmaceutique-affrontent-ensemble-la-crise-de-la-covid-19\/\"]}]},{\"@type\":\"BreadcrumbList\",\"@id\":\"https:\/\/admin.industriall-union.org\/fr\/les-syndicats-de-l-industrie-chimique-et-pharmaceutique-affrontent-ensemble-la-crise-de-la-covid-19\/#breadcrumb\",\"itemListElement\":[{\"@type\":\"ListItem\",\"position\":1,\"name\":\"Home\",\"item\":\"https:\/\/admin.industriall-union.org\/\"},{\"@type\":\"ListItem\",\"position\":2,\"name\":\"Articles\",\"item\":\"https:\/\/admin.industriall-union.org\/article\/\"},{\"@type\":\"ListItem\",\"position\":3,\"name\":\"Les syndicats de l\u2019industrie chimique et pharmaceutique affrontent ensemble la crise de la COVID-19\"}]},{\"@type\":\"WebSite\",\"@id\":\"https:\/\/admin.industriall-union.org\/#website\",\"url\":\"https:\/\/admin.industriall-union.org\/\",\"name\":\"industriall-union\",\"description\":\"\",\"potentialAction\":[{\"@type\":\"SearchAction\",\"target\":{\"@type\":\"EntryPoint\",\"urlTemplate\":\"https:\/\/admin.industriall-union.org\/?s={search_term_string}\"},\"query-input\":{\"@type\":\"PropertyValueSpecification\",\"valueRequired\":true,\"valueName\":\"search_term_string\"}}],\"inLanguage\":\"fr-FR\"}]}<\/script>\n<!-- \/ Yoast SEO Premium plugin. -->","yoast_head_json":{"title":"Les syndicats de l\u2019industrie chimique et pharmaceutique affrontent ensemble la crise de la COVID-19 - industriall-union","description":"R\u00e9unis en juin pour coordonner les r\u00e9ponses syndicales au niveau international, 175 dirigeants syndicaux de l&rsquo;industrie chimique et pharmaceutique","robots":{"index":"index","follow":"follow","max-snippet":"max-snippet:-1","max-image-preview":"max-image-preview:large","max-video-preview":"max-video-preview:-1"},"canonical":"https:\/\/admin.industriall-union.org\/fr\/les-syndicats-de-l-industrie-chimique-et-pharmaceutique-affrontent-ensemble-la-crise-de-la-covid-19\/","og_locale":"fr_FR","og_type":"article","og_title":"Les syndicats de l\u2019industrie chimique et pharmaceutique affrontent ensemble la crise de la COVID-19","og_description":"R\u00e9unis en juin pour coordonner les r\u00e9ponses syndicales au niveau international, 175 dirigeants syndicaux de l&rsquo;industrie chimique et pharmaceutique","og_url":"https:\/\/admin.industriall-union.org\/fr\/les-syndicats-de-l-industrie-chimique-et-pharmaceutique-affrontent-ensemble-la-crise-de-la-covid-19\/","og_site_name":"industriall-union","article_modified_time":"2025-01-30T13:54:24+00:00","twitter_card":"summary_large_image","twitter_misc":{"Est. reading time":"4 minutes"},"schema":{"@context":"https:\/\/schema.org","@graph":[{"@type":"WebPage","@id":"https:\/\/admin.industriall-union.org\/fr\/les-syndicats-de-l-industrie-chimique-et-pharmaceutique-affrontent-ensemble-la-crise-de-la-covid-19\/","url":"https:\/\/admin.industriall-union.org\/fr\/les-syndicats-de-l-industrie-chimique-et-pharmaceutique-affrontent-ensemble-la-crise-de-la-covid-19\/","name":"Les syndicats de l\u2019industrie chimique et pharmaceutique affrontent ensemble la crise de la COVID-19 - industriall-union","isPartOf":{"@id":"https:\/\/admin.industriall-union.org\/#website"},"datePublished":"2020-07-06T14:05:47+00:00","dateModified":"2025-01-30T13:54:24+00:00","description":"R\u00e9unis en juin pour coordonner les r\u00e9ponses syndicales au niveau international, 175 dirigeants syndicaux de l&rsquo;industrie chimique et pharmaceutique","breadcrumb":{"@id":"https:\/\/admin.industriall-union.org\/fr\/les-syndicats-de-l-industrie-chimique-et-pharmaceutique-affrontent-ensemble-la-crise-de-la-covid-19\/#breadcrumb"},"inLanguage":"fr-FR","potentialAction":[{"@type":"ReadAction","target":["https:\/\/admin.industriall-union.org\/fr\/les-syndicats-de-l-industrie-chimique-et-pharmaceutique-affrontent-ensemble-la-crise-de-la-covid-19\/"]}]},{"@type":"BreadcrumbList","@id":"https:\/\/admin.industriall-union.org\/fr\/les-syndicats-de-l-industrie-chimique-et-pharmaceutique-affrontent-ensemble-la-crise-de-la-covid-19\/#breadcrumb","itemListElement":[{"@type":"ListItem","position":1,"name":"Home","item":"https:\/\/admin.industriall-union.org\/"},{"@type":"ListItem","position":2,"name":"Articles","item":"https:\/\/admin.industriall-union.org\/article\/"},{"@type":"ListItem","position":3,"name":"Les syndicats de l\u2019industrie chimique et pharmaceutique affrontent ensemble la crise de la COVID-19"}]},{"@type":"WebSite","@id":"https:\/\/admin.industriall-union.org\/#website","url":"https:\/\/admin.industriall-union.org\/","name":"industriall-union","description":"","potentialAction":[{"@type":"SearchAction","target":{"@type":"EntryPoint","urlTemplate":"https:\/\/admin.industriall-union.org\/?s={search_term_string}"},"query-input":{"@type":"PropertyValueSpecification","valueRequired":true,"valueName":"search_term_string"}}],"inLanguage":"fr-FR"}]}},"_links":{"self":[{"href":"https:\/\/admin.industriall-union.org\/fr\/wp-json\/wp\/v2\/article\/145404","targetHints":{"allow":["GET"]}}],"collection":[{"href":"https:\/\/admin.industriall-union.org\/fr\/wp-json\/wp\/v2\/article"}],"about":[{"href":"https:\/\/admin.industriall-union.org\/fr\/wp-json\/wp\/v2\/types\/article"}],"wp:attachment":[{"href":"https:\/\/admin.industriall-union.org\/fr\/wp-json\/wp\/v2\/media?parent=145404"}],"wp:term":[{"taxonomy":"issues","embeddable":true,"href":"https:\/\/admin.industriall-union.org\/fr\/wp-json\/wp\/v2\/issues?post=145404"},{"taxonomy":"companies","embeddable":true,"href":"https:\/\/admin.industriall-union.org\/fr\/wp-json\/wp\/v2\/companies?post=145404"},{"taxonomy":"regions","embeddable":true,"href":"https:\/\/admin.industriall-union.org\/fr\/wp-json\/wp\/v2\/regions?post=145404"},{"taxonomy":"sectors","embeddable":true,"href":"https:\/\/admin.industriall-union.org\/fr\/wp-json\/wp\/v2\/sectors?post=145404"},{"taxonomy":"article_tags","embeddable":true,"href":"https:\/\/admin.industriall-union.org\/fr\/wp-json\/wp\/v2\/article_tags?post=145404"}],"curies":[{"name":"wp","href":"https:\/\/api.w.org\/{rel}","templated":true}]}}