{"id":145373,"date":"2020-07-23T14:05:40","date_gmt":"2020-07-23T14:05:40","guid":{"rendered":"https:\/\/admin.industriall-union.org\/maurice-les-employeurs-utilisent-la-covid-19-pour-faire-reculer-le-droit-du-travail\/"},"modified":"2025-01-30T12:53:20","modified_gmt":"2025-01-30T12:53:20","slug":"maurice-les-employeurs-utilisent-la-covid-19-pour-faire-reculer-le-droit-du-travail","status":"publish","type":"article","link":"https:\/\/admin.industriall-union.org\/fr\/maurice-les-employeurs-utilisent-la-covid-19-pour-faire-reculer-le-droit-du-travail\/","title":{"rendered":"Maurice: les employeurs utilisent la COVID-19 pour faire reculer le droit du travail"},"content":{"rendered":"<p>Apr\u00e8s avoir exerc\u00e9 une pression soutenue sur le gouvernement durant 16 ans, les syndicats mauriciens, dont l&rsquo;affili\u00e9 \u00e0 IndustriALL, la Conf\u00e9d\u00e9ration des travailleurs des secteurs public et priv\u00e9 (CTSP), <a href=\"http:\/\/www.industriall-union.org\/workers-rights-act-amendments-a-victory-for-mauritius-unions\">ont f\u00eat\u00e9 les nouveaux amendements \u00e0 la l\u00e9gislation sur le travail<\/a> comme une victoire majeure. Les nouvelles dispositions ont permis d&rsquo;augmenter la protection des travailleurs, y compris des travailleurs migrants et pr\u00e9caires, dans toutes les industries.<\/p><p>Peu de temps apr\u00e8s leur adoption, la pand\u00e9mie mondiale de la COVID-19 a n\u00e9anmoins contraint le pays au confinement et, bien que les amendements apport\u00e9s au droit du travail eurent \u00e9t\u00e9 extr\u00eamement b\u00e9n\u00e9fiques pour les travailleurs durant cette p\u00e9riode, <a href=\"http:\/\/www.industriall-union.org\/protecting-workers-rights-during-lockdown-in-mauritius\">les employeurs n&rsquo;ont pas tard\u00e9 \u00e0 faire pression sur le gouvernement pour qu&rsquo;il revienne en arri\u00e8re<\/a>.<\/p><blockquote><p>&quot;La CTSP a sinc\u00e8rement cru que les activit\u00e9s et le travail ne pourraient pas reprendre de la m\u00eame mani\u00e8re qu&rsquo;avant la COVID-19 mais que tous, sans exception, nous changerions nos points de vue et comprendrions vraiment que nous devons travailler de concert et faire pression pour mettre en place une nouvelle normalit\u00e9.<\/p><p>&quot;Les employeurs des plus grandes entreprises implant\u00e9es \u00e0 Maurice ont profit\u00e9 de cette p\u00e9riode de pand\u00e9mie pour faire pression sur le gouvernement afin que la loi adopt\u00e9e apr\u00e8s tant d&rsquo;efforts soit amend\u00e9e \u00e0 leur propre avantage&quot;,<\/p><\/blockquote><p>a d\u00e9clar\u00e9 Reeaz Chutto, pr\u00e9sident de la CTSP.<\/p><p>En mai 2020, le gouvernement a modifi\u00e9 les dispositions de la nouvelle Loi sur les droits des travailleurs au profit des employeurs. Bien que les syndicats se soient battus avec force pour maintenir le plus possible son contenu, ils ont r\u00e9ussi \u00e0 emp\u00eacher l&rsquo;adoption d&rsquo;un des amendements seulement.<\/p><p>Ainsi, ils ne sont parvenus qu&rsquo;\u00e0 maintenir la disposition relative au Fonds d&rsquo;indemnisation de licenciement transf\u00e9rable, qui prot\u00e8ge les travailleurs licenci\u00e9s, dont les travailleurs pr\u00e9caires. Selon cette disposition, tout employeur a l&rsquo;obligation de cotiser au Fonds pour chacun de ses employ\u00e9s et ce, quel que soit le type de contrat d&rsquo;embauche dont il b\u00e9n\u00e9ficie. Les travailleurs qui perdent leurs emplois peuvent percevoir de l&rsquo;argent du Fonds.<\/p><p>Bien que le Premier ministre, Pravin Jugnauth, ait d\u00e9clar\u00e9 aux syndicats que les travailleurs pourraient \u00e0 nouveau b\u00e9n\u00e9ficier des amendements de 2019 d&rsquo;ici 2024, les syndicats ont clairement indiqu\u00e9 qu&rsquo;ils ne resteront pas les bras crois\u00e9s et qu&rsquo;ils poursuivront leur lutte pour que tous ces amendements soient r\u00e9tablis au profit des travailleurs.<\/p><p>La CTSP a constat\u00e9 une augmentation du nombre des travailleurs syndiqu\u00e9s depuis le d\u00e9but de la pand\u00e9mie. Face aux offensives des employeurs, usant de man\u0153uvres pour intimider et menacer les travailleurs, et d\u00e9grader leurs conditions de travail, ces derniers cherchent le soutien des syndicats pour conserver leurs conditions de travail ant\u00e9rieures.<\/p><p>La CTSP a recrut\u00e9 plus de 250 travailleurs migrants employ\u00e9s dans le secteur du textile et de l&rsquo;habillement, des fruits de mer et de la construction. La majorit\u00e9 de ces travailleurs sont originaires d&rsquo;Inde, du Bangladesh et de Madagascar.<\/p><blockquote><p>&quot;De nombreux travailleurs migrants n&rsquo;ont pas per\u00e7u leurs salaires depuis plus de trois mois. La CTSP n\u00e9gocie actuellement avec le Ministre du Travail pour qu&rsquo;ils disposent d&rsquo;un bureau sp\u00e9cial charg\u00e9 des r\u00e9affectations. Nous recommandons \u00e9galement la mise en place d&rsquo;un bureau centralis\u00e9 o\u00f9 ils pourront faire part de l&rsquo;ensemble de leurs probl\u00e8mes sans avoir \u00e0 passer par diff\u00e9rents minist\u00e8res et d\u00e9partements.&quot;<\/p><\/blockquote><p>a indiqu\u00e9 Jane Ragoo, Secr\u00e9taire g\u00e9n\u00e9rale de la CTSP.<\/p><blockquote><p>&quot;IndustriALL f\u00e9licite la CTSP pour sa capacit\u00e9 de r\u00e9silience en ces temps difficiles. Le syndicat s&rsquo;est battu avec force pour faire adopter la loi. Malheureusement, sous la pression des employeurs, le gouvernement a maintenant recul\u00e9. Parce qu&rsquo;ils d\u00e9fendent les travailleurs, les syndicats constatent une augmentation du nombre de leurs adh\u00e9rents. C&rsquo;est le moment o\u00f9 les travailleurs voient les avantages de faire partie d&rsquo;un syndicat qui lutte pour leurs droits.&quot;<\/p><\/blockquote><p>a d\u00e9clar\u00e9 le Secr\u00e9taire g\u00e9n\u00e9ral d&rsquo;IndustriALL, Valter Sanches.<\/p><p><\/p>","protected":false},"featured_media":0,"template":"","issues":[362],"companies":[],"regions":[339,311],"sectors":[],"article_tags":[513],"class_list":["post-145373","article","type-article","status-publish","hentry","issues-covid-19","regions-mauritius","regions-sub-saharan-africa","article_tags-labour-laws"],"acf":[],"yoast_head":"<!-- This site is optimized with the Yoast SEO Premium plugin v27.1 (Yoast SEO v27.1) - https:\/\/yoast.com\/product\/yoast-seo-premium-wordpress\/ -->\n<title>Maurice: les employeurs utilisent la COVID-19 pour faire reculer le droit du travail - industriall-union<\/title>\n<meta name=\"description\" content=\"Apr\u00e8s avoir exerc\u00e9 une pression soutenue sur le gouvernement durant 16 ans, les syndicats mauriciens, dont l&rsquo;affili\u00e9 \u00e0 IndustriALL, la Conf\u00e9d\u00e9ration\" \/>\n<meta name=\"robots\" content=\"index, follow, max-snippet:-1, max-image-preview:large, max-video-preview:-1\" \/>\n<link rel=\"canonical\" href=\"https:\/\/admin.industriall-union.org\/fr\/maurice-les-employeurs-utilisent-la-covid-19-pour-faire-reculer-le-droit-du-travail\/\" \/>\n<meta property=\"og:locale\" content=\"fr_FR\" \/>\n<meta property=\"og:type\" content=\"article\" \/>\n<meta property=\"og:title\" content=\"Maurice: les employeurs utilisent la COVID-19 pour faire reculer le droit du travail\" \/>\n<meta property=\"og:description\" content=\"Apr\u00e8s avoir exerc\u00e9 une pression soutenue sur le gouvernement durant 16 ans, les syndicats mauriciens, dont l&rsquo;affili\u00e9 \u00e0 IndustriALL, la Conf\u00e9d\u00e9ration\" \/>\n<meta property=\"og:url\" content=\"https:\/\/admin.industriall-union.org\/fr\/maurice-les-employeurs-utilisent-la-covid-19-pour-faire-reculer-le-droit-du-travail\/\" \/>\n<meta property=\"og:site_name\" content=\"industriall-union\" \/>\n<meta property=\"article:modified_time\" content=\"2025-01-30T12:53:20+00:00\" \/>\n<meta name=\"twitter:card\" content=\"summary_large_image\" \/>\n<meta name=\"twitter:label1\" content=\"Est. reading time\" \/>\n\t<meta name=\"twitter:data1\" content=\"4 minutes\" \/>\n<script type=\"application\/ld+json\" class=\"yoast-schema-graph\">{\"@context\":\"https:\/\/schema.org\",\"@graph\":[{\"@type\":\"WebPage\",\"@id\":\"https:\/\/admin.industriall-union.org\/fr\/maurice-les-employeurs-utilisent-la-covid-19-pour-faire-reculer-le-droit-du-travail\/\",\"url\":\"https:\/\/admin.industriall-union.org\/fr\/maurice-les-employeurs-utilisent-la-covid-19-pour-faire-reculer-le-droit-du-travail\/\",\"name\":\"Maurice: les employeurs utilisent la COVID-19 pour faire reculer le droit du travail - industriall-union\",\"isPartOf\":{\"@id\":\"https:\/\/admin.industriall-union.org\/#website\"},\"datePublished\":\"2020-07-23T14:05:40+00:00\",\"dateModified\":\"2025-01-30T12:53:20+00:00\",\"description\":\"Apr\u00e8s avoir exerc\u00e9 une pression soutenue sur le gouvernement durant 16 ans, les syndicats mauriciens, dont l&rsquo;affili\u00e9 \u00e0 IndustriALL, la Conf\u00e9d\u00e9ration\",\"breadcrumb\":{\"@id\":\"https:\/\/admin.industriall-union.org\/fr\/maurice-les-employeurs-utilisent-la-covid-19-pour-faire-reculer-le-droit-du-travail\/#breadcrumb\"},\"inLanguage\":\"fr-FR\",\"potentialAction\":[{\"@type\":\"ReadAction\",\"target\":[\"https:\/\/admin.industriall-union.org\/fr\/maurice-les-employeurs-utilisent-la-covid-19-pour-faire-reculer-le-droit-du-travail\/\"]}]},{\"@type\":\"BreadcrumbList\",\"@id\":\"https:\/\/admin.industriall-union.org\/fr\/maurice-les-employeurs-utilisent-la-covid-19-pour-faire-reculer-le-droit-du-travail\/#breadcrumb\",\"itemListElement\":[{\"@type\":\"ListItem\",\"position\":1,\"name\":\"Home\",\"item\":\"https:\/\/admin.industriall-union.org\/\"},{\"@type\":\"ListItem\",\"position\":2,\"name\":\"Articles\",\"item\":\"https:\/\/admin.industriall-union.org\/article\/\"},{\"@type\":\"ListItem\",\"position\":3,\"name\":\"Maurice: les employeurs utilisent la COVID-19 pour faire reculer le droit du travail\"}]},{\"@type\":\"WebSite\",\"@id\":\"https:\/\/admin.industriall-union.org\/#website\",\"url\":\"https:\/\/admin.industriall-union.org\/\",\"name\":\"industriall-union\",\"description\":\"\",\"potentialAction\":[{\"@type\":\"SearchAction\",\"target\":{\"@type\":\"EntryPoint\",\"urlTemplate\":\"https:\/\/admin.industriall-union.org\/?s={search_term_string}\"},\"query-input\":{\"@type\":\"PropertyValueSpecification\",\"valueRequired\":true,\"valueName\":\"search_term_string\"}}],\"inLanguage\":\"fr-FR\"}]}<\/script>\n<!-- \/ Yoast SEO Premium plugin. -->","yoast_head_json":{"title":"Maurice: les employeurs utilisent la COVID-19 pour faire reculer le droit du travail - industriall-union","description":"Apr\u00e8s avoir exerc\u00e9 une pression soutenue sur le gouvernement durant 16 ans, les syndicats mauriciens, dont l&rsquo;affili\u00e9 \u00e0 IndustriALL, la Conf\u00e9d\u00e9ration","robots":{"index":"index","follow":"follow","max-snippet":"max-snippet:-1","max-image-preview":"max-image-preview:large","max-video-preview":"max-video-preview:-1"},"canonical":"https:\/\/admin.industriall-union.org\/fr\/maurice-les-employeurs-utilisent-la-covid-19-pour-faire-reculer-le-droit-du-travail\/","og_locale":"fr_FR","og_type":"article","og_title":"Maurice: les employeurs utilisent la COVID-19 pour faire reculer le droit du travail","og_description":"Apr\u00e8s avoir exerc\u00e9 une pression soutenue sur le gouvernement durant 16 ans, les syndicats mauriciens, dont l&rsquo;affili\u00e9 \u00e0 IndustriALL, la Conf\u00e9d\u00e9ration","og_url":"https:\/\/admin.industriall-union.org\/fr\/maurice-les-employeurs-utilisent-la-covid-19-pour-faire-reculer-le-droit-du-travail\/","og_site_name":"industriall-union","article_modified_time":"2025-01-30T12:53:20+00:00","twitter_card":"summary_large_image","twitter_misc":{"Est. reading time":"4 minutes"},"schema":{"@context":"https:\/\/schema.org","@graph":[{"@type":"WebPage","@id":"https:\/\/admin.industriall-union.org\/fr\/maurice-les-employeurs-utilisent-la-covid-19-pour-faire-reculer-le-droit-du-travail\/","url":"https:\/\/admin.industriall-union.org\/fr\/maurice-les-employeurs-utilisent-la-covid-19-pour-faire-reculer-le-droit-du-travail\/","name":"Maurice: les employeurs utilisent la COVID-19 pour faire reculer le droit du travail - industriall-union","isPartOf":{"@id":"https:\/\/admin.industriall-union.org\/#website"},"datePublished":"2020-07-23T14:05:40+00:00","dateModified":"2025-01-30T12:53:20+00:00","description":"Apr\u00e8s avoir exerc\u00e9 une pression soutenue sur le gouvernement durant 16 ans, les syndicats mauriciens, dont l&rsquo;affili\u00e9 \u00e0 IndustriALL, la Conf\u00e9d\u00e9ration","breadcrumb":{"@id":"https:\/\/admin.industriall-union.org\/fr\/maurice-les-employeurs-utilisent-la-covid-19-pour-faire-reculer-le-droit-du-travail\/#breadcrumb"},"inLanguage":"fr-FR","potentialAction":[{"@type":"ReadAction","target":["https:\/\/admin.industriall-union.org\/fr\/maurice-les-employeurs-utilisent-la-covid-19-pour-faire-reculer-le-droit-du-travail\/"]}]},{"@type":"BreadcrumbList","@id":"https:\/\/admin.industriall-union.org\/fr\/maurice-les-employeurs-utilisent-la-covid-19-pour-faire-reculer-le-droit-du-travail\/#breadcrumb","itemListElement":[{"@type":"ListItem","position":1,"name":"Home","item":"https:\/\/admin.industriall-union.org\/"},{"@type":"ListItem","position":2,"name":"Articles","item":"https:\/\/admin.industriall-union.org\/article\/"},{"@type":"ListItem","position":3,"name":"Maurice: les employeurs utilisent la COVID-19 pour faire reculer le droit du travail"}]},{"@type":"WebSite","@id":"https:\/\/admin.industriall-union.org\/#website","url":"https:\/\/admin.industriall-union.org\/","name":"industriall-union","description":"","potentialAction":[{"@type":"SearchAction","target":{"@type":"EntryPoint","urlTemplate":"https:\/\/admin.industriall-union.org\/?s={search_term_string}"},"query-input":{"@type":"PropertyValueSpecification","valueRequired":true,"valueName":"search_term_string"}}],"inLanguage":"fr-FR"}]}},"_links":{"self":[{"href":"https:\/\/admin.industriall-union.org\/fr\/wp-json\/wp\/v2\/article\/145373","targetHints":{"allow":["GET"]}}],"collection":[{"href":"https:\/\/admin.industriall-union.org\/fr\/wp-json\/wp\/v2\/article"}],"about":[{"href":"https:\/\/admin.industriall-union.org\/fr\/wp-json\/wp\/v2\/types\/article"}],"wp:attachment":[{"href":"https:\/\/admin.industriall-union.org\/fr\/wp-json\/wp\/v2\/media?parent=145373"}],"wp:term":[{"taxonomy":"issues","embeddable":true,"href":"https:\/\/admin.industriall-union.org\/fr\/wp-json\/wp\/v2\/issues?post=145373"},{"taxonomy":"companies","embeddable":true,"href":"https:\/\/admin.industriall-union.org\/fr\/wp-json\/wp\/v2\/companies?post=145373"},{"taxonomy":"regions","embeddable":true,"href":"https:\/\/admin.industriall-union.org\/fr\/wp-json\/wp\/v2\/regions?post=145373"},{"taxonomy":"sectors","embeddable":true,"href":"https:\/\/admin.industriall-union.org\/fr\/wp-json\/wp\/v2\/sectors?post=145373"},{"taxonomy":"article_tags","embeddable":true,"href":"https:\/\/admin.industriall-union.org\/fr\/wp-json\/wp\/v2\/article_tags?post=145373"}],"curies":[{"name":"wp","href":"https:\/\/api.w.org\/{rel}","templated":true}]}}