{"id":145254,"date":"2020-09-30T07:00:41","date_gmt":"2020-09-30T07:00:41","guid":{"rendered":"https:\/\/admin.industriall-union.org\/les-syndicats-allemands-se-dressent-contre-continental\/"},"modified":"2025-01-30T09:32:25","modified_gmt":"2025-01-30T09:32:25","slug":"les-syndicats-allemands-se-dressent-contre-continental","status":"publish","type":"article","link":"https:\/\/admin.industriall-union.org\/fr\/les-syndicats-allemands-se-dressent-contre-continental\/","title":{"rendered":"Les syndicats allemands se dressent contre Continental"},"content":{"rendered":"<p>Continental affirme que le recul de la construction automobile conjugu\u00e9 \u00e0 la crise \u00e9conomique provoqu\u00e9e par la pand\u00e9mie sont la cause des suppressions annonc\u00e9es. En tout, Continental projette de supprimer en Allemagne 13.000 emplois sur les 30.000 du monde entier qui doivent \u00eatre &quot;modifi\u00e9s, relocalis\u00e9s ou supprim\u00e9s&quot;.<\/p><p>Pour les syndicats allemands IG BCE et IG Metall, les explications donn\u00e9es pour cette annonce-surprise sont inexactes, c&#039;est plut\u00f4t &quot;supprimer pour le plaisir de supprimer&quot;.<\/p><p>En r\u00e9action \u00e0 l&#039;annonce par Continental de la fermeture de l&#039;usine d&#039;Aix fin 2021, des milliers de personnes ont protest\u00e9 dans la ville le 23 septembre, avec masques et dans le respect des distances de s\u00e9curit\u00e9.<\/p><figure class=\"imageArticle imageMedium\"><img decoding=\"async\" alt=\"\" src=\"\/wp-content\/uploads\/images\/2020\/GERMANY\/Continental\/screenshot_2020-09-29_at_17.25.21.png\" style=\"width: 600px;height: 338px\" \/><figcaption class=\"imageContent\">&nbsp;<\/figcaption><\/figure><p>Le 29 septembre, 2.000 personnes ont manifest\u00e9 \u00e0 Hanovre, devant l&#039;immeuble o\u00f9 le conseil de surveillance \u00e9tait en r\u00e9union.<\/p><figure class=\"imageArticle imageMedium imageOverlay\"><img decoding=\"async\" alt=\"\" src=\"\/wp-content\/uploads\/images\/2020\/GERMANY\/Continental\/screenshot_2020-09-29_at_15.57.17.png\" style=\"width: 600px;height: 399px\" \/><figcaption class=\"imageContent\">&nbsp;<\/figcaption><\/figure><p>Le pr\u00e9sident d&#039;IG BCE, Michael Vassiliadis, s&#039;est adress\u00e9 aux manifestants :<\/p><blockquote><p>&quot;C&#039;est l&#039;exemple d&#039;une entreprise allemande qui d\u00e9cide de tourner le dos \u00e0 la solidarit\u00e9 et \u00e0 la responsabilit\u00e9 sociale qui, jusqu&#039;\u00e0 pr\u00e9sent, nous ont guid\u00e9s dans cette crise, sans \u00e9gard pour l&#039;avenir des personnes et des communaut\u00e9s affect\u00e9es. Ses propri\u00e9taires doivent mettre fin \u00e0 cette attaque contre le personnel et tracer la voie pour des alternatives intelligentes.&quot;&nbsp;<\/p><\/blockquote><p>Le pr\u00e9sident d&#039;IG Metall et d&#039;IndustriALL, J\u00f6rg Hofmann, a lui aussi pris la parole :<\/p><blockquote><p>&quot;Il est scandaleux qu&#039;une entreprise qui b\u00e9n\u00e9ficie d&#039;aides fiscales profite en m\u00eame temps de la crise pour d\u00e9localiser le travail vers des pays \u00e0 bas salaires. Plus la crise durera, plus l&#039;emploi sera sous pression. Or, les entreprises devraient investir dans la recherche et le d\u00e9veloppement pour \u00eatre en mesure de s&#039;adapter \u00e0 la d\u00e9carbonation et \u00e0 la num\u00e9risation.&quot;&nbsp;<\/p><\/blockquote><p>Le comit\u00e9 d&#039;entreprise de Continental a lanc\u00e9 une p\u00e9tition r\u00e9clamant la suspension des licenciements annonc\u00e9s jusqu&#039;\u00e0 la finalisation des n\u00e9gociations avec les syndicats. Ceux-ci r\u00e9p\u00e8tent que la s\u00e9curit\u00e9 d&#039;emploi et des perspectives durables pour tous les salari\u00e9s restent leur priorit\u00e9 absolue, et ils veulent si\u00e9ger \u00e0 la table pour la prise des d\u00e9cisions \u00e0 venir.<\/p><section><h3>&quot;En tant que repr\u00e9sentants des salari\u00e9s, nous avons fait preuve \u00e0 maintes reprises d&#039;une volont\u00e9 de trouver des solutions et de cr\u00e9ativit\u00e9 dans l&#039;int\u00e9r\u00eat, \u00e0 la fois, des salari\u00e9s et de l&#039;entreprise,&quot; a d\u00e9clar\u00e9 le comit\u00e9 d&#039;entreprise.<\/h3><\/section><p>Le secr\u00e9taire g\u00e9n\u00e9ral adjoint d&#039;IndustriALL Kemal \u00d6zkan clame que le syndicat mondial partage la col\u00e8re de ses deux affili\u00e9s allemands :<\/p><p>&quot;L&#039;annonce par Continental de la fermeture du site d&#039;Aix-la-Chapelle et de la suppression de 30.000 emplois dans le monde, dont 13.000 en Allemagne, est une trahison. L&#039;\u00c9tat allemand a suffisamment soutenu les entreprises pendant la crise du Covid et il est totalement inacceptable qu&#039;elles profitent de l&#039;occasion pour d\u00e9localiser vers des pays \u00e0 bas salaires.&quot;<\/p>","protected":false},"featured_media":0,"template":"","issues":[362,425],"companies":[],"regions":[219],"sectors":[473],"article_tags":[],"class_list":["post-145254","article","type-article","status-publish","hentry","issues-covid-19","issues-workers-rights","regions-germany","sectors-rubber"],"acf":[],"yoast_head":"<!-- This site is optimized with the Yoast SEO Premium plugin v27.1 (Yoast SEO v27.1) - https:\/\/yoast.com\/product\/yoast-seo-premium-wordpress\/ -->\n<title>Les syndicats allemands se dressent contre Continental - industriall-union<\/title>\n<meta name=\"description\" content=\"Continental affirme que le recul de la construction automobile conjugu\u00e9 \u00e0 la crise \u00e9conomique provoqu\u00e9e par la pand\u00e9mie sont la cause des suppressions\" \/>\n<meta name=\"robots\" content=\"index, follow, max-snippet:-1, max-image-preview:large, max-video-preview:-1\" \/>\n<link rel=\"canonical\" href=\"https:\/\/admin.industriall-union.org\/fr\/les-syndicats-allemands-se-dressent-contre-continental\/\" \/>\n<meta property=\"og:locale\" content=\"fr_FR\" \/>\n<meta property=\"og:type\" content=\"article\" \/>\n<meta property=\"og:title\" content=\"Les syndicats allemands se dressent contre Continental\" \/>\n<meta property=\"og:description\" content=\"Continental affirme que le recul de la construction automobile conjugu\u00e9 \u00e0 la crise \u00e9conomique provoqu\u00e9e par la pand\u00e9mie sont la cause des suppressions\" \/>\n<meta property=\"og:url\" content=\"https:\/\/admin.industriall-union.org\/fr\/les-syndicats-allemands-se-dressent-contre-continental\/\" \/>\n<meta property=\"og:site_name\" content=\"industriall-union\" \/>\n<meta property=\"article:modified_time\" content=\"2025-01-30T09:32:25+00:00\" \/>\n<meta name=\"twitter:card\" content=\"summary_large_image\" \/>\n<meta name=\"twitter:label1\" content=\"Est. reading time\" \/>\n\t<meta name=\"twitter:data1\" content=\"3 minutes\" \/>\n<script type=\"application\/ld+json\" class=\"yoast-schema-graph\">{\"@context\":\"https:\/\/schema.org\",\"@graph\":[{\"@type\":\"WebPage\",\"@id\":\"https:\/\/admin.industriall-union.org\/fr\/les-syndicats-allemands-se-dressent-contre-continental\/\",\"url\":\"https:\/\/admin.industriall-union.org\/fr\/les-syndicats-allemands-se-dressent-contre-continental\/\",\"name\":\"Les syndicats allemands se dressent contre Continental - industriall-union\",\"isPartOf\":{\"@id\":\"https:\/\/admin.industriall-union.org\/#website\"},\"datePublished\":\"2020-09-30T07:00:41+00:00\",\"dateModified\":\"2025-01-30T09:32:25+00:00\",\"description\":\"Continental affirme que le recul de la construction automobile conjugu\u00e9 \u00e0 la crise \u00e9conomique provoqu\u00e9e par la pand\u00e9mie sont la cause des suppressions\",\"breadcrumb\":{\"@id\":\"https:\/\/admin.industriall-union.org\/fr\/les-syndicats-allemands-se-dressent-contre-continental\/#breadcrumb\"},\"inLanguage\":\"fr-FR\",\"potentialAction\":[{\"@type\":\"ReadAction\",\"target\":[\"https:\/\/admin.industriall-union.org\/fr\/les-syndicats-allemands-se-dressent-contre-continental\/\"]}]},{\"@type\":\"BreadcrumbList\",\"@id\":\"https:\/\/admin.industriall-union.org\/fr\/les-syndicats-allemands-se-dressent-contre-continental\/#breadcrumb\",\"itemListElement\":[{\"@type\":\"ListItem\",\"position\":1,\"name\":\"Home\",\"item\":\"https:\/\/admin.industriall-union.org\/\"},{\"@type\":\"ListItem\",\"position\":2,\"name\":\"Articles\",\"item\":\"https:\/\/admin.industriall-union.org\/article\/\"},{\"@type\":\"ListItem\",\"position\":3,\"name\":\"Les syndicats allemands se dressent contre Continental\"}]},{\"@type\":\"WebSite\",\"@id\":\"https:\/\/admin.industriall-union.org\/#website\",\"url\":\"https:\/\/admin.industriall-union.org\/\",\"name\":\"industriall-union\",\"description\":\"\",\"potentialAction\":[{\"@type\":\"SearchAction\",\"target\":{\"@type\":\"EntryPoint\",\"urlTemplate\":\"https:\/\/admin.industriall-union.org\/?s={search_term_string}\"},\"query-input\":{\"@type\":\"PropertyValueSpecification\",\"valueRequired\":true,\"valueName\":\"search_term_string\"}}],\"inLanguage\":\"fr-FR\"}]}<\/script>\n<!-- \/ Yoast SEO Premium plugin. -->","yoast_head_json":{"title":"Les syndicats allemands se dressent contre Continental - industriall-union","description":"Continental affirme que le recul de la construction automobile conjugu\u00e9 \u00e0 la crise \u00e9conomique provoqu\u00e9e par la pand\u00e9mie sont la cause des suppressions","robots":{"index":"index","follow":"follow","max-snippet":"max-snippet:-1","max-image-preview":"max-image-preview:large","max-video-preview":"max-video-preview:-1"},"canonical":"https:\/\/admin.industriall-union.org\/fr\/les-syndicats-allemands-se-dressent-contre-continental\/","og_locale":"fr_FR","og_type":"article","og_title":"Les syndicats allemands se dressent contre Continental","og_description":"Continental affirme que le recul de la construction automobile conjugu\u00e9 \u00e0 la crise \u00e9conomique provoqu\u00e9e par la pand\u00e9mie sont la cause des suppressions","og_url":"https:\/\/admin.industriall-union.org\/fr\/les-syndicats-allemands-se-dressent-contre-continental\/","og_site_name":"industriall-union","article_modified_time":"2025-01-30T09:32:25+00:00","twitter_card":"summary_large_image","twitter_misc":{"Est. reading time":"3 minutes"},"schema":{"@context":"https:\/\/schema.org","@graph":[{"@type":"WebPage","@id":"https:\/\/admin.industriall-union.org\/fr\/les-syndicats-allemands-se-dressent-contre-continental\/","url":"https:\/\/admin.industriall-union.org\/fr\/les-syndicats-allemands-se-dressent-contre-continental\/","name":"Les syndicats allemands se dressent contre Continental - industriall-union","isPartOf":{"@id":"https:\/\/admin.industriall-union.org\/#website"},"datePublished":"2020-09-30T07:00:41+00:00","dateModified":"2025-01-30T09:32:25+00:00","description":"Continental affirme que le recul de la construction automobile conjugu\u00e9 \u00e0 la crise \u00e9conomique provoqu\u00e9e par la pand\u00e9mie sont la cause des suppressions","breadcrumb":{"@id":"https:\/\/admin.industriall-union.org\/fr\/les-syndicats-allemands-se-dressent-contre-continental\/#breadcrumb"},"inLanguage":"fr-FR","potentialAction":[{"@type":"ReadAction","target":["https:\/\/admin.industriall-union.org\/fr\/les-syndicats-allemands-se-dressent-contre-continental\/"]}]},{"@type":"BreadcrumbList","@id":"https:\/\/admin.industriall-union.org\/fr\/les-syndicats-allemands-se-dressent-contre-continental\/#breadcrumb","itemListElement":[{"@type":"ListItem","position":1,"name":"Home","item":"https:\/\/admin.industriall-union.org\/"},{"@type":"ListItem","position":2,"name":"Articles","item":"https:\/\/admin.industriall-union.org\/article\/"},{"@type":"ListItem","position":3,"name":"Les syndicats allemands se dressent contre Continental"}]},{"@type":"WebSite","@id":"https:\/\/admin.industriall-union.org\/#website","url":"https:\/\/admin.industriall-union.org\/","name":"industriall-union","description":"","potentialAction":[{"@type":"SearchAction","target":{"@type":"EntryPoint","urlTemplate":"https:\/\/admin.industriall-union.org\/?s={search_term_string}"},"query-input":{"@type":"PropertyValueSpecification","valueRequired":true,"valueName":"search_term_string"}}],"inLanguage":"fr-FR"}]}},"_links":{"self":[{"href":"https:\/\/admin.industriall-union.org\/fr\/wp-json\/wp\/v2\/article\/145254","targetHints":{"allow":["GET"]}}],"collection":[{"href":"https:\/\/admin.industriall-union.org\/fr\/wp-json\/wp\/v2\/article"}],"about":[{"href":"https:\/\/admin.industriall-union.org\/fr\/wp-json\/wp\/v2\/types\/article"}],"wp:attachment":[{"href":"https:\/\/admin.industriall-union.org\/fr\/wp-json\/wp\/v2\/media?parent=145254"}],"wp:term":[{"taxonomy":"issues","embeddable":true,"href":"https:\/\/admin.industriall-union.org\/fr\/wp-json\/wp\/v2\/issues?post=145254"},{"taxonomy":"companies","embeddable":true,"href":"https:\/\/admin.industriall-union.org\/fr\/wp-json\/wp\/v2\/companies?post=145254"},{"taxonomy":"regions","embeddable":true,"href":"https:\/\/admin.industriall-union.org\/fr\/wp-json\/wp\/v2\/regions?post=145254"},{"taxonomy":"sectors","embeddable":true,"href":"https:\/\/admin.industriall-union.org\/fr\/wp-json\/wp\/v2\/sectors?post=145254"},{"taxonomy":"article_tags","embeddable":true,"href":"https:\/\/admin.industriall-union.org\/fr\/wp-json\/wp\/v2\/article_tags?post=145254"}],"curies":[{"name":"wp","href":"https:\/\/api.w.org\/{rel}","templated":true}]}}