{"id":145240,"date":"2020-10-08T11:24:23","date_gmt":"2020-10-08T11:24:23","guid":{"rendered":"https:\/\/admin.industriall-union.org\/afrique-du-sud-les-federations-syndicales-unies-dans-la-greve-nationale\/"},"modified":"2025-01-30T09:04:28","modified_gmt":"2025-01-30T09:04:28","slug":"afrique-du-sud-les-federations-syndicales-unies-dans-la-greve-nationale","status":"publish","type":"article","link":"https:\/\/admin.industriall-union.org\/fr\/afrique-du-sud-les-federations-syndicales-unies-dans-la-greve-nationale\/","title":{"rendered":"Afrique du Sud : les f\u00e9d\u00e9rations syndicales unies dans la gr\u00e8ve nationale"},"content":{"rendered":"<p>La gr\u00e8ve nationale du 7 octobre, qui co\u00efncidait avec la Journ\u00e9e mondiale pour le travail d\u00e9cent, a \u00e9t\u00e9 organis\u00e9e par le Congr\u00e8s des syndicats sud-africains (COSATU) avec le soutien des autres principales f\u00e9d\u00e9rations&nbsp;: la F\u00e9d\u00e9ration des syndicats d&rsquo;Afrique du Sud (FEDUSA), la F\u00e9d\u00e9ration sud-africaine des syndicats (SAFTU) et le Conseil national des syndicats (NACTU).<\/p><p><a href=\"http:\/\/www.industriall-union.org\/affiliates\/south-africa\">Les cinq affili\u00e9s d&rsquo;Afrique du Sud<\/a> d&rsquo;IndustriALL Global Union appartiennent \u00e0 trois de ces f\u00e9d\u00e9rations. L&rsquo;addition des membres de l&rsquo;ensemble de ces f\u00e9d\u00e9rations repr\u00e9sente des millions de travailleurs. Les syndicats affirment qu&rsquo;il faut avoir recours \u00e0 la loi pour lutter contre la corruption par le biais de poursuites judiciaires et que des strat\u00e9gies de lutte contre cette corruption devraient \u00eatre mises en place.<\/p><p>Les syndicats veulent que la violence sexiste cesse et que le gouvernement ratifie la Convention n&deg; 190 sur la lutte contre la violence et le harc\u00e8lement au travail et \u00e9labore un plan de mise en \u0153uvre. L&rsquo;\u00e9cart de r\u00e9mun\u00e9ration entre les sexes doit \u00e9galement \u00eatre combl\u00e9.<\/p><p>En mati\u00e8re de sant\u00e9 et de s\u00e9curit\u00e9, les syndicats veulent que les employeurs respectent le droit du travail et n&rsquo;en laissent pas la charge aux travailleurs et \u00e0 leur famille.<\/p><p>Les p\u00e9titions pr\u00e9sent\u00e9es par les syndicats demandaient au gouvernement d&rsquo;agir pour emp\u00eacher les licenciements apr\u00e8s la perte de plus de deux millions d&rsquo;emplois lors du confinement de la Covid-19, qui a d\u00e9but\u00e9 en mars. Ces licenciements, qui ont \u00e9t\u00e9 importants dans des secteurs comme celui de l&rsquo;exploitation mini\u00e8re, sont venus alourdir un taux de ch\u00f4mage d\u00e9j\u00e0 \u00e9lev\u00e9. Selon les statistiques sud-africaines, le taux de ch\u00f4mage a atteint 42 %, en incluant les personnes qui ont renonc\u00e9 \u00e0 chercher un emploi.<\/p><p>Les syndicats affirment qu&rsquo;il y a une attaque contre le principe des n\u00e9gociations collectives et demandent que des articles du droit du travail soient modifi\u00e9s pour obliger les employeurs \u00e0 s&rsquo;y conformer. En outre, les employeurs ne favorisent pas le dialogue social mais ignorent au contraire le droit du travail et les conventions existantes.<\/p><p>Joseph Montisetse, Pr\u00e9sident du Syndicat national des mineurs (NUM), a d\u00e9clar\u00e9 que les syndicats \u00e9taient choqu\u00e9s par &ldquo;la corruption impliquant la Caisse d&rsquo;assurance ch\u00f4mage et le programme d&rsquo;aide temporaire aux employeurs et aux salari\u00e9s, qui \u00e9taient cens\u00e9s b\u00e9n\u00e9ficier aux travailleurs licenci\u00e9s et aux employeurs qui \u00e9taient en difficult\u00e9 financi\u00e8re \u00e0 cause de la Covid-19&rdquo;. Certains employeurs ont r\u00e9clam\u00e9 les fonds de secours de la Covid-19 mais ne les ont pas vers\u00e9s aux travailleurs et ont depuis \u00e9t\u00e9 arr\u00eat\u00e9s pour fraude.<\/p><p>Irvin Jim, Secr\u00e9taire g\u00e9n\u00e9ral du Syndicat national des m\u00e9tallurgistes d&rsquo;Afrique du Sud (NUMSA) a pour sa part d\u00e9clar\u00e9&nbsp;: &ldquo;Les employeurs ne sont pas pass\u00e9 \u00e0 c\u00f4t\u00e9 de la crise impos\u00e9e par la Covid-19 et le confinement, ils l&rsquo;ont utilis\u00e9e pour attaquer les r\u00e9mun\u00e9rations des travailleurs et travailleuses en imposant unilat\u00e9ralement des r\u00e9ductions de salaires de 20 \u00e0 25 %, sans consulter le syndicat&rdquo;. Mais les syndicats ripostent.<\/p><p>Dans le cadre de la gr\u00e8ve nationale, le Syndicat des travailleurs du textile et de l&rsquo;habillement d&rsquo;Afrique du Sud (SACTWU) a organis\u00e9 un piquet de gr\u00e8ve devant les bureaux du d\u00e9taillant de v\u00eatements Cape Union Mart \u00e0 Johannesburg, exigeant que l&rsquo;employeur respecte les conventions collectives sign\u00e9es et cesse de recourir aux menaces et \u00e0 l&rsquo;intimidation pour contraindre les travailleurs et travailleuses \u00e0 signer de nouveaux contrats inf\u00e9rieurs \u00e0 ceux existants.<\/p><p>Andr\u00e9 Kriel, Secr\u00e9taire g\u00e9n\u00e9ral du SACTWU, a d\u00e9clar\u00e9&nbsp;:<\/p><blockquote><p>&ldquo;La gr\u00e8ve du COSATU est importante, car elle est f\u00e9d\u00e9ratrice. Elle confirme concr\u00e8tement que tous les travailleurs et travailleuses sud-africains, quelle que soit leur affiliation \u00e0 une f\u00e9d\u00e9ration syndicale, sont parfaitement conscients des probl\u00e8mes fondamentaux qu&rsquo;ils doivent combattre dans la conjoncture actuelle&nbsp;: la corruption dans les secteurs public et priv\u00e9, les pertes d&rsquo;emplois, les attaques contre les n\u00e9gociations collectives et la violence fond\u00e9e sur le sexe.&rdquo;<\/p><\/blockquote><p>Le Secr\u00e9taire g\u00e9n\u00e9ral d&rsquo;IndustriALL, Valter Sanches, a d\u00e9clar\u00e9&nbsp;:<\/p><blockquote><p>&ldquo;Nous sommes solidaires des millions de travailleurs et travailleuses sud-africains qui luttent pour l&rsquo;emploi, contre la violence sexiste et pour la protection des n\u00e9gociations collectives. Ces questions sont au c\u0153ur des activit\u00e9s syndicales et les employeurs ne doivent pas avoir la possibilit\u00e9 de d\u00e9truire ce que le mouvement syndical a engrang\u00e9 au cours d&rsquo;ann\u00e9es de lutte.&rdquo;<\/p><\/blockquote>","protected":false},"featured_media":0,"template":"","issues":[397],"companies":[],"regions":[350,311],"sectors":[],"article_tags":[535],"class_list":["post-145240","article","type-article","status-publish","hentry","issues-women","regions-south-africa","regions-sub-saharan-africa","article_tags-world-day-for-decent-work-wddw"],"acf":[],"yoast_head":"<!-- This site is optimized with the Yoast SEO Premium plugin v27.1 (Yoast SEO v27.1) - https:\/\/yoast.com\/product\/yoast-seo-premium-wordpress\/ -->\n<title>Afrique du Sud : les f\u00e9d\u00e9rations syndicales unies dans la gr\u00e8ve nationale - industriall-union<\/title>\n<meta name=\"description\" content=\"La gr\u00e8ve nationale du 7 octobre, qui co\u00efncidait avec la Journ\u00e9e mondiale pour le travail d\u00e9cent, a \u00e9t\u00e9 organis\u00e9e par le Congr\u00e8s des syndicats\" \/>\n<meta name=\"robots\" content=\"index, follow, max-snippet:-1, max-image-preview:large, max-video-preview:-1\" \/>\n<link rel=\"canonical\" href=\"https:\/\/admin.industriall-union.org\/fr\/afrique-du-sud-les-federations-syndicales-unies-dans-la-greve-nationale\/\" \/>\n<meta property=\"og:locale\" content=\"fr_FR\" \/>\n<meta property=\"og:type\" content=\"article\" \/>\n<meta property=\"og:title\" content=\"Afrique du Sud : les f\u00e9d\u00e9rations syndicales unies dans la gr\u00e8ve nationale\" \/>\n<meta property=\"og:description\" content=\"La gr\u00e8ve nationale du 7 octobre, qui co\u00efncidait avec la Journ\u00e9e mondiale pour le travail d\u00e9cent, a \u00e9t\u00e9 organis\u00e9e par le Congr\u00e8s des syndicats\" \/>\n<meta property=\"og:url\" content=\"https:\/\/admin.industriall-union.org\/fr\/afrique-du-sud-les-federations-syndicales-unies-dans-la-greve-nationale\/\" \/>\n<meta property=\"og:site_name\" content=\"industriall-union\" \/>\n<meta property=\"article:modified_time\" content=\"2025-01-30T09:04:28+00:00\" \/>\n<meta name=\"twitter:card\" content=\"summary_large_image\" \/>\n<meta name=\"twitter:label1\" content=\"Est. reading time\" \/>\n\t<meta name=\"twitter:data1\" content=\"4 minutes\" \/>\n<script type=\"application\/ld+json\" class=\"yoast-schema-graph\">{\"@context\":\"https:\/\/schema.org\",\"@graph\":[{\"@type\":\"WebPage\",\"@id\":\"https:\/\/admin.industriall-union.org\/fr\/afrique-du-sud-les-federations-syndicales-unies-dans-la-greve-nationale\/\",\"url\":\"https:\/\/admin.industriall-union.org\/fr\/afrique-du-sud-les-federations-syndicales-unies-dans-la-greve-nationale\/\",\"name\":\"Afrique du Sud : les f\u00e9d\u00e9rations syndicales unies dans la gr\u00e8ve nationale - industriall-union\",\"isPartOf\":{\"@id\":\"https:\/\/admin.industriall-union.org\/#website\"},\"datePublished\":\"2020-10-08T11:24:23+00:00\",\"dateModified\":\"2025-01-30T09:04:28+00:00\",\"description\":\"La gr\u00e8ve nationale du 7 octobre, qui co\u00efncidait avec la Journ\u00e9e mondiale pour le travail d\u00e9cent, a \u00e9t\u00e9 organis\u00e9e par le Congr\u00e8s des syndicats\",\"breadcrumb\":{\"@id\":\"https:\/\/admin.industriall-union.org\/fr\/afrique-du-sud-les-federations-syndicales-unies-dans-la-greve-nationale\/#breadcrumb\"},\"inLanguage\":\"fr-FR\",\"potentialAction\":[{\"@type\":\"ReadAction\",\"target\":[\"https:\/\/admin.industriall-union.org\/fr\/afrique-du-sud-les-federations-syndicales-unies-dans-la-greve-nationale\/\"]}]},{\"@type\":\"BreadcrumbList\",\"@id\":\"https:\/\/admin.industriall-union.org\/fr\/afrique-du-sud-les-federations-syndicales-unies-dans-la-greve-nationale\/#breadcrumb\",\"itemListElement\":[{\"@type\":\"ListItem\",\"position\":1,\"name\":\"Home\",\"item\":\"https:\/\/admin.industriall-union.org\/\"},{\"@type\":\"ListItem\",\"position\":2,\"name\":\"Articles\",\"item\":\"https:\/\/admin.industriall-union.org\/article\/\"},{\"@type\":\"ListItem\",\"position\":3,\"name\":\"Afrique du Sud : les f\u00e9d\u00e9rations syndicales unies dans la gr\u00e8ve nationale\"}]},{\"@type\":\"WebSite\",\"@id\":\"https:\/\/admin.industriall-union.org\/#website\",\"url\":\"https:\/\/admin.industriall-union.org\/\",\"name\":\"industriall-union\",\"description\":\"\",\"potentialAction\":[{\"@type\":\"SearchAction\",\"target\":{\"@type\":\"EntryPoint\",\"urlTemplate\":\"https:\/\/admin.industriall-union.org\/?s={search_term_string}\"},\"query-input\":{\"@type\":\"PropertyValueSpecification\",\"valueRequired\":true,\"valueName\":\"search_term_string\"}}],\"inLanguage\":\"fr-FR\"}]}<\/script>\n<!-- \/ Yoast SEO Premium plugin. -->","yoast_head_json":{"title":"Afrique du Sud : les f\u00e9d\u00e9rations syndicales unies dans la gr\u00e8ve nationale - industriall-union","description":"La gr\u00e8ve nationale du 7 octobre, qui co\u00efncidait avec la Journ\u00e9e mondiale pour le travail d\u00e9cent, a \u00e9t\u00e9 organis\u00e9e par le Congr\u00e8s des syndicats","robots":{"index":"index","follow":"follow","max-snippet":"max-snippet:-1","max-image-preview":"max-image-preview:large","max-video-preview":"max-video-preview:-1"},"canonical":"https:\/\/admin.industriall-union.org\/fr\/afrique-du-sud-les-federations-syndicales-unies-dans-la-greve-nationale\/","og_locale":"fr_FR","og_type":"article","og_title":"Afrique du Sud : les f\u00e9d\u00e9rations syndicales unies dans la gr\u00e8ve nationale","og_description":"La gr\u00e8ve nationale du 7 octobre, qui co\u00efncidait avec la Journ\u00e9e mondiale pour le travail d\u00e9cent, a \u00e9t\u00e9 organis\u00e9e par le Congr\u00e8s des syndicats","og_url":"https:\/\/admin.industriall-union.org\/fr\/afrique-du-sud-les-federations-syndicales-unies-dans-la-greve-nationale\/","og_site_name":"industriall-union","article_modified_time":"2025-01-30T09:04:28+00:00","twitter_card":"summary_large_image","twitter_misc":{"Est. reading time":"4 minutes"},"schema":{"@context":"https:\/\/schema.org","@graph":[{"@type":"WebPage","@id":"https:\/\/admin.industriall-union.org\/fr\/afrique-du-sud-les-federations-syndicales-unies-dans-la-greve-nationale\/","url":"https:\/\/admin.industriall-union.org\/fr\/afrique-du-sud-les-federations-syndicales-unies-dans-la-greve-nationale\/","name":"Afrique du Sud : les f\u00e9d\u00e9rations syndicales unies dans la gr\u00e8ve nationale - industriall-union","isPartOf":{"@id":"https:\/\/admin.industriall-union.org\/#website"},"datePublished":"2020-10-08T11:24:23+00:00","dateModified":"2025-01-30T09:04:28+00:00","description":"La gr\u00e8ve nationale du 7 octobre, qui co\u00efncidait avec la Journ\u00e9e mondiale pour le travail d\u00e9cent, a \u00e9t\u00e9 organis\u00e9e par le Congr\u00e8s des syndicats","breadcrumb":{"@id":"https:\/\/admin.industriall-union.org\/fr\/afrique-du-sud-les-federations-syndicales-unies-dans-la-greve-nationale\/#breadcrumb"},"inLanguage":"fr-FR","potentialAction":[{"@type":"ReadAction","target":["https:\/\/admin.industriall-union.org\/fr\/afrique-du-sud-les-federations-syndicales-unies-dans-la-greve-nationale\/"]}]},{"@type":"BreadcrumbList","@id":"https:\/\/admin.industriall-union.org\/fr\/afrique-du-sud-les-federations-syndicales-unies-dans-la-greve-nationale\/#breadcrumb","itemListElement":[{"@type":"ListItem","position":1,"name":"Home","item":"https:\/\/admin.industriall-union.org\/"},{"@type":"ListItem","position":2,"name":"Articles","item":"https:\/\/admin.industriall-union.org\/article\/"},{"@type":"ListItem","position":3,"name":"Afrique du Sud : les f\u00e9d\u00e9rations syndicales unies dans la gr\u00e8ve nationale"}]},{"@type":"WebSite","@id":"https:\/\/admin.industriall-union.org\/#website","url":"https:\/\/admin.industriall-union.org\/","name":"industriall-union","description":"","potentialAction":[{"@type":"SearchAction","target":{"@type":"EntryPoint","urlTemplate":"https:\/\/admin.industriall-union.org\/?s={search_term_string}"},"query-input":{"@type":"PropertyValueSpecification","valueRequired":true,"valueName":"search_term_string"}}],"inLanguage":"fr-FR"}]}},"_links":{"self":[{"href":"https:\/\/admin.industriall-union.org\/fr\/wp-json\/wp\/v2\/article\/145240","targetHints":{"allow":["GET"]}}],"collection":[{"href":"https:\/\/admin.industriall-union.org\/fr\/wp-json\/wp\/v2\/article"}],"about":[{"href":"https:\/\/admin.industriall-union.org\/fr\/wp-json\/wp\/v2\/types\/article"}],"wp:attachment":[{"href":"https:\/\/admin.industriall-union.org\/fr\/wp-json\/wp\/v2\/media?parent=145240"}],"wp:term":[{"taxonomy":"issues","embeddable":true,"href":"https:\/\/admin.industriall-union.org\/fr\/wp-json\/wp\/v2\/issues?post=145240"},{"taxonomy":"companies","embeddable":true,"href":"https:\/\/admin.industriall-union.org\/fr\/wp-json\/wp\/v2\/companies?post=145240"},{"taxonomy":"regions","embeddable":true,"href":"https:\/\/admin.industriall-union.org\/fr\/wp-json\/wp\/v2\/regions?post=145240"},{"taxonomy":"sectors","embeddable":true,"href":"https:\/\/admin.industriall-union.org\/fr\/wp-json\/wp\/v2\/sectors?post=145240"},{"taxonomy":"article_tags","embeddable":true,"href":"https:\/\/admin.industriall-union.org\/fr\/wp-json\/wp\/v2\/article_tags?post=145240"}],"curies":[{"name":"wp","href":"https:\/\/api.w.org\/{rel}","templated":true}]}}