{"id":145230,"date":"2020-10-15T15:14:19","date_gmt":"2020-10-15T15:14:19","guid":{"rendered":"https:\/\/admin.industriall-union.org\/marche-de-soutien-d-organisations-colombiennes-a-sintracarbon\/"},"modified":"2025-01-30T08:40:19","modified_gmt":"2025-01-30T08:40:19","slug":"marche-de-soutien-d-organisations-colombiennes-a-sintracarbon","status":"publish","type":"article","link":"https:\/\/admin.industriall-union.org\/fr\/marche-de-soutien-d-organisations-colombiennes-a-sintracarbon\/","title":{"rendered":"Marche de soutien d\u2019organisations colombiennes \u00e0 Sintracarb\u00f3n"},"content":{"rendered":"<p>Le 9 octobre, des dizaines de personnes ont d\u00e9fil\u00e9 pacifiquement dans les rues de Riohacha, capitale de la r\u00e9gion de Guajira, pour manifester le soutien de la communaut\u00e9 \u00e0 la gr\u00e8ve de Sintracarb\u00f3n, affili\u00e9 d&rsquo;IndustriALL.<\/p><p>Les travailleurs de la mine du Cerrej\u00f3n <a href=\"http:\/\/admin.industriall-union.org\/strike-at-cerrejon-colombia-continues\">se sont mis en gr\u00e8ve<\/a> lorsque les n\u00e9gociations avec l&rsquo;employeur ont \u00e9t\u00e9 rompues apr\u00e8s que le syndicat a rejet\u00e9 une modification du r\u00e9gime de travail en \u00e9quipe qui ajouterait 72 jours de travail par an sans aucune augmentation de salaire.<\/p><blockquote><p>&ldquo;Cette marche a \u00e9t\u00e9 un moyen pour la communaut\u00e9 et les travailleurs de faire savoir \u00e0 la direction du Cerrej\u00f3n et au gouverneur de La Guajira, qui reste silencieux face au conflit, que nous sommes actifs et pr\u00eats \u00e0 n\u00e9gocier.<\/p><p>Nous avons toujours dit que nous voulions le dialogue et que la gr\u00e8ve n&rsquo;\u00e9tait pas une fin en soi. Le syndicat veut parvenir \u00e0 un accord qui soit b\u00e9n\u00e9fique pour La Guajira et les travailleurs et qui permette \u00e0 l&rsquo;entreprise de relancer la production,&rdquo;<\/p><\/blockquote><p>a d\u00e9clar\u00e9 le Pr\u00e9sident de Sintracarb\u00f3n, Igor D\u00edaz.<\/p><figure class=\"imageArticle imageMedium\"><img decoding=\"async\" alt=\"\" src=\"\/wp-content\/uploads\/images\/2020\/COLOMBIA\/march\/foto_sintracarbon5.jpg\" style=\"width: 600px;height: 270px\" \/><figcaption class=\"imageContent\">&nbsp;<\/figcaption><\/figure><p>Il y a une semaine, une feuille de route propos\u00e9e par le Minist\u00e8re du travail a \u00e9t\u00e9 lanc\u00e9e. Le syndicat et l&rsquo;entreprise ont tous deux rencontr\u00e9 individuellement les autorit\u00e9s du travail. La prochaine \u00e9tape est annonc\u00e9e comme \u00e9tant une discussion tripartite, mais Sintrcarb\u00f3n indique que les d\u00e9tails n&rsquo;en ont pas encore \u00e9t\u00e9 communiqu\u00e9s.<\/p><blockquote><p>&ldquo;\u00c0 ce stade, le Cerrej\u00f3n a refus\u00e9 de venir \u00e0 la table des n\u00e9gociations et nous ne savons pas ce que l&rsquo;employeur pense d&rsquo;une r\u00e9union tripartite. Nous esp\u00e9rons qu&rsquo;il y a une volont\u00e9 de trouver un accord, ce dont le pays et surtout la Guajira ont besoin,&rdquo;<\/p><\/blockquote><p>a indiqu\u00e9 Igor Dias.<\/p><p>IndustriALL a contact\u00e9 les trois soci\u00e9t\u00e9s mini\u00e8res plus d&rsquo;une fois pour leur demander d&rsquo;assumer la responsabilit\u00e9 de cette crise. IndustriALL a \u00e9galement inform\u00e9 les clients du Cerrej\u00f3n et les investisseurs institutionnels de la situation.<\/p><p>Le Secr\u00e9taire r\u00e9gional d&rsquo;IndustriALL, Marino Vani, a d\u00e9clar\u00e9&nbsp;:<\/p><blockquote><p>&ldquo;Nous appelons l&rsquo;entreprise, qui gagne de l&rsquo;argent en exploitant des concessions, \u00e0 ne pas abuser de son pouvoir \u00e9conomique et \u00e0 faire sa part chemin pour trouver une solution acceptable et digne par le dialogue. IndustriALL est solidaire de la poursuite du combat.&rdquo;<\/p><\/blockquote><p>Si vous ne l&rsquo;avez d\u00e9j\u00e0 fait, veuillez <a href=\"https:\/\/www.labourstartcampaigns.net\/show_campaign.cgi?c=4554\">signer et partager la campagne LabourStart<\/a> pour afficher votre soutien envrers Sintracarb\u00f3n.<\/p>","protected":false},"featured_media":0,"template":"","issues":[424,425],"companies":[],"regions":[264],"sectors":[495],"article_tags":[],"class_list":["post-145230","article","type-article","status-publish","hentry","issues-violation","issues-workers-rights","regions-colombia","sectors-mining"],"acf":[],"yoast_head":"<!-- This site is optimized with the Yoast SEO Premium plugin v27.1 (Yoast SEO v27.1) - https:\/\/yoast.com\/product\/yoast-seo-premium-wordpress\/ -->\n<title>Marche de soutien d\u2019organisations colombiennes \u00e0 Sintracarb\u00f3n - industriall-union<\/title>\n<meta name=\"description\" content=\"Le 9 octobre, des dizaines de personnes ont d\u00e9fil\u00e9 pacifiquement dans les rues de Riohacha, capitale de la r\u00e9gion de Guajira, pour manifester le soutien\" \/>\n<meta name=\"robots\" content=\"index, follow, max-snippet:-1, max-image-preview:large, max-video-preview:-1\" \/>\n<link rel=\"canonical\" href=\"https:\/\/admin.industriall-union.org\/fr\/marche-de-soutien-d-organisations-colombiennes-a-sintracarbon\/\" \/>\n<meta property=\"og:locale\" content=\"fr_FR\" \/>\n<meta property=\"og:type\" content=\"article\" \/>\n<meta property=\"og:title\" content=\"Marche de soutien d\u2019organisations colombiennes \u00e0 Sintracarb\u00f3n\" \/>\n<meta property=\"og:description\" content=\"Le 9 octobre, des dizaines de personnes ont d\u00e9fil\u00e9 pacifiquement dans les rues de Riohacha, capitale de la r\u00e9gion de Guajira, pour manifester le soutien\" \/>\n<meta property=\"og:url\" content=\"https:\/\/admin.industriall-union.org\/fr\/marche-de-soutien-d-organisations-colombiennes-a-sintracarbon\/\" \/>\n<meta property=\"og:site_name\" content=\"industriall-union\" \/>\n<meta property=\"article:modified_time\" content=\"2025-01-30T08:40:19+00:00\" \/>\n<meta name=\"twitter:card\" content=\"summary_large_image\" \/>\n<meta name=\"twitter:label1\" content=\"Est. reading time\" \/>\n\t<meta name=\"twitter:data1\" content=\"2 minutes\" \/>\n<script type=\"application\/ld+json\" class=\"yoast-schema-graph\">{\"@context\":\"https:\/\/schema.org\",\"@graph\":[{\"@type\":\"WebPage\",\"@id\":\"https:\/\/admin.industriall-union.org\/fr\/marche-de-soutien-d-organisations-colombiennes-a-sintracarbon\/\",\"url\":\"https:\/\/admin.industriall-union.org\/fr\/marche-de-soutien-d-organisations-colombiennes-a-sintracarbon\/\",\"name\":\"Marche de soutien d\u2019organisations colombiennes \u00e0 Sintracarb\u00f3n - industriall-union\",\"isPartOf\":{\"@id\":\"https:\/\/admin.industriall-union.org\/#website\"},\"datePublished\":\"2020-10-15T15:14:19+00:00\",\"dateModified\":\"2025-01-30T08:40:19+00:00\",\"description\":\"Le 9 octobre, des dizaines de personnes ont d\u00e9fil\u00e9 pacifiquement dans les rues de Riohacha, capitale de la r\u00e9gion de Guajira, pour manifester le soutien\",\"breadcrumb\":{\"@id\":\"https:\/\/admin.industriall-union.org\/fr\/marche-de-soutien-d-organisations-colombiennes-a-sintracarbon\/#breadcrumb\"},\"inLanguage\":\"fr-FR\",\"potentialAction\":[{\"@type\":\"ReadAction\",\"target\":[\"https:\/\/admin.industriall-union.org\/fr\/marche-de-soutien-d-organisations-colombiennes-a-sintracarbon\/\"]}]},{\"@type\":\"BreadcrumbList\",\"@id\":\"https:\/\/admin.industriall-union.org\/fr\/marche-de-soutien-d-organisations-colombiennes-a-sintracarbon\/#breadcrumb\",\"itemListElement\":[{\"@type\":\"ListItem\",\"position\":1,\"name\":\"Home\",\"item\":\"https:\/\/admin.industriall-union.org\/\"},{\"@type\":\"ListItem\",\"position\":2,\"name\":\"Articles\",\"item\":\"https:\/\/admin.industriall-union.org\/article\/\"},{\"@type\":\"ListItem\",\"position\":3,\"name\":\"Marche de soutien d\u2019organisations colombiennes \u00e0 Sintracarb\u00f3n\"}]},{\"@type\":\"WebSite\",\"@id\":\"https:\/\/admin.industriall-union.org\/#website\",\"url\":\"https:\/\/admin.industriall-union.org\/\",\"name\":\"industriall-union\",\"description\":\"\",\"potentialAction\":[{\"@type\":\"SearchAction\",\"target\":{\"@type\":\"EntryPoint\",\"urlTemplate\":\"https:\/\/admin.industriall-union.org\/?s={search_term_string}\"},\"query-input\":{\"@type\":\"PropertyValueSpecification\",\"valueRequired\":true,\"valueName\":\"search_term_string\"}}],\"inLanguage\":\"fr-FR\"}]}<\/script>\n<!-- \/ Yoast SEO Premium plugin. -->","yoast_head_json":{"title":"Marche de soutien d\u2019organisations colombiennes \u00e0 Sintracarb\u00f3n - industriall-union","description":"Le 9 octobre, des dizaines de personnes ont d\u00e9fil\u00e9 pacifiquement dans les rues de Riohacha, capitale de la r\u00e9gion de Guajira, pour manifester le soutien","robots":{"index":"index","follow":"follow","max-snippet":"max-snippet:-1","max-image-preview":"max-image-preview:large","max-video-preview":"max-video-preview:-1"},"canonical":"https:\/\/admin.industriall-union.org\/fr\/marche-de-soutien-d-organisations-colombiennes-a-sintracarbon\/","og_locale":"fr_FR","og_type":"article","og_title":"Marche de soutien d\u2019organisations colombiennes \u00e0 Sintracarb\u00f3n","og_description":"Le 9 octobre, des dizaines de personnes ont d\u00e9fil\u00e9 pacifiquement dans les rues de Riohacha, capitale de la r\u00e9gion de Guajira, pour manifester le soutien","og_url":"https:\/\/admin.industriall-union.org\/fr\/marche-de-soutien-d-organisations-colombiennes-a-sintracarbon\/","og_site_name":"industriall-union","article_modified_time":"2025-01-30T08:40:19+00:00","twitter_card":"summary_large_image","twitter_misc":{"Est. reading time":"2 minutes"},"schema":{"@context":"https:\/\/schema.org","@graph":[{"@type":"WebPage","@id":"https:\/\/admin.industriall-union.org\/fr\/marche-de-soutien-d-organisations-colombiennes-a-sintracarbon\/","url":"https:\/\/admin.industriall-union.org\/fr\/marche-de-soutien-d-organisations-colombiennes-a-sintracarbon\/","name":"Marche de soutien d\u2019organisations colombiennes \u00e0 Sintracarb\u00f3n - industriall-union","isPartOf":{"@id":"https:\/\/admin.industriall-union.org\/#website"},"datePublished":"2020-10-15T15:14:19+00:00","dateModified":"2025-01-30T08:40:19+00:00","description":"Le 9 octobre, des dizaines de personnes ont d\u00e9fil\u00e9 pacifiquement dans les rues de Riohacha, capitale de la r\u00e9gion de Guajira, pour manifester le soutien","breadcrumb":{"@id":"https:\/\/admin.industriall-union.org\/fr\/marche-de-soutien-d-organisations-colombiennes-a-sintracarbon\/#breadcrumb"},"inLanguage":"fr-FR","potentialAction":[{"@type":"ReadAction","target":["https:\/\/admin.industriall-union.org\/fr\/marche-de-soutien-d-organisations-colombiennes-a-sintracarbon\/"]}]},{"@type":"BreadcrumbList","@id":"https:\/\/admin.industriall-union.org\/fr\/marche-de-soutien-d-organisations-colombiennes-a-sintracarbon\/#breadcrumb","itemListElement":[{"@type":"ListItem","position":1,"name":"Home","item":"https:\/\/admin.industriall-union.org\/"},{"@type":"ListItem","position":2,"name":"Articles","item":"https:\/\/admin.industriall-union.org\/article\/"},{"@type":"ListItem","position":3,"name":"Marche de soutien d\u2019organisations colombiennes \u00e0 Sintracarb\u00f3n"}]},{"@type":"WebSite","@id":"https:\/\/admin.industriall-union.org\/#website","url":"https:\/\/admin.industriall-union.org\/","name":"industriall-union","description":"","potentialAction":[{"@type":"SearchAction","target":{"@type":"EntryPoint","urlTemplate":"https:\/\/admin.industriall-union.org\/?s={search_term_string}"},"query-input":{"@type":"PropertyValueSpecification","valueRequired":true,"valueName":"search_term_string"}}],"inLanguage":"fr-FR"}]}},"_links":{"self":[{"href":"https:\/\/admin.industriall-union.org\/fr\/wp-json\/wp\/v2\/article\/145230","targetHints":{"allow":["GET"]}}],"collection":[{"href":"https:\/\/admin.industriall-union.org\/fr\/wp-json\/wp\/v2\/article"}],"about":[{"href":"https:\/\/admin.industriall-union.org\/fr\/wp-json\/wp\/v2\/types\/article"}],"wp:attachment":[{"href":"https:\/\/admin.industriall-union.org\/fr\/wp-json\/wp\/v2\/media?parent=145230"}],"wp:term":[{"taxonomy":"issues","embeddable":true,"href":"https:\/\/admin.industriall-union.org\/fr\/wp-json\/wp\/v2\/issues?post=145230"},{"taxonomy":"companies","embeddable":true,"href":"https:\/\/admin.industriall-union.org\/fr\/wp-json\/wp\/v2\/companies?post=145230"},{"taxonomy":"regions","embeddable":true,"href":"https:\/\/admin.industriall-union.org\/fr\/wp-json\/wp\/v2\/regions?post=145230"},{"taxonomy":"sectors","embeddable":true,"href":"https:\/\/admin.industriall-union.org\/fr\/wp-json\/wp\/v2\/sectors?post=145230"},{"taxonomy":"article_tags","embeddable":true,"href":"https:\/\/admin.industriall-union.org\/fr\/wp-json\/wp\/v2\/article_tags?post=145230"}],"curies":[{"name":"wp","href":"https:\/\/api.w.org\/{rel}","templated":true}]}}