{"id":145224,"date":"2020-10-16T13:50:13","date_gmt":"2020-10-16T13:50:13","guid":{"rendered":"https:\/\/admin.industriall-union.org\/piquet-de-greve-pour-denoncer-la-violence-et-le-nepotisme-en-mongolie\/"},"modified":"2025-01-30T08:35:22","modified_gmt":"2025-01-30T08:35:22","slug":"piquet-de-greve-pour-denoncer-la-violence-et-le-nepotisme-en-mongolie","status":"publish","type":"article","link":"https:\/\/admin.industriall-union.org\/fr\/piquet-de-greve-pour-denoncer-la-violence-et-le-nepotisme-en-mongolie\/","title":{"rendered":"Piquet de gr\u00e8ve pour d\u00e9noncer la violence et le n\u00e9potisme en Mongolie"},"content":{"rendered":"<p>Les travailleurs et travailleuses, affili\u00e9s \u00e0 IndustriALL Global Union par l&rsquo;interm\u00e9diaire de la F\u00e9d\u00e9ration des syndicats des travailleurs de l&rsquo;\u00e9nergie, de la g\u00e9ologie et des mines de Mongolie (MEGM), ont appel\u00e9 le gouvernement \u00e0 agir contre un directeur de l&rsquo;entreprise qui a agress\u00e9 la dirigeante de la section locale de la MEGM alors qu&rsquo;elle d\u00e9non\u00e7ait les pratiques de n\u00e9potisme de l&rsquo;entreprise.<\/p><figure class=\"imageArticle imageMedium\"><img decoding=\"async\" alt=\"\" src=\"\/wp-content\/uploads\/images\/2020\/MONGOLIA\/m01.jpg\" style=\"width: 600px;height: 450px\" \/><figcaption class=\"imageContent\">&nbsp;<\/figcaption><\/figure><p>La section locale de la MEGM fait campagne contre le n\u00e9potisme depuis le mois de juin, exigeant que la soci\u00e9t\u00e9 cesse d&rsquo;embaucher des parents des cadres sup\u00e9rieurs. Ces travailleurs aux relations privil\u00e9gi\u00e9es b\u00e9n\u00e9ficient de salaires et d&rsquo;avantages plus \u00e9lev\u00e9s que d&rsquo;autres employ\u00e9s occupant des postes plus \u00e9lev\u00e9s.<\/p><p>Le Pr\u00e9sident de la MEGM, Buyanjargal Khuyag, a d\u00e9clar\u00e9&nbsp;:<\/p><blockquote><p>&ldquo;Nous condamnons fermement la violence \u00e0 l&rsquo;encontre d&rsquo;une dirigeante syndicale. Apr\u00e8s avoir lev\u00e9 le piquet de gr\u00e8ve, nous avons rencontr\u00e9 le Ministre des ressources mini\u00e8res et de l&rsquo;\u00e9nergie et avons demand\u00e9 que des mesures soient prises pour faire face \u00e0 la brutalit\u00e9 et au n\u00e9potisme dans l&rsquo;entreprise.<\/p><\/blockquote><blockquote><p>Le ministre a promis de nommer un nouveau directeur g\u00e9n\u00e9ral pour TPP2 et que les cadres incrimin\u00e9s dans la violence et le n\u00e9potisme seront licenci\u00e9s, s&rsquo;ils ont quelque chose \u00e0 se reprocher. Le minist\u00e8re va \u00e9galement mettre en place un groupe de travail pour \u00e9tudier les revendications des travailleurs.&rdquo;<\/p><\/blockquote><p>Annie Adviento, Secr\u00e9taire r\u00e9gionale d&rsquo;IndustriALL pour l&rsquo;Asie du Sud-Est, a indiqu\u00e9&nbsp;:<\/p><blockquote><p>&ldquo;Je f\u00e9licite la MEGM d&rsquo;avoir pris des mesures rapides et d&rsquo;avoir d\u00e9fendu les droits des travailleuses. Cet incident brutal montre l&rsquo;importance d&rsquo;\u00e9liminer la violence dans le monde du travail. J&rsquo;esp\u00e8re que le gouvernement mongol, les syndicats et l&rsquo;association des employeurs pourront encourager la ratification de la Convention n&deg; 190 de l&rsquo;OIT sur la violence et le harc\u00e8lement dans le monde du travail.&rdquo;<\/p><\/blockquote><p>L\u00e9gendes des photos&nbsp;: travailleurs et travailleuses sur le piquet de gr\u00e8ve, le Pr\u00e9sident de la MEGM Buyanjargal Khuyag, des actes de violence pris sur le fait<\/p>","protected":false},"featured_media":0,"template":"","issues":[365,424,397,425],"companies":[],"regions":[176],"sectors":[483],"article_tags":[],"class_list":["post-145224","article","type-article","status-publish","hentry","issues-ilo-convention-190","issues-violation","issues-women","issues-workers-rights","regions-mongolia","sectors-energy-oil-gas-electricity-and-nuclear"],"acf":[],"yoast_head":"<!-- This site is optimized with the Yoast SEO Premium plugin v27.1 (Yoast SEO v27.1) - https:\/\/yoast.com\/product\/yoast-seo-premium-wordpress\/ -->\n<title>Piquet de gr\u00e8ve pour d\u00e9noncer la violence et le n\u00e9potisme en Mongolie - industriall-union<\/title>\n<meta name=\"description\" content=\"Les travailleurs et travailleuses, affili\u00e9s \u00e0 IndustriALL Global Union par l&rsquo;interm\u00e9diaire de la F\u00e9d\u00e9ration des syndicats des travailleurs de\" \/>\n<meta name=\"robots\" content=\"index, follow, max-snippet:-1, max-image-preview:large, max-video-preview:-1\" \/>\n<link rel=\"canonical\" href=\"https:\/\/admin.industriall-union.org\/fr\/piquet-de-greve-pour-denoncer-la-violence-et-le-nepotisme-en-mongolie\/\" \/>\n<meta property=\"og:locale\" content=\"fr_FR\" \/>\n<meta property=\"og:type\" content=\"article\" \/>\n<meta property=\"og:title\" content=\"Piquet de gr\u00e8ve pour d\u00e9noncer la violence et le n\u00e9potisme en Mongolie\" \/>\n<meta property=\"og:description\" content=\"Les travailleurs et travailleuses, affili\u00e9s \u00e0 IndustriALL Global Union par l&rsquo;interm\u00e9diaire de la F\u00e9d\u00e9ration des syndicats des travailleurs de\" \/>\n<meta property=\"og:url\" content=\"https:\/\/admin.industriall-union.org\/fr\/piquet-de-greve-pour-denoncer-la-violence-et-le-nepotisme-en-mongolie\/\" \/>\n<meta property=\"og:site_name\" content=\"industriall-union\" \/>\n<meta property=\"article:modified_time\" content=\"2025-01-30T08:35:22+00:00\" \/>\n<meta name=\"twitter:card\" content=\"summary_large_image\" \/>\n<meta name=\"twitter:label1\" content=\"Est. reading time\" \/>\n\t<meta name=\"twitter:data1\" content=\"2 minutes\" \/>\n<script type=\"application\/ld+json\" class=\"yoast-schema-graph\">{\"@context\":\"https:\/\/schema.org\",\"@graph\":[{\"@type\":\"WebPage\",\"@id\":\"https:\/\/admin.industriall-union.org\/fr\/piquet-de-greve-pour-denoncer-la-violence-et-le-nepotisme-en-mongolie\/\",\"url\":\"https:\/\/admin.industriall-union.org\/fr\/piquet-de-greve-pour-denoncer-la-violence-et-le-nepotisme-en-mongolie\/\",\"name\":\"Piquet de gr\u00e8ve pour d\u00e9noncer la violence et le n\u00e9potisme en Mongolie - industriall-union\",\"isPartOf\":{\"@id\":\"https:\/\/admin.industriall-union.org\/#website\"},\"datePublished\":\"2020-10-16T13:50:13+00:00\",\"dateModified\":\"2025-01-30T08:35:22+00:00\",\"description\":\"Les travailleurs et travailleuses, affili\u00e9s \u00e0 IndustriALL Global Union par l&rsquo;interm\u00e9diaire de la F\u00e9d\u00e9ration des syndicats des travailleurs de\",\"breadcrumb\":{\"@id\":\"https:\/\/admin.industriall-union.org\/fr\/piquet-de-greve-pour-denoncer-la-violence-et-le-nepotisme-en-mongolie\/#breadcrumb\"},\"inLanguage\":\"fr-FR\",\"potentialAction\":[{\"@type\":\"ReadAction\",\"target\":[\"https:\/\/admin.industriall-union.org\/fr\/piquet-de-greve-pour-denoncer-la-violence-et-le-nepotisme-en-mongolie\/\"]}]},{\"@type\":\"BreadcrumbList\",\"@id\":\"https:\/\/admin.industriall-union.org\/fr\/piquet-de-greve-pour-denoncer-la-violence-et-le-nepotisme-en-mongolie\/#breadcrumb\",\"itemListElement\":[{\"@type\":\"ListItem\",\"position\":1,\"name\":\"Home\",\"item\":\"https:\/\/admin.industriall-union.org\/\"},{\"@type\":\"ListItem\",\"position\":2,\"name\":\"Articles\",\"item\":\"https:\/\/admin.industriall-union.org\/article\/\"},{\"@type\":\"ListItem\",\"position\":3,\"name\":\"Piquet de gr\u00e8ve pour d\u00e9noncer la violence et le n\u00e9potisme en Mongolie\"}]},{\"@type\":\"WebSite\",\"@id\":\"https:\/\/admin.industriall-union.org\/#website\",\"url\":\"https:\/\/admin.industriall-union.org\/\",\"name\":\"industriall-union\",\"description\":\"\",\"potentialAction\":[{\"@type\":\"SearchAction\",\"target\":{\"@type\":\"EntryPoint\",\"urlTemplate\":\"https:\/\/admin.industriall-union.org\/?s={search_term_string}\"},\"query-input\":{\"@type\":\"PropertyValueSpecification\",\"valueRequired\":true,\"valueName\":\"search_term_string\"}}],\"inLanguage\":\"fr-FR\"}]}<\/script>\n<!-- \/ Yoast SEO Premium plugin. -->","yoast_head_json":{"title":"Piquet de gr\u00e8ve pour d\u00e9noncer la violence et le n\u00e9potisme en Mongolie - industriall-union","description":"Les travailleurs et travailleuses, affili\u00e9s \u00e0 IndustriALL Global Union par l&rsquo;interm\u00e9diaire de la F\u00e9d\u00e9ration des syndicats des travailleurs de","robots":{"index":"index","follow":"follow","max-snippet":"max-snippet:-1","max-image-preview":"max-image-preview:large","max-video-preview":"max-video-preview:-1"},"canonical":"https:\/\/admin.industriall-union.org\/fr\/piquet-de-greve-pour-denoncer-la-violence-et-le-nepotisme-en-mongolie\/","og_locale":"fr_FR","og_type":"article","og_title":"Piquet de gr\u00e8ve pour d\u00e9noncer la violence et le n\u00e9potisme en Mongolie","og_description":"Les travailleurs et travailleuses, affili\u00e9s \u00e0 IndustriALL Global Union par l&rsquo;interm\u00e9diaire de la F\u00e9d\u00e9ration des syndicats des travailleurs de","og_url":"https:\/\/admin.industriall-union.org\/fr\/piquet-de-greve-pour-denoncer-la-violence-et-le-nepotisme-en-mongolie\/","og_site_name":"industriall-union","article_modified_time":"2025-01-30T08:35:22+00:00","twitter_card":"summary_large_image","twitter_misc":{"Est. reading time":"2 minutes"},"schema":{"@context":"https:\/\/schema.org","@graph":[{"@type":"WebPage","@id":"https:\/\/admin.industriall-union.org\/fr\/piquet-de-greve-pour-denoncer-la-violence-et-le-nepotisme-en-mongolie\/","url":"https:\/\/admin.industriall-union.org\/fr\/piquet-de-greve-pour-denoncer-la-violence-et-le-nepotisme-en-mongolie\/","name":"Piquet de gr\u00e8ve pour d\u00e9noncer la violence et le n\u00e9potisme en Mongolie - industriall-union","isPartOf":{"@id":"https:\/\/admin.industriall-union.org\/#website"},"datePublished":"2020-10-16T13:50:13+00:00","dateModified":"2025-01-30T08:35:22+00:00","description":"Les travailleurs et travailleuses, affili\u00e9s \u00e0 IndustriALL Global Union par l&rsquo;interm\u00e9diaire de la F\u00e9d\u00e9ration des syndicats des travailleurs de","breadcrumb":{"@id":"https:\/\/admin.industriall-union.org\/fr\/piquet-de-greve-pour-denoncer-la-violence-et-le-nepotisme-en-mongolie\/#breadcrumb"},"inLanguage":"fr-FR","potentialAction":[{"@type":"ReadAction","target":["https:\/\/admin.industriall-union.org\/fr\/piquet-de-greve-pour-denoncer-la-violence-et-le-nepotisme-en-mongolie\/"]}]},{"@type":"BreadcrumbList","@id":"https:\/\/admin.industriall-union.org\/fr\/piquet-de-greve-pour-denoncer-la-violence-et-le-nepotisme-en-mongolie\/#breadcrumb","itemListElement":[{"@type":"ListItem","position":1,"name":"Home","item":"https:\/\/admin.industriall-union.org\/"},{"@type":"ListItem","position":2,"name":"Articles","item":"https:\/\/admin.industriall-union.org\/article\/"},{"@type":"ListItem","position":3,"name":"Piquet de gr\u00e8ve pour d\u00e9noncer la violence et le n\u00e9potisme en Mongolie"}]},{"@type":"WebSite","@id":"https:\/\/admin.industriall-union.org\/#website","url":"https:\/\/admin.industriall-union.org\/","name":"industriall-union","description":"","potentialAction":[{"@type":"SearchAction","target":{"@type":"EntryPoint","urlTemplate":"https:\/\/admin.industriall-union.org\/?s={search_term_string}"},"query-input":{"@type":"PropertyValueSpecification","valueRequired":true,"valueName":"search_term_string"}}],"inLanguage":"fr-FR"}]}},"_links":{"self":[{"href":"https:\/\/admin.industriall-union.org\/fr\/wp-json\/wp\/v2\/article\/145224","targetHints":{"allow":["GET"]}}],"collection":[{"href":"https:\/\/admin.industriall-union.org\/fr\/wp-json\/wp\/v2\/article"}],"about":[{"href":"https:\/\/admin.industriall-union.org\/fr\/wp-json\/wp\/v2\/types\/article"}],"wp:attachment":[{"href":"https:\/\/admin.industriall-union.org\/fr\/wp-json\/wp\/v2\/media?parent=145224"}],"wp:term":[{"taxonomy":"issues","embeddable":true,"href":"https:\/\/admin.industriall-union.org\/fr\/wp-json\/wp\/v2\/issues?post=145224"},{"taxonomy":"companies","embeddable":true,"href":"https:\/\/admin.industriall-union.org\/fr\/wp-json\/wp\/v2\/companies?post=145224"},{"taxonomy":"regions","embeddable":true,"href":"https:\/\/admin.industriall-union.org\/fr\/wp-json\/wp\/v2\/regions?post=145224"},{"taxonomy":"sectors","embeddable":true,"href":"https:\/\/admin.industriall-union.org\/fr\/wp-json\/wp\/v2\/sectors?post=145224"},{"taxonomy":"article_tags","embeddable":true,"href":"https:\/\/admin.industriall-union.org\/fr\/wp-json\/wp\/v2\/article_tags?post=145224"}],"curies":[{"name":"wp","href":"https:\/\/api.w.org\/{rel}","templated":true}]}}