{"id":145218,"date":"2020-10-20T08:16:52","date_gmt":"2020-10-20T08:16:52","guid":{"rendered":"https:\/\/admin.industriall-union.org\/le-personnel-subi-de-rudes-mesures-de-confinement-covid-19\/"},"modified":"2025-01-30T08:31:57","modified_gmt":"2025-01-30T08:31:57","slug":"le-personnel-subi-de-rudes-mesures-de-confinement-covid-19","status":"publish","type":"article","link":"https:\/\/admin.industriall-union.org\/fr\/le-personnel-subi-de-rudes-mesures-de-confinement-covid-19\/","title":{"rendered":"Le personnel subi de rudes mesures de confinement Covid-19"},"content":{"rendered":"<p>Il ressort que le 19 octobre, le nombre total de cas de Covid-19 \u00e0 Minuwangoda Brandix est pass\u00e9 \u00e0 2.122, dont plus d&rsquo;un millier concernant des travailleurs et travailleuses de la confection de Brandix Limited, leurs proches et membres de leur famille.<\/p><p>Ce groupe repr\u00e9sente pr\u00e8s de la moiti\u00e9 du nombre total de cas de Covid au Sri Lanka et a fait les gros titres \u00e0 l&rsquo;\u00e9chelle nationale.<\/p><p>Les syndicats affirment que l&rsquo;arm\u00e9e, qui g\u00e8re les centres de quarantaine Covid, est entr\u00e9e la nuit, sans information pr\u00e9alable, dans les r\u00e9sidences des ouvriers et ouvri\u00e8res de la confection, pour leur demander de se rendre imm\u00e9diatement dans des centres de quarantaine.<\/p><p>Anton Marcus, du Syndicat des salari\u00e9s des zones franches et des services g\u00e9n\u00e9raux, a d\u00e9clar\u00e9&nbsp;:<\/p><blockquote><p>&ldquo;Si les usines avaient constitu\u00e9 des comit\u00e9s de sant\u00e9 comme l&rsquo;a d\u00e9cid\u00e9 le groupe de travail tripartite, ces probl\u00e8mes sanitaires auraient \u00e9t\u00e9 identifi\u00e9s plus t\u00f4t et cette crise aurait pu \u00eatre \u00e9vit\u00e9e. Il est imp\u00e9ratif que des comit\u00e9s de sant\u00e9 soient imm\u00e9diatement form\u00e9s dans chaque usine de confection.<\/p><p>Les mesures de quarantaine forc\u00e9e doivent cesser et les travailleurs et travailleuses doivent \u00eatre trait\u00e9s avec dignit\u00e9. Nous appelons le gouvernement \u00e0 assurer la s\u00e9curit\u00e9 de l&rsquo;emploi, la garantie de revenus ainsi que la sant\u00e9 et la s\u00e9curit\u00e9 tout en veillant \u00e9galement \u00e0 ce que la crise ne nuise pas au secteur.&rdquo;<\/p><\/blockquote><p>Les travailleurs et travailleuses n&rsquo;ont pas eu le temps de se pr\u00e9parer ni de rassembler leurs affaires. Tout le monde a \u00e9t\u00e9 emmen\u00e9 ensemble, sans suivre aucune proc\u00e9dure de s\u00e9curit\u00e9 comme la distanciation sociale, vers des centres de quarantaine \u00e9loign\u00e9s, sans avoir la possibilit\u00e9 de faire savoir \u00e0 qui que ce soit ce qui se passait.<\/p><p>L&rsquo;absence au niveau du centre de quarantaine de mesures de s\u00e9curit\u00e9, d&rsquo;installations sanitaires \u00e9l\u00e9mentaires, de personnel de sant\u00e9 et d&rsquo;acc\u00e8s \u00e0 une bonne alimentation augure d&rsquo;une possibilit\u00e9 accrue d&rsquo;infection parmi les travailleurs et travailleuses en quarantaine. Les membres des familles des personnes en quarantaine n&rsquo;ont re\u00e7u aucune information&nbsp;; m\u00eame les fonctionnaires du gouvernement local n&rsquo;ont eu aucune information.<\/p><p>Diff\u00e9rentes sources sugg\u00e8rent que les responsables de l&rsquo;entreprise ont insist\u00e9 sur le maintien de la production pour atteindre les objectifs fix\u00e9s et n&rsquo;ont pas r\u00e9ussi \u00e0 stopper la crise sanitaire qui se d\u00e9veloppait parmi le personnel.<\/p><p>Apoorva Kaiwar, Secr\u00e9taire r\u00e9gionale d&rsquo;IndustriALL, a d\u00e9clar\u00e9&nbsp;:<\/p><blockquote><p>&ldquo;Nous sommes profond\u00e9ment pr\u00e9occup\u00e9s par ces s\u00e9v\u00e8res mesures de quarantaine et leur impact sur les travailleurs et travailleuses ainsi que leurs familles. Le gouvernement du Sri Lanka doit suivre les normes internationales \u00e9tablies pour contr\u00f4ler la pand\u00e9mie tout en respectant les droits des patients. Le gouvernement et l&rsquo;employeur doivent prendre acte que la plupart des patients du groupe Minuwangoda Brandix sont des travailleuses et veiller \u00e0 ce que des mesures de s\u00e9curit\u00e9 sanitaire appropri\u00e9es leur soient appliqu\u00e9es.&rdquo;<\/p><\/blockquote><p><em><strong>Cr\u00e9dit photo&nbsp;:<\/strong> Travailleurs et travailleuses de Nordtext, Colombo, Sri Lanka. Banque asiatique de d\u00e9veloppement, Flickr<\/em><\/p>","protected":false},"featured_media":0,"template":"","issues":[362,424,425],"companies":[],"regions":[189],"sectors":[465],"article_tags":[],"class_list":["post-145218","article","type-article","status-publish","hentry","issues-covid-19","issues-violation","issues-workers-rights","regions-sri-lanka","sectors-garment"],"acf":[],"yoast_head":"<!-- This site is optimized with the Yoast SEO Premium plugin v27.1 (Yoast SEO v27.1) - https:\/\/yoast.com\/product\/yoast-seo-premium-wordpress\/ -->\n<title>Le personnel subi de rudes mesures de confinement Covid-19 - industriall-union<\/title>\n<meta name=\"description\" content=\"Il ressort que le 19 octobre, le nombre total de cas de Covid-19 \u00e0 Minuwangoda Brandix est pass\u00e9 \u00e0 2.122, dont plus d&rsquo;un millier concernant des\" \/>\n<meta name=\"robots\" content=\"index, follow, max-snippet:-1, max-image-preview:large, max-video-preview:-1\" \/>\n<link rel=\"canonical\" href=\"https:\/\/admin.industriall-union.org\/fr\/le-personnel-subi-de-rudes-mesures-de-confinement-covid-19\/\" \/>\n<meta property=\"og:locale\" content=\"fr_FR\" \/>\n<meta property=\"og:type\" content=\"article\" \/>\n<meta property=\"og:title\" content=\"Le personnel subi de rudes mesures de confinement Covid-19\" \/>\n<meta property=\"og:description\" content=\"Il ressort que le 19 octobre, le nombre total de cas de Covid-19 \u00e0 Minuwangoda Brandix est pass\u00e9 \u00e0 2.122, dont plus d&rsquo;un millier concernant des\" \/>\n<meta property=\"og:url\" content=\"https:\/\/admin.industriall-union.org\/fr\/le-personnel-subi-de-rudes-mesures-de-confinement-covid-19\/\" \/>\n<meta property=\"og:site_name\" content=\"industriall-union\" \/>\n<meta property=\"article:modified_time\" content=\"2025-01-30T08:31:57+00:00\" \/>\n<meta name=\"twitter:card\" content=\"summary_large_image\" \/>\n<meta name=\"twitter:label1\" content=\"Est. reading time\" \/>\n\t<meta name=\"twitter:data1\" content=\"3 minutes\" \/>\n<script type=\"application\/ld+json\" class=\"yoast-schema-graph\">{\"@context\":\"https:\/\/schema.org\",\"@graph\":[{\"@type\":\"WebPage\",\"@id\":\"https:\/\/admin.industriall-union.org\/fr\/le-personnel-subi-de-rudes-mesures-de-confinement-covid-19\/\",\"url\":\"https:\/\/admin.industriall-union.org\/fr\/le-personnel-subi-de-rudes-mesures-de-confinement-covid-19\/\",\"name\":\"Le personnel subi de rudes mesures de confinement Covid-19 - industriall-union\",\"isPartOf\":{\"@id\":\"https:\/\/admin.industriall-union.org\/#website\"},\"datePublished\":\"2020-10-20T08:16:52+00:00\",\"dateModified\":\"2025-01-30T08:31:57+00:00\",\"description\":\"Il ressort que le 19 octobre, le nombre total de cas de Covid-19 \u00e0 Minuwangoda Brandix est pass\u00e9 \u00e0 2.122, dont plus d&rsquo;un millier concernant des\",\"breadcrumb\":{\"@id\":\"https:\/\/admin.industriall-union.org\/fr\/le-personnel-subi-de-rudes-mesures-de-confinement-covid-19\/#breadcrumb\"},\"inLanguage\":\"fr-FR\",\"potentialAction\":[{\"@type\":\"ReadAction\",\"target\":[\"https:\/\/admin.industriall-union.org\/fr\/le-personnel-subi-de-rudes-mesures-de-confinement-covid-19\/\"]}]},{\"@type\":\"BreadcrumbList\",\"@id\":\"https:\/\/admin.industriall-union.org\/fr\/le-personnel-subi-de-rudes-mesures-de-confinement-covid-19\/#breadcrumb\",\"itemListElement\":[{\"@type\":\"ListItem\",\"position\":1,\"name\":\"Home\",\"item\":\"https:\/\/admin.industriall-union.org\/\"},{\"@type\":\"ListItem\",\"position\":2,\"name\":\"Articles\",\"item\":\"https:\/\/admin.industriall-union.org\/article\/\"},{\"@type\":\"ListItem\",\"position\":3,\"name\":\"Le personnel subi de rudes mesures de confinement Covid-19\"}]},{\"@type\":\"WebSite\",\"@id\":\"https:\/\/admin.industriall-union.org\/#website\",\"url\":\"https:\/\/admin.industriall-union.org\/\",\"name\":\"industriall-union\",\"description\":\"\",\"potentialAction\":[{\"@type\":\"SearchAction\",\"target\":{\"@type\":\"EntryPoint\",\"urlTemplate\":\"https:\/\/admin.industriall-union.org\/?s={search_term_string}\"},\"query-input\":{\"@type\":\"PropertyValueSpecification\",\"valueRequired\":true,\"valueName\":\"search_term_string\"}}],\"inLanguage\":\"fr-FR\"}]}<\/script>\n<!-- \/ Yoast SEO Premium plugin. -->","yoast_head_json":{"title":"Le personnel subi de rudes mesures de confinement Covid-19 - industriall-union","description":"Il ressort que le 19 octobre, le nombre total de cas de Covid-19 \u00e0 Minuwangoda Brandix est pass\u00e9 \u00e0 2.122, dont plus d&rsquo;un millier concernant des","robots":{"index":"index","follow":"follow","max-snippet":"max-snippet:-1","max-image-preview":"max-image-preview:large","max-video-preview":"max-video-preview:-1"},"canonical":"https:\/\/admin.industriall-union.org\/fr\/le-personnel-subi-de-rudes-mesures-de-confinement-covid-19\/","og_locale":"fr_FR","og_type":"article","og_title":"Le personnel subi de rudes mesures de confinement Covid-19","og_description":"Il ressort que le 19 octobre, le nombre total de cas de Covid-19 \u00e0 Minuwangoda Brandix est pass\u00e9 \u00e0 2.122, dont plus d&rsquo;un millier concernant des","og_url":"https:\/\/admin.industriall-union.org\/fr\/le-personnel-subi-de-rudes-mesures-de-confinement-covid-19\/","og_site_name":"industriall-union","article_modified_time":"2025-01-30T08:31:57+00:00","twitter_card":"summary_large_image","twitter_misc":{"Est. reading time":"3 minutes"},"schema":{"@context":"https:\/\/schema.org","@graph":[{"@type":"WebPage","@id":"https:\/\/admin.industriall-union.org\/fr\/le-personnel-subi-de-rudes-mesures-de-confinement-covid-19\/","url":"https:\/\/admin.industriall-union.org\/fr\/le-personnel-subi-de-rudes-mesures-de-confinement-covid-19\/","name":"Le personnel subi de rudes mesures de confinement Covid-19 - industriall-union","isPartOf":{"@id":"https:\/\/admin.industriall-union.org\/#website"},"datePublished":"2020-10-20T08:16:52+00:00","dateModified":"2025-01-30T08:31:57+00:00","description":"Il ressort que le 19 octobre, le nombre total de cas de Covid-19 \u00e0 Minuwangoda Brandix est pass\u00e9 \u00e0 2.122, dont plus d&rsquo;un millier concernant des","breadcrumb":{"@id":"https:\/\/admin.industriall-union.org\/fr\/le-personnel-subi-de-rudes-mesures-de-confinement-covid-19\/#breadcrumb"},"inLanguage":"fr-FR","potentialAction":[{"@type":"ReadAction","target":["https:\/\/admin.industriall-union.org\/fr\/le-personnel-subi-de-rudes-mesures-de-confinement-covid-19\/"]}]},{"@type":"BreadcrumbList","@id":"https:\/\/admin.industriall-union.org\/fr\/le-personnel-subi-de-rudes-mesures-de-confinement-covid-19\/#breadcrumb","itemListElement":[{"@type":"ListItem","position":1,"name":"Home","item":"https:\/\/admin.industriall-union.org\/"},{"@type":"ListItem","position":2,"name":"Articles","item":"https:\/\/admin.industriall-union.org\/article\/"},{"@type":"ListItem","position":3,"name":"Le personnel subi de rudes mesures de confinement Covid-19"}]},{"@type":"WebSite","@id":"https:\/\/admin.industriall-union.org\/#website","url":"https:\/\/admin.industriall-union.org\/","name":"industriall-union","description":"","potentialAction":[{"@type":"SearchAction","target":{"@type":"EntryPoint","urlTemplate":"https:\/\/admin.industriall-union.org\/?s={search_term_string}"},"query-input":{"@type":"PropertyValueSpecification","valueRequired":true,"valueName":"search_term_string"}}],"inLanguage":"fr-FR"}]}},"_links":{"self":[{"href":"https:\/\/admin.industriall-union.org\/fr\/wp-json\/wp\/v2\/article\/145218","targetHints":{"allow":["GET"]}}],"collection":[{"href":"https:\/\/admin.industriall-union.org\/fr\/wp-json\/wp\/v2\/article"}],"about":[{"href":"https:\/\/admin.industriall-union.org\/fr\/wp-json\/wp\/v2\/types\/article"}],"wp:attachment":[{"href":"https:\/\/admin.industriall-union.org\/fr\/wp-json\/wp\/v2\/media?parent=145218"}],"wp:term":[{"taxonomy":"issues","embeddable":true,"href":"https:\/\/admin.industriall-union.org\/fr\/wp-json\/wp\/v2\/issues?post=145218"},{"taxonomy":"companies","embeddable":true,"href":"https:\/\/admin.industriall-union.org\/fr\/wp-json\/wp\/v2\/companies?post=145218"},{"taxonomy":"regions","embeddable":true,"href":"https:\/\/admin.industriall-union.org\/fr\/wp-json\/wp\/v2\/regions?post=145218"},{"taxonomy":"sectors","embeddable":true,"href":"https:\/\/admin.industriall-union.org\/fr\/wp-json\/wp\/v2\/sectors?post=145218"},{"taxonomy":"article_tags","embeddable":true,"href":"https:\/\/admin.industriall-union.org\/fr\/wp-json\/wp\/v2\/article_tags?post=145218"}],"curies":[{"name":"wp","href":"https:\/\/api.w.org\/{rel}","templated":true}]}}