{"id":145210,"date":"2020-10-28T10:09:23","date_gmt":"2020-10-28T10:09:23","guid":{"rendered":"https:\/\/admin.industriall-union.org\/atteinte-au-droit-de-greve-en-bielorussie\/"},"modified":"2025-01-30T08:14:17","modified_gmt":"2025-01-30T08:14:17","slug":"atteinte-au-droit-de-greve-en-bielorussie","status":"publish","type":"article","link":"https:\/\/admin.industriall-union.org\/fr\/atteinte-au-droit-de-greve-en-bielorussie\/","title":{"rendered":"Atteinte au droit de gr\u00e8ve en Bi\u00e9lorussie"},"content":{"rendered":"<p>Apr\u00e8s plus de deux mois de manifestations contre les \u00e9lections pr\u00e9sidentielles truqu\u00e9es en Bi\u00e9lorussie, la dirigeante en exil Svetlana Tikhanouskaya a appel\u00e9 le 26 octobre \u00e0 une gr\u00e8ve nationale illimit\u00e9e pour mettre fin \u00e0 la dictature. Cette gr\u00e8ve est largement soutenue par les travailleurs et travailleuses des entreprises priv\u00e9es et publiques. Les \u00e9tudiants et les retrait\u00e9s se joignent \u00e9galement aux manifestations.<\/p><p>Mais en violation de la l\u00e9gislation nationale et internationale du travail, ratifi\u00e9e par la Bi\u00e9lorussie, le r\u00e9gime r\u00e9prime le droit de gr\u00e8ve par la manipulation, l&rsquo;intimidation et la violence.<\/p><p>Les autorit\u00e9s tentent de bloquer toute vell\u00e9it\u00e9 de r\u00e9sistance au sein des grandes entreprises publiques. Le pouvoir de Loukachenko a traditionnellement repos\u00e9 sur le soutien \u00e9lectoral de la main-d&rsquo;\u0153uvre des grandes entreprises d&rsquo;\u00c9tat h\u00e9rit\u00e9es de l&rsquo;Union Sovi\u00e9tique. Mais incapable de trouver une sortie \u00e0 la crise \u00e9conomique et politique en Bi\u00e9lorussie, Loukachenko a compl\u00e8tement perdu sa cr\u00e9dibilit\u00e9 aupr\u00e8s des travailleurs et travailleuses.<\/p><p>Sur le terrain, les autorit\u00e9s tentent de briser la gr\u00e8ve en interdisant les cong\u00e9s, en bloquant l&rsquo;acc\u00e8s \u00e0 certains travailleurs pour les emp\u00eacher de communiquer avec leurs coll\u00e8gues, ou en les d\u00e9pla\u00e7ant vers d&rsquo;autres \u00e9quipes, mais aussi en les licenciant.<\/p><p>Le Syndicat libre des m\u00e9tallurgistes SPM, affili\u00e9 \u00e0 IndustriALL, rapporte le licenciement de quatre de ses militants de l&rsquo;usine de tracteurs de Minsk, dont Viktor Tcha\u00efkovski, dirigeant de la section locale du SPM, et Alexandre Lavrinovitch, son adjoint, \u00e9galement pr\u00e9sident du comit\u00e9 de gr\u00e8ve.<\/p><p>Dans la matin\u00e9e du 26 octobre, des cars avec \u00e0 leur bord des membres de la police anti-\u00e9meute ont \u00e9t\u00e9 aper\u00e7us dans de nombreuses grandes entreprises.<\/p><p>De nombreux travailleurs qui ont tent\u00e9 d&rsquo;exercer leur droit de manifester ont \u00e9t\u00e9 arr\u00eat\u00e9s. Des informations font \u00e9tat de passages \u00e0 tabac violents pendant et apr\u00e8s ces d\u00e9tentions. \u00c0 Grodno Azot, une importante entreprise chimique, au moins 30 travailleurs et des personnes ayant pris leur parti ont \u00e9t\u00e9 arr\u00eat\u00e9s, certains ayant \u00e9t\u00e9 violemment rou\u00e9s de coups.<\/p><p>\u00c0 la veille de cette gr\u00e8ve, annonc\u00e9e publiquement, les autorit\u00e9s ont tent\u00e9 d&rsquo;emp\u00eacher les dirigeants syndicaux d&rsquo;agir, comme dans le cas des <a href=\"http:\/\/www.industriall-union.org\/belaruskali-workers-and-union-leader-face-repression-in-belarus\">militants syndicaux de Belaruskali<\/a>, avec \u00e0 leur t\u00eate Siarhei Charkasau, Vice-pr\u00e9sident du Syndicat ind\u00e9pendant bi\u00e9lorusse, BITU. Ils sont toujours en prison.<\/p><p>Les manifestations \u00e0 la veille de la gr\u00e8ve ont attir\u00e9 environ 100.000 personnes dans les rues de Minsk, selon les m\u00e9dias. Certains syndicalistes ont \u00e9t\u00e9 arr\u00eat\u00e9s, comme la Pr\u00e9sidente en exercice du Syndicat de l&rsquo;industrie de la radio et de l&rsquo;\u00e9lectronique, <a href=\"https:\/\/www.facebook.com\/IndustriALLGlobalUnion\/posts\/3456054254481885\">Zinaida Mikhnyuk, qui a \u00e9t\u00e9 arr\u00eat\u00e9e avec ses coll\u00e8gues \u00e0 Brest<\/a> le 25 octobre et qui est toujours en d\u00e9tention.<\/p><p>Valter Sanches, Secr\u00e9taire g\u00e9n\u00e9ral d&rsquo;IndustriALL, a martel\u00e9&nbsp;:<\/p><blockquote><p>&ldquo;Le droit de gr\u00e8ve et la libert\u00e9 d&rsquo;expression sont fondamentaux dans une soci\u00e9t\u00e9 d\u00e9mocratique. Ils sont aujourd&rsquo;hui totalement bafou\u00e9s en Bi\u00e9lorussie. Nous demandons qu&rsquo;il soit mis fin \u00e0 la violence contre les travailleurs et le peuple de Bi\u00e9lorussie et que les militants et les prisonniers politiques soient lib\u00e9r\u00e9s.<\/p><p>IndustriALL appelle \u00e0 la tenue imm\u00e9diate d&rsquo;une enqu\u00eate sur l&rsquo;utilisation arbitraire de la force contre des manifestants pacifiques et \u00e0 ce que la d\u00e9mocratie soit restaur\u00e9e, afin de permettre au peuple de choisir librement ses dirigeants.&rdquo;<\/p><\/blockquote>","protected":false},"featured_media":0,"template":"","issues":[424],"companies":[],"regions":[207],"sectors":[],"article_tags":[529],"class_list":["post-145210","article","type-article","status-publish","hentry","issues-violation","regions-belarus","article_tags-strike"],"acf":[],"yoast_head":"<!-- This site is optimized with the Yoast SEO Premium plugin v27.1 (Yoast SEO v27.1) - https:\/\/yoast.com\/product\/yoast-seo-premium-wordpress\/ -->\n<title>Atteinte au droit de gr\u00e8ve en Bi\u00e9lorussie - industriall-union<\/title>\n<meta name=\"description\" content=\"Apr\u00e8s plus de deux mois de manifestations contre les \u00e9lections pr\u00e9sidentielles truqu\u00e9es en Bi\u00e9lorussie, la dirigeante en exil Svetlana Tikhanouskaya a\" \/>\n<meta name=\"robots\" content=\"index, follow, max-snippet:-1, max-image-preview:large, max-video-preview:-1\" \/>\n<link rel=\"canonical\" href=\"https:\/\/admin.industriall-union.org\/fr\/atteinte-au-droit-de-greve-en-bielorussie\/\" \/>\n<meta property=\"og:locale\" content=\"fr_FR\" \/>\n<meta property=\"og:type\" content=\"article\" \/>\n<meta property=\"og:title\" content=\"Atteinte au droit de gr\u00e8ve en Bi\u00e9lorussie\" \/>\n<meta property=\"og:description\" content=\"Apr\u00e8s plus de deux mois de manifestations contre les \u00e9lections pr\u00e9sidentielles truqu\u00e9es en Bi\u00e9lorussie, la dirigeante en exil Svetlana Tikhanouskaya a\" \/>\n<meta property=\"og:url\" content=\"https:\/\/admin.industriall-union.org\/fr\/atteinte-au-droit-de-greve-en-bielorussie\/\" \/>\n<meta property=\"og:site_name\" content=\"industriall-union\" \/>\n<meta property=\"article:modified_time\" content=\"2025-01-30T08:14:17+00:00\" \/>\n<meta name=\"twitter:card\" content=\"summary_large_image\" \/>\n<meta name=\"twitter:label1\" content=\"Est. reading time\" \/>\n\t<meta name=\"twitter:data1\" content=\"3 minutes\" \/>\n<script type=\"application\/ld+json\" class=\"yoast-schema-graph\">{\"@context\":\"https:\/\/schema.org\",\"@graph\":[{\"@type\":\"WebPage\",\"@id\":\"https:\/\/admin.industriall-union.org\/fr\/atteinte-au-droit-de-greve-en-bielorussie\/\",\"url\":\"https:\/\/admin.industriall-union.org\/fr\/atteinte-au-droit-de-greve-en-bielorussie\/\",\"name\":\"Atteinte au droit de gr\u00e8ve en Bi\u00e9lorussie - industriall-union\",\"isPartOf\":{\"@id\":\"https:\/\/admin.industriall-union.org\/#website\"},\"datePublished\":\"2020-10-28T10:09:23+00:00\",\"dateModified\":\"2025-01-30T08:14:17+00:00\",\"description\":\"Apr\u00e8s plus de deux mois de manifestations contre les \u00e9lections pr\u00e9sidentielles truqu\u00e9es en Bi\u00e9lorussie, la dirigeante en exil Svetlana Tikhanouskaya a\",\"breadcrumb\":{\"@id\":\"https:\/\/admin.industriall-union.org\/fr\/atteinte-au-droit-de-greve-en-bielorussie\/#breadcrumb\"},\"inLanguage\":\"fr-FR\",\"potentialAction\":[{\"@type\":\"ReadAction\",\"target\":[\"https:\/\/admin.industriall-union.org\/fr\/atteinte-au-droit-de-greve-en-bielorussie\/\"]}]},{\"@type\":\"BreadcrumbList\",\"@id\":\"https:\/\/admin.industriall-union.org\/fr\/atteinte-au-droit-de-greve-en-bielorussie\/#breadcrumb\",\"itemListElement\":[{\"@type\":\"ListItem\",\"position\":1,\"name\":\"Home\",\"item\":\"https:\/\/admin.industriall-union.org\/\"},{\"@type\":\"ListItem\",\"position\":2,\"name\":\"Articles\",\"item\":\"https:\/\/admin.industriall-union.org\/article\/\"},{\"@type\":\"ListItem\",\"position\":3,\"name\":\"Atteinte au droit de gr\u00e8ve en Bi\u00e9lorussie\"}]},{\"@type\":\"WebSite\",\"@id\":\"https:\/\/admin.industriall-union.org\/#website\",\"url\":\"https:\/\/admin.industriall-union.org\/\",\"name\":\"industriall-union\",\"description\":\"\",\"potentialAction\":[{\"@type\":\"SearchAction\",\"target\":{\"@type\":\"EntryPoint\",\"urlTemplate\":\"https:\/\/admin.industriall-union.org\/?s={search_term_string}\"},\"query-input\":{\"@type\":\"PropertyValueSpecification\",\"valueRequired\":true,\"valueName\":\"search_term_string\"}}],\"inLanguage\":\"fr-FR\"}]}<\/script>\n<!-- \/ Yoast SEO Premium plugin. -->","yoast_head_json":{"title":"Atteinte au droit de gr\u00e8ve en Bi\u00e9lorussie - industriall-union","description":"Apr\u00e8s plus de deux mois de manifestations contre les \u00e9lections pr\u00e9sidentielles truqu\u00e9es en Bi\u00e9lorussie, la dirigeante en exil Svetlana Tikhanouskaya a","robots":{"index":"index","follow":"follow","max-snippet":"max-snippet:-1","max-image-preview":"max-image-preview:large","max-video-preview":"max-video-preview:-1"},"canonical":"https:\/\/admin.industriall-union.org\/fr\/atteinte-au-droit-de-greve-en-bielorussie\/","og_locale":"fr_FR","og_type":"article","og_title":"Atteinte au droit de gr\u00e8ve en Bi\u00e9lorussie","og_description":"Apr\u00e8s plus de deux mois de manifestations contre les \u00e9lections pr\u00e9sidentielles truqu\u00e9es en Bi\u00e9lorussie, la dirigeante en exil Svetlana Tikhanouskaya a","og_url":"https:\/\/admin.industriall-union.org\/fr\/atteinte-au-droit-de-greve-en-bielorussie\/","og_site_name":"industriall-union","article_modified_time":"2025-01-30T08:14:17+00:00","twitter_card":"summary_large_image","twitter_misc":{"Est. reading time":"3 minutes"},"schema":{"@context":"https:\/\/schema.org","@graph":[{"@type":"WebPage","@id":"https:\/\/admin.industriall-union.org\/fr\/atteinte-au-droit-de-greve-en-bielorussie\/","url":"https:\/\/admin.industriall-union.org\/fr\/atteinte-au-droit-de-greve-en-bielorussie\/","name":"Atteinte au droit de gr\u00e8ve en Bi\u00e9lorussie - industriall-union","isPartOf":{"@id":"https:\/\/admin.industriall-union.org\/#website"},"datePublished":"2020-10-28T10:09:23+00:00","dateModified":"2025-01-30T08:14:17+00:00","description":"Apr\u00e8s plus de deux mois de manifestations contre les \u00e9lections pr\u00e9sidentielles truqu\u00e9es en Bi\u00e9lorussie, la dirigeante en exil Svetlana Tikhanouskaya a","breadcrumb":{"@id":"https:\/\/admin.industriall-union.org\/fr\/atteinte-au-droit-de-greve-en-bielorussie\/#breadcrumb"},"inLanguage":"fr-FR","potentialAction":[{"@type":"ReadAction","target":["https:\/\/admin.industriall-union.org\/fr\/atteinte-au-droit-de-greve-en-bielorussie\/"]}]},{"@type":"BreadcrumbList","@id":"https:\/\/admin.industriall-union.org\/fr\/atteinte-au-droit-de-greve-en-bielorussie\/#breadcrumb","itemListElement":[{"@type":"ListItem","position":1,"name":"Home","item":"https:\/\/admin.industriall-union.org\/"},{"@type":"ListItem","position":2,"name":"Articles","item":"https:\/\/admin.industriall-union.org\/article\/"},{"@type":"ListItem","position":3,"name":"Atteinte au droit de gr\u00e8ve en Bi\u00e9lorussie"}]},{"@type":"WebSite","@id":"https:\/\/admin.industriall-union.org\/#website","url":"https:\/\/admin.industriall-union.org\/","name":"industriall-union","description":"","potentialAction":[{"@type":"SearchAction","target":{"@type":"EntryPoint","urlTemplate":"https:\/\/admin.industriall-union.org\/?s={search_term_string}"},"query-input":{"@type":"PropertyValueSpecification","valueRequired":true,"valueName":"search_term_string"}}],"inLanguage":"fr-FR"}]}},"_links":{"self":[{"href":"https:\/\/admin.industriall-union.org\/fr\/wp-json\/wp\/v2\/article\/145210","targetHints":{"allow":["GET"]}}],"collection":[{"href":"https:\/\/admin.industriall-union.org\/fr\/wp-json\/wp\/v2\/article"}],"about":[{"href":"https:\/\/admin.industriall-union.org\/fr\/wp-json\/wp\/v2\/types\/article"}],"wp:attachment":[{"href":"https:\/\/admin.industriall-union.org\/fr\/wp-json\/wp\/v2\/media?parent=145210"}],"wp:term":[{"taxonomy":"issues","embeddable":true,"href":"https:\/\/admin.industriall-union.org\/fr\/wp-json\/wp\/v2\/issues?post=145210"},{"taxonomy":"companies","embeddable":true,"href":"https:\/\/admin.industriall-union.org\/fr\/wp-json\/wp\/v2\/companies?post=145210"},{"taxonomy":"regions","embeddable":true,"href":"https:\/\/admin.industriall-union.org\/fr\/wp-json\/wp\/v2\/regions?post=145210"},{"taxonomy":"sectors","embeddable":true,"href":"https:\/\/admin.industriall-union.org\/fr\/wp-json\/wp\/v2\/sectors?post=145210"},{"taxonomy":"article_tags","embeddable":true,"href":"https:\/\/admin.industriall-union.org\/fr\/wp-json\/wp\/v2\/article_tags?post=145210"}],"curies":[{"name":"wp","href":"https:\/\/api.w.org\/{rel}","templated":true}]}}