{"id":145186,"date":"2020-11-13T16:12:51","date_gmt":"2020-11-13T16:12:51","guid":{"rendered":"https:\/\/admin.industriall-union.org\/les-syndicats-du-petrole-et-du-gaz-doivent-se-battre-pour-une-reprise-juste\/"},"modified":"2025-01-29T20:04:19","modified_gmt":"2025-01-29T20:04:19","slug":"les-syndicats-du-petrole-et-du-gaz-doivent-se-battre-pour-une-reprise-juste","status":"publish","type":"article","link":"https:\/\/admin.industriall-union.org\/fr\/les-syndicats-du-petrole-et-du-gaz-doivent-se-battre-pour-une-reprise-juste\/","title":{"rendered":"Les syndicats du p\u00e9trole et du gaz doivent se battre pour une Reprise juste"},"content":{"rendered":"<p><\/p><p>Tel est le message d\u00e9livr\u00e9 par la Directrice de l&rsquo;\u00e9nergie d&rsquo;IndustriALL Global Union, Diana Junquera Curiel, lors d&rsquo;une r\u00e9union du r\u00e9seau des militants syndicaux du secteur du p\u00e9trole et du gaz, qui s&rsquo;est tenue en ligne ce 12 novembre.<\/p><p>Diana Junquera a indiqu\u00e9 qu&rsquo;il y avait eu un effondrement de la demande d&rsquo;essence, de k\u00e9ros\u00e8ne et d&rsquo;autres produits p\u00e9troliers raffin\u00e9s en raison du ralentissement \u00e9conomique mondial caus\u00e9 par la pand\u00e9mie. L&rsquo;effondrement de la demande de p\u00e9trole a entra\u00een\u00e9 un effondrement des prix. La plupart des compagnies p\u00e9troli\u00e8res maintiennent l&rsquo;extraction, parce que les plateformes p\u00e9troli\u00e8res repr\u00e9sentent un co\u00fbt irr\u00e9cup\u00e9rable et sont donc, d&rsquo;un certain point de vue, bon march\u00e9 \u00e0 exploiter. Cependant, elles r\u00e9duisent consid\u00e9rablement leur capacit\u00e9 de raffinage. De nombreuses entreprises pr\u00e9voient de fermer des raffineries et des dizaines de milliers de travailleurs et travailleuses concern\u00e9s risquent de perdre leur emploi.<\/p><p>L&rsquo;effet du faible prix du p\u00e9trole est diff\u00e9rent selon qu&rsquo;un pays est producteur ou importateur. Les pays producteurs ont connu une r\u00e9duction importante de leurs revenus et souvent un krach mon\u00e9taire. Cela a eu un impact d\u00e9vastateur sur les \u00e9conomies de ces pays, en particulier ceux dont le secteur public est financ\u00e9 par les revenus des combustibles fossiles.<\/p><p>En revanche, les pays importateurs comme la Chine et l&rsquo;Inde ont profit\u00e9 de la baisse du prix du brut et ont augment\u00e9 leur capacit\u00e9 de stockage.<\/p><p>Diana Junquera a pr\u00e9sent\u00e9 une enqu\u00eate command\u00e9e par IndustriALL sur les tendances du secteur. Cette enqu\u00eate a montr\u00e9 que malgr\u00e9 l&rsquo;offensive de relations publiques lanc\u00e9e par les compagnies du secteur de l&rsquo;\u00e9nergie sur leur adh\u00e9sion aux \u00e9nergies renouvelables, il y a eu tr\u00e8s peu d&rsquo;investissements r\u00e9els. L&rsquo;entreprise qui a le plus investi, Total, a consacr\u00e9 moins de 4,5 % de ses d\u00e9penses d&rsquo;investissement aux \u00e9nergies renouvelables. Les autres entreprises ont investi beaucoup moins.<\/p><p>Les compagnies p\u00e9troli\u00e8res et gazi\u00e8res \u00e9talent leurs mises en investissant des sommes relativement faibles dans un certain nombre de technologies diff\u00e9rentes de gestion de l&rsquo;\u00e9nergie, de stockage et d&rsquo;\u00e9nergies renouvelables. Les entreprises r\u00e9duisent leurs pertes afin de lib\u00e9rer du capital pour de futurs investissements. Elles attendent les signaux du march\u00e9 et les d\u00e9cisions des gouvernements avant de faire des investissements importants.<\/p><p>Diana Junquera a pr\u00e9venu que les syndicats allaient probablement traverser une p\u00e9riode difficile en raison des pertes d&rsquo;emplois dans les raffineries et que le manque d&rsquo;investissements dans les \u00e9nergies renouvelables signifiait que la Transition juste ne se ferait pas toute seule. Les syndicats doivent \u00eatre conscients des tendances qui se dessinent, rester unis et commencer d\u00e8s maintenant \u00e0 n\u00e9gocier des plans de Transition juste.<\/p><p><img decoding=\"async\" alt=\"\" src=\"\/wp-content\/uploads\/images\/2020\/SWITZERLAND\/Oil_Gas\/og.png\" style=\"width: 600px;height: 281px\" \/><\/p><p>L&rsquo;assembl\u00e9e a entendu des rapports de syndicalistes du secteur du p\u00e9trole et du gaz du monde entier, notamment d&rsquo;Alg\u00e9rie, d&rsquo;Australie, de Belgique, d&rsquo;Italie, du Japon, de Norv\u00e8ge, de Russie, d&rsquo;Espagne, de Tha\u00eflande, de Turquie et des \u00c9tats-Unis. Les d\u00e9l\u00e9gu\u00e9s ont confirm\u00e9 les tendances qui ont \u00e9t\u00e9 identifi\u00e9es et ont \u00e9voqu\u00e9 la fa\u00e7on dont elles affectent le secteur dans leur pays. Beaucoup ont jou\u00e9 un r\u00f4le actif dans la d\u00e9fense de l&rsquo;emploi et de la sant\u00e9 des travailleurs et travailleuses du p\u00e9trole et du gaz alors que la pand\u00e9mie se propageait dans le monde entier.<\/p><p>Repla\u00e7ant la r\u00e9union dans un contexte politique plus large, le Secr\u00e9taire g\u00e9n\u00e9ral adjoint d&rsquo;IndustriALL, Kemal \u00d6zkan, a exhort\u00e9 les syndicats \u00e0 \u00eatre vigilants sur la mani\u00e8re dont les fonds de relance seront d\u00e9pens\u00e9s.<\/p><blockquote><p>&ldquo;Le syst\u00e8me actuel a \u00e9chou\u00e9,&rdquo; a-t-il dit.<\/p><p>&ldquo;Il n&rsquo;a fait que cr\u00e9er des in\u00e9galit\u00e9s. Comment l&rsquo;argent des plans de relance sera-t-il d\u00e9pens\u00e9&nbsp;? Sera-t-il d\u00e9pens\u00e9 pour aggraver les choses ou pour construire un monde plus juste&nbsp;?&rdquo;<\/p><\/blockquote><p><em>Illustration&nbsp;: <a href=\"https:\/\/www.flickr.com\/photos\/lindseygee\/5894085313\/\">Lindsey G on Flickr CC<\/a><\/em><\/p>","protected":false},"featured_media":0,"template":"","issues":[],"companies":[],"regions":[],"sectors":[483],"article_tags":[],"class_list":["post-145186","article","type-article","status-publish","hentry","sectors-energy-oil-gas-electricity-and-nuclear"],"acf":[],"yoast_head":"<!-- This site is optimized with the Yoast SEO Premium plugin v27.1 (Yoast SEO v27.1) - https:\/\/yoast.com\/product\/yoast-seo-premium-wordpress\/ -->\n<title>Les syndicats du p\u00e9trole et du gaz doivent se battre pour une Reprise juste - industriall-union<\/title>\n<meta name=\"description\" content=\"Tel est le message d\u00e9livr\u00e9 par la Directrice de l&rsquo;\u00e9nergie d&rsquo;IndustriALL Global Union, Diana Junquera Curiel, lors d&rsquo;une r\u00e9union du\" \/>\n<meta name=\"robots\" content=\"index, follow, max-snippet:-1, max-image-preview:large, max-video-preview:-1\" \/>\n<link rel=\"canonical\" href=\"https:\/\/admin.industriall-union.org\/fr\/les-syndicats-du-petrole-et-du-gaz-doivent-se-battre-pour-une-reprise-juste\/\" \/>\n<meta property=\"og:locale\" content=\"fr_FR\" \/>\n<meta property=\"og:type\" content=\"article\" \/>\n<meta property=\"og:title\" content=\"Les syndicats du p\u00e9trole et du gaz doivent se battre pour une Reprise juste\" \/>\n<meta property=\"og:description\" content=\"Tel est le message d\u00e9livr\u00e9 par la Directrice de l&rsquo;\u00e9nergie d&rsquo;IndustriALL Global Union, Diana Junquera Curiel, lors d&rsquo;une r\u00e9union du\" \/>\n<meta property=\"og:url\" content=\"https:\/\/admin.industriall-union.org\/fr\/les-syndicats-du-petrole-et-du-gaz-doivent-se-battre-pour-une-reprise-juste\/\" \/>\n<meta property=\"og:site_name\" content=\"industriall-union\" \/>\n<meta property=\"article:modified_time\" content=\"2025-01-29T20:04:19+00:00\" \/>\n<meta name=\"twitter:card\" content=\"summary_large_image\" \/>\n<meta name=\"twitter:label1\" content=\"Est. reading time\" \/>\n\t<meta name=\"twitter:data1\" content=\"4 minutes\" \/>\n<script type=\"application\/ld+json\" class=\"yoast-schema-graph\">{\"@context\":\"https:\/\/schema.org\",\"@graph\":[{\"@type\":\"WebPage\",\"@id\":\"https:\/\/admin.industriall-union.org\/fr\/les-syndicats-du-petrole-et-du-gaz-doivent-se-battre-pour-une-reprise-juste\/\",\"url\":\"https:\/\/admin.industriall-union.org\/fr\/les-syndicats-du-petrole-et-du-gaz-doivent-se-battre-pour-une-reprise-juste\/\",\"name\":\"Les syndicats du p\u00e9trole et du gaz doivent se battre pour une Reprise juste - industriall-union\",\"isPartOf\":{\"@id\":\"https:\/\/admin.industriall-union.org\/#website\"},\"datePublished\":\"2020-11-13T16:12:51+00:00\",\"dateModified\":\"2025-01-29T20:04:19+00:00\",\"description\":\"Tel est le message d\u00e9livr\u00e9 par la Directrice de l&rsquo;\u00e9nergie d&rsquo;IndustriALL Global Union, Diana Junquera Curiel, lors d&rsquo;une r\u00e9union du\",\"breadcrumb\":{\"@id\":\"https:\/\/admin.industriall-union.org\/fr\/les-syndicats-du-petrole-et-du-gaz-doivent-se-battre-pour-une-reprise-juste\/#breadcrumb\"},\"inLanguage\":\"fr-FR\",\"potentialAction\":[{\"@type\":\"ReadAction\",\"target\":[\"https:\/\/admin.industriall-union.org\/fr\/les-syndicats-du-petrole-et-du-gaz-doivent-se-battre-pour-une-reprise-juste\/\"]}]},{\"@type\":\"BreadcrumbList\",\"@id\":\"https:\/\/admin.industriall-union.org\/fr\/les-syndicats-du-petrole-et-du-gaz-doivent-se-battre-pour-une-reprise-juste\/#breadcrumb\",\"itemListElement\":[{\"@type\":\"ListItem\",\"position\":1,\"name\":\"Home\",\"item\":\"https:\/\/admin.industriall-union.org\/\"},{\"@type\":\"ListItem\",\"position\":2,\"name\":\"Articles\",\"item\":\"https:\/\/admin.industriall-union.org\/article\/\"},{\"@type\":\"ListItem\",\"position\":3,\"name\":\"Les syndicats du p\u00e9trole et du gaz doivent se battre pour une Reprise juste\"}]},{\"@type\":\"WebSite\",\"@id\":\"https:\/\/admin.industriall-union.org\/#website\",\"url\":\"https:\/\/admin.industriall-union.org\/\",\"name\":\"industriall-union\",\"description\":\"\",\"potentialAction\":[{\"@type\":\"SearchAction\",\"target\":{\"@type\":\"EntryPoint\",\"urlTemplate\":\"https:\/\/admin.industriall-union.org\/?s={search_term_string}\"},\"query-input\":{\"@type\":\"PropertyValueSpecification\",\"valueRequired\":true,\"valueName\":\"search_term_string\"}}],\"inLanguage\":\"fr-FR\"}]}<\/script>\n<!-- \/ Yoast SEO Premium plugin. -->","yoast_head_json":{"title":"Les syndicats du p\u00e9trole et du gaz doivent se battre pour une Reprise juste - industriall-union","description":"Tel est le message d\u00e9livr\u00e9 par la Directrice de l&rsquo;\u00e9nergie d&rsquo;IndustriALL Global Union, Diana Junquera Curiel, lors d&rsquo;une r\u00e9union du","robots":{"index":"index","follow":"follow","max-snippet":"max-snippet:-1","max-image-preview":"max-image-preview:large","max-video-preview":"max-video-preview:-1"},"canonical":"https:\/\/admin.industriall-union.org\/fr\/les-syndicats-du-petrole-et-du-gaz-doivent-se-battre-pour-une-reprise-juste\/","og_locale":"fr_FR","og_type":"article","og_title":"Les syndicats du p\u00e9trole et du gaz doivent se battre pour une Reprise juste","og_description":"Tel est le message d\u00e9livr\u00e9 par la Directrice de l&rsquo;\u00e9nergie d&rsquo;IndustriALL Global Union, Diana Junquera Curiel, lors d&rsquo;une r\u00e9union du","og_url":"https:\/\/admin.industriall-union.org\/fr\/les-syndicats-du-petrole-et-du-gaz-doivent-se-battre-pour-une-reprise-juste\/","og_site_name":"industriall-union","article_modified_time":"2025-01-29T20:04:19+00:00","twitter_card":"summary_large_image","twitter_misc":{"Est. reading time":"4 minutes"},"schema":{"@context":"https:\/\/schema.org","@graph":[{"@type":"WebPage","@id":"https:\/\/admin.industriall-union.org\/fr\/les-syndicats-du-petrole-et-du-gaz-doivent-se-battre-pour-une-reprise-juste\/","url":"https:\/\/admin.industriall-union.org\/fr\/les-syndicats-du-petrole-et-du-gaz-doivent-se-battre-pour-une-reprise-juste\/","name":"Les syndicats du p\u00e9trole et du gaz doivent se battre pour une Reprise juste - industriall-union","isPartOf":{"@id":"https:\/\/admin.industriall-union.org\/#website"},"datePublished":"2020-11-13T16:12:51+00:00","dateModified":"2025-01-29T20:04:19+00:00","description":"Tel est le message d\u00e9livr\u00e9 par la Directrice de l&rsquo;\u00e9nergie d&rsquo;IndustriALL Global Union, Diana Junquera Curiel, lors d&rsquo;une r\u00e9union du","breadcrumb":{"@id":"https:\/\/admin.industriall-union.org\/fr\/les-syndicats-du-petrole-et-du-gaz-doivent-se-battre-pour-une-reprise-juste\/#breadcrumb"},"inLanguage":"fr-FR","potentialAction":[{"@type":"ReadAction","target":["https:\/\/admin.industriall-union.org\/fr\/les-syndicats-du-petrole-et-du-gaz-doivent-se-battre-pour-une-reprise-juste\/"]}]},{"@type":"BreadcrumbList","@id":"https:\/\/admin.industriall-union.org\/fr\/les-syndicats-du-petrole-et-du-gaz-doivent-se-battre-pour-une-reprise-juste\/#breadcrumb","itemListElement":[{"@type":"ListItem","position":1,"name":"Home","item":"https:\/\/admin.industriall-union.org\/"},{"@type":"ListItem","position":2,"name":"Articles","item":"https:\/\/admin.industriall-union.org\/article\/"},{"@type":"ListItem","position":3,"name":"Les syndicats du p\u00e9trole et du gaz doivent se battre pour une Reprise juste"}]},{"@type":"WebSite","@id":"https:\/\/admin.industriall-union.org\/#website","url":"https:\/\/admin.industriall-union.org\/","name":"industriall-union","description":"","potentialAction":[{"@type":"SearchAction","target":{"@type":"EntryPoint","urlTemplate":"https:\/\/admin.industriall-union.org\/?s={search_term_string}"},"query-input":{"@type":"PropertyValueSpecification","valueRequired":true,"valueName":"search_term_string"}}],"inLanguage":"fr-FR"}]}},"_links":{"self":[{"href":"https:\/\/admin.industriall-union.org\/fr\/wp-json\/wp\/v2\/article\/145186","targetHints":{"allow":["GET"]}}],"collection":[{"href":"https:\/\/admin.industriall-union.org\/fr\/wp-json\/wp\/v2\/article"}],"about":[{"href":"https:\/\/admin.industriall-union.org\/fr\/wp-json\/wp\/v2\/types\/article"}],"wp:attachment":[{"href":"https:\/\/admin.industriall-union.org\/fr\/wp-json\/wp\/v2\/media?parent=145186"}],"wp:term":[{"taxonomy":"issues","embeddable":true,"href":"https:\/\/admin.industriall-union.org\/fr\/wp-json\/wp\/v2\/issues?post=145186"},{"taxonomy":"companies","embeddable":true,"href":"https:\/\/admin.industriall-union.org\/fr\/wp-json\/wp\/v2\/companies?post=145186"},{"taxonomy":"regions","embeddable":true,"href":"https:\/\/admin.industriall-union.org\/fr\/wp-json\/wp\/v2\/regions?post=145186"},{"taxonomy":"sectors","embeddable":true,"href":"https:\/\/admin.industriall-union.org\/fr\/wp-json\/wp\/v2\/sectors?post=145186"},{"taxonomy":"article_tags","embeddable":true,"href":"https:\/\/admin.industriall-union.org\/fr\/wp-json\/wp\/v2\/article_tags?post=145186"}],"curies":[{"name":"wp","href":"https:\/\/api.w.org\/{rel}","templated":true}]}}