{"id":145169,"date":"2020-11-19T15:24:13","date_gmt":"2020-11-19T15:24:13","guid":{"rendered":"https:\/\/admin.industriall-union.org\/les-centrales-syndicales-creent-industriall-bresil\/"},"modified":"2025-01-29T19:40:14","modified_gmt":"2025-01-29T19:40:14","slug":"les-centrales-syndicales-creent-industriall-bresil","status":"publish","type":"article","link":"https:\/\/admin.industriall-union.org\/fr\/les-centrales-syndicales-creent-industriall-bresil\/","title":{"rendered":"Les centrales syndicales cr\u00e9ent IndustriALL Br\u00e9sil"},"content":{"rendered":"<p>IndustriALL Br\u00e9sil a \u00e9t\u00e9 cr\u00e9\u00e9e ce 17 novembre et regroupe un certain nombre de syndicats des secteurs de la m\u00e9tallurgie, de la chimie, de la construction, du textile, de la confection, de l&rsquo;\u00e9nergie et de l&rsquo;alimentation.<\/p><blockquote><p>&ldquo;IndustriALL Br\u00e9sil a \u00e9t\u00e9 cr\u00e9\u00e9 dans le but de r\u00e9industrialiser notre pays. De nombreux emplois manufacturiers ont \u00e9t\u00e9 perdus \u00e0 cause de la pand\u00e9mie et parce que le gouvernement n&rsquo;a pas de v\u00e9ritable politique industrielle et \u00e9conomique. Nous appelons les autres organisations syndicales \u00e0 se joindre \u00e0 la lutte pour prot\u00e9ger les emplois et garantir des salaires d\u00e9cents,&rdquo;<\/p><\/blockquote><p>a indiqu\u00e9 le Pr\u00e9sident d&rsquo;IndustriALL Br\u00e9sil Aroaldo Oliveira da Silva.<\/p><p>Edson Dias Bicalho, Secr\u00e9taire g\u00e9n\u00e9ral de la FEQUIMFAR et membre du Comit\u00e9 ex\u00e9cutif d&rsquo;IndustriALL, a pour sa part d\u00e9clar\u00e9&nbsp;:<\/p><blockquote><p>&ldquo;Nous essayons de rassembler avec nous d&rsquo;autres secteurs cl\u00e9s de l&rsquo;industrie manufacturi\u00e8re qui ne font pas partie d&rsquo;IndustriALL Global Union, de For\u00e7a Sindical ou de la CUT. Nous voulons travailler avec les chefs d&rsquo;entreprise et le Congr\u00e8s national du Br\u00e9sil pour cr\u00e9er un projet de reconstruction de notre industrie nationale.&rdquo;<\/p><\/blockquote><p>M\u00f3nica Veloso, Vice-pr\u00e9sidente de la Conf\u00e9d\u00e9ration nationale des m\u00e9tallurgistes affili\u00e9e \u00e0 For\u00e7a Sindical et Pr\u00e9sidente du comit\u00e9 des femmes d&rsquo;IndustriALL, ajoute&nbsp;:<\/p><blockquote><p>&ldquo;Nous voulons qu&rsquo;IndustriALL Br\u00e9sil joue un r\u00f4le cl\u00e9 dans le d\u00e9veloppement de politiques industrielles durables, en s&rsquo;appuyant sur une repr\u00e9sentation syndicale l\u00e9gitime pour garantir que les membres de la classe ouvri\u00e8re aient une qualit\u00e9 de vie d\u00e9cente. Cette nouvelle organisation nationale vise \u00e0 redistribuer le pouvoir en se concentrant sur les relations entre les genres.&rdquo;<\/p><\/blockquote><p>IndustriALL Br\u00e9sil va faire la synth\u00e8se des d\u00e9bats, des propositions et des actions visant \u00e0 promouvoir la cr\u00e9ation de politiques industrielles et d&rsquo;emploi destin\u00e9es \u00e0 r\u00e9industrialiser le pays et \u00e0 g\u00e9n\u00e9rer des emplois et des salaires d\u00e9cents. Les sujets abord\u00e9s seront notamment Industrie 4.0, la transition vers un monde \u00e0 faible \u00e9mission de carbone, la stimulation de l&rsquo;\u00e9conomie circulaire et la n\u00e9cessit\u00e9 d&rsquo;un d\u00e9veloppement durable.<\/p><p>Lucineide Varj\u00e3o, Copr\u00e9sidente du Comit\u00e9 ex\u00e9cutif d&rsquo;IndustriALL, Copr\u00e9sidente de la section des mines et Pr\u00e9sidente de la CNQ\/CUT, a d\u00e9clar\u00e9&nbsp;:<\/p><blockquote><p>&ldquo;Nous devons \u00e9laborer un plan d&rsquo;action align\u00e9 sur celui d&rsquo;IndustriALL afin de pouvoir avancer ensemble. Notre objectif est de consolider et utiliser la puissance syndicale dans notre lutte pour l&rsquo;\u00e9galit\u00e9, pour la ratification de la Convention 190 de l&rsquo;OIT et contre toutes les formes de travail pr\u00e9caire.&rdquo;<\/p><\/blockquote><p>Le Pr\u00e9sident d&rsquo;IndustriALL et d&rsquo;IG Metall, J\u00f6rg Hofmann, salue l&rsquo;av\u00e8nement de la nouvelle organisation&nbsp;:<\/p><blockquote><p>&ldquo;Nous saluons la cr\u00e9ation d&rsquo;IndustriALL Br\u00e9sil. Si nous voulons atteindre nos objectifs communs, nous devons unir nos forces. Tout au long de son histoire, le mouvement syndical br\u00e9silien a montr\u00e9 qu&rsquo;il \u00e9tait capable de le faire. Et aujourd&rsquo;hui, vous nous l&rsquo;avez montr\u00e9 une fois de plus.&rdquo;<\/p><\/blockquote><p>Le Secr\u00e9taire g\u00e9n\u00e9ral d&rsquo;IndustriALL Valter Sanches a d\u00e9clar\u00e9&nbsp;:<\/p><blockquote><p>&ldquo;Nous f\u00e9licitons les affili\u00e9s d&rsquo;IndustriALL au Br\u00e9sil d&rsquo;avoir cr\u00e9\u00e9 cette organisation nationale et d&rsquo;\u00eatre ainsi entr\u00e9s dans l&rsquo;histoire. En ces temps tr\u00e8s difficiles, le gouvernement du Br\u00e9sil n&rsquo;a pas de politique industrielle durable et d\u00e9truit le secteur manufacturier. Le monde du travail change et si nous n&rsquo;optons pas pour les bonnes politiques, il n&rsquo;y aura pas d&rsquo;\u00e9chappatoire \u00e0 la d\u00e9sindustrialisation. Cette nouvelle organisation sera essentielle pour nous aider \u00e0 avancer sur la bonne voie. Vous pouvez compter sur le soutien d&rsquo;IndustriALL Global Union. La lutte continue&nbsp;!&rdquo;<\/p><\/blockquote>","protected":false},"featured_media":0,"template":"","issues":[390,422,392,425],"companies":[],"regions":[261,254],"sectors":[],"article_tags":[511],"class_list":["post-145169","article","type-article","status-publish","hentry","issues-future-of-work","issues-human-trade-union-rights","issues-sustainable-industrial-policy","issues-workers-rights","regions-brazil","regions-latin-america-and-the-caribbean","article_tags-industriall"],"acf":[],"yoast_head":"<!-- This site is optimized with the Yoast SEO Premium plugin v27.1 (Yoast SEO v27.1) - https:\/\/yoast.com\/product\/yoast-seo-premium-wordpress\/ -->\n<title>Les centrales syndicales cr\u00e9ent IndustriALL Br\u00e9sil - industriall-union<\/title>\n<meta name=\"description\" content=\"IndustriALL Br\u00e9sil a \u00e9t\u00e9 cr\u00e9\u00e9e ce 17 novembre et regroupe un certain nombre de syndicats des secteurs de la m\u00e9tallurgie, de la chimie, de la construction,\" \/>\n<meta name=\"robots\" content=\"index, follow, max-snippet:-1, max-image-preview:large, max-video-preview:-1\" \/>\n<link rel=\"canonical\" href=\"https:\/\/admin.industriall-union.org\/fr\/les-centrales-syndicales-creent-industriall-bresil\/\" \/>\n<meta property=\"og:locale\" content=\"fr_FR\" \/>\n<meta property=\"og:type\" content=\"article\" \/>\n<meta property=\"og:title\" content=\"Les centrales syndicales cr\u00e9ent IndustriALL Br\u00e9sil\" \/>\n<meta property=\"og:description\" content=\"IndustriALL Br\u00e9sil a \u00e9t\u00e9 cr\u00e9\u00e9e ce 17 novembre et regroupe un certain nombre de syndicats des secteurs de la m\u00e9tallurgie, de la chimie, de la construction,\" \/>\n<meta property=\"og:url\" content=\"https:\/\/admin.industriall-union.org\/fr\/les-centrales-syndicales-creent-industriall-bresil\/\" \/>\n<meta property=\"og:site_name\" content=\"industriall-union\" \/>\n<meta property=\"article:modified_time\" content=\"2025-01-29T19:40:14+00:00\" \/>\n<meta name=\"twitter:card\" content=\"summary_large_image\" \/>\n<meta name=\"twitter:label1\" content=\"Est. reading time\" \/>\n\t<meta name=\"twitter:data1\" content=\"3 minutes\" \/>\n<script type=\"application\/ld+json\" class=\"yoast-schema-graph\">{\"@context\":\"https:\/\/schema.org\",\"@graph\":[{\"@type\":\"WebPage\",\"@id\":\"https:\/\/admin.industriall-union.org\/fr\/les-centrales-syndicales-creent-industriall-bresil\/\",\"url\":\"https:\/\/admin.industriall-union.org\/fr\/les-centrales-syndicales-creent-industriall-bresil\/\",\"name\":\"Les centrales syndicales cr\u00e9ent IndustriALL Br\u00e9sil - industriall-union\",\"isPartOf\":{\"@id\":\"https:\/\/admin.industriall-union.org\/#website\"},\"datePublished\":\"2020-11-19T15:24:13+00:00\",\"dateModified\":\"2025-01-29T19:40:14+00:00\",\"description\":\"IndustriALL Br\u00e9sil a \u00e9t\u00e9 cr\u00e9\u00e9e ce 17 novembre et regroupe un certain nombre de syndicats des secteurs de la m\u00e9tallurgie, de la chimie, de la construction,\",\"breadcrumb\":{\"@id\":\"https:\/\/admin.industriall-union.org\/fr\/les-centrales-syndicales-creent-industriall-bresil\/#breadcrumb\"},\"inLanguage\":\"fr-FR\",\"potentialAction\":[{\"@type\":\"ReadAction\",\"target\":[\"https:\/\/admin.industriall-union.org\/fr\/les-centrales-syndicales-creent-industriall-bresil\/\"]}]},{\"@type\":\"BreadcrumbList\",\"@id\":\"https:\/\/admin.industriall-union.org\/fr\/les-centrales-syndicales-creent-industriall-bresil\/#breadcrumb\",\"itemListElement\":[{\"@type\":\"ListItem\",\"position\":1,\"name\":\"Home\",\"item\":\"https:\/\/admin.industriall-union.org\/\"},{\"@type\":\"ListItem\",\"position\":2,\"name\":\"Articles\",\"item\":\"https:\/\/admin.industriall-union.org\/article\/\"},{\"@type\":\"ListItem\",\"position\":3,\"name\":\"Les centrales syndicales cr\u00e9ent IndustriALL Br\u00e9sil\"}]},{\"@type\":\"WebSite\",\"@id\":\"https:\/\/admin.industriall-union.org\/#website\",\"url\":\"https:\/\/admin.industriall-union.org\/\",\"name\":\"industriall-union\",\"description\":\"\",\"potentialAction\":[{\"@type\":\"SearchAction\",\"target\":{\"@type\":\"EntryPoint\",\"urlTemplate\":\"https:\/\/admin.industriall-union.org\/?s={search_term_string}\"},\"query-input\":{\"@type\":\"PropertyValueSpecification\",\"valueRequired\":true,\"valueName\":\"search_term_string\"}}],\"inLanguage\":\"fr-FR\"}]}<\/script>\n<!-- \/ Yoast SEO Premium plugin. -->","yoast_head_json":{"title":"Les centrales syndicales cr\u00e9ent IndustriALL Br\u00e9sil - industriall-union","description":"IndustriALL Br\u00e9sil a \u00e9t\u00e9 cr\u00e9\u00e9e ce 17 novembre et regroupe un certain nombre de syndicats des secteurs de la m\u00e9tallurgie, de la chimie, de la construction,","robots":{"index":"index","follow":"follow","max-snippet":"max-snippet:-1","max-image-preview":"max-image-preview:large","max-video-preview":"max-video-preview:-1"},"canonical":"https:\/\/admin.industriall-union.org\/fr\/les-centrales-syndicales-creent-industriall-bresil\/","og_locale":"fr_FR","og_type":"article","og_title":"Les centrales syndicales cr\u00e9ent IndustriALL Br\u00e9sil","og_description":"IndustriALL Br\u00e9sil a \u00e9t\u00e9 cr\u00e9\u00e9e ce 17 novembre et regroupe un certain nombre de syndicats des secteurs de la m\u00e9tallurgie, de la chimie, de la construction,","og_url":"https:\/\/admin.industriall-union.org\/fr\/les-centrales-syndicales-creent-industriall-bresil\/","og_site_name":"industriall-union","article_modified_time":"2025-01-29T19:40:14+00:00","twitter_card":"summary_large_image","twitter_misc":{"Est. reading time":"3 minutes"},"schema":{"@context":"https:\/\/schema.org","@graph":[{"@type":"WebPage","@id":"https:\/\/admin.industriall-union.org\/fr\/les-centrales-syndicales-creent-industriall-bresil\/","url":"https:\/\/admin.industriall-union.org\/fr\/les-centrales-syndicales-creent-industriall-bresil\/","name":"Les centrales syndicales cr\u00e9ent IndustriALL Br\u00e9sil - industriall-union","isPartOf":{"@id":"https:\/\/admin.industriall-union.org\/#website"},"datePublished":"2020-11-19T15:24:13+00:00","dateModified":"2025-01-29T19:40:14+00:00","description":"IndustriALL Br\u00e9sil a \u00e9t\u00e9 cr\u00e9\u00e9e ce 17 novembre et regroupe un certain nombre de syndicats des secteurs de la m\u00e9tallurgie, de la chimie, de la construction,","breadcrumb":{"@id":"https:\/\/admin.industriall-union.org\/fr\/les-centrales-syndicales-creent-industriall-bresil\/#breadcrumb"},"inLanguage":"fr-FR","potentialAction":[{"@type":"ReadAction","target":["https:\/\/admin.industriall-union.org\/fr\/les-centrales-syndicales-creent-industriall-bresil\/"]}]},{"@type":"BreadcrumbList","@id":"https:\/\/admin.industriall-union.org\/fr\/les-centrales-syndicales-creent-industriall-bresil\/#breadcrumb","itemListElement":[{"@type":"ListItem","position":1,"name":"Home","item":"https:\/\/admin.industriall-union.org\/"},{"@type":"ListItem","position":2,"name":"Articles","item":"https:\/\/admin.industriall-union.org\/article\/"},{"@type":"ListItem","position":3,"name":"Les centrales syndicales cr\u00e9ent IndustriALL Br\u00e9sil"}]},{"@type":"WebSite","@id":"https:\/\/admin.industriall-union.org\/#website","url":"https:\/\/admin.industriall-union.org\/","name":"industriall-union","description":"","potentialAction":[{"@type":"SearchAction","target":{"@type":"EntryPoint","urlTemplate":"https:\/\/admin.industriall-union.org\/?s={search_term_string}"},"query-input":{"@type":"PropertyValueSpecification","valueRequired":true,"valueName":"search_term_string"}}],"inLanguage":"fr-FR"}]}},"_links":{"self":[{"href":"https:\/\/admin.industriall-union.org\/fr\/wp-json\/wp\/v2\/article\/145169","targetHints":{"allow":["GET"]}}],"collection":[{"href":"https:\/\/admin.industriall-union.org\/fr\/wp-json\/wp\/v2\/article"}],"about":[{"href":"https:\/\/admin.industriall-union.org\/fr\/wp-json\/wp\/v2\/types\/article"}],"wp:attachment":[{"href":"https:\/\/admin.industriall-union.org\/fr\/wp-json\/wp\/v2\/media?parent=145169"}],"wp:term":[{"taxonomy":"issues","embeddable":true,"href":"https:\/\/admin.industriall-union.org\/fr\/wp-json\/wp\/v2\/issues?post=145169"},{"taxonomy":"companies","embeddable":true,"href":"https:\/\/admin.industriall-union.org\/fr\/wp-json\/wp\/v2\/companies?post=145169"},{"taxonomy":"regions","embeddable":true,"href":"https:\/\/admin.industriall-union.org\/fr\/wp-json\/wp\/v2\/regions?post=145169"},{"taxonomy":"sectors","embeddable":true,"href":"https:\/\/admin.industriall-union.org\/fr\/wp-json\/wp\/v2\/sectors?post=145169"},{"taxonomy":"article_tags","embeddable":true,"href":"https:\/\/admin.industriall-union.org\/fr\/wp-json\/wp\/v2\/article_tags?post=145169"}],"curies":[{"name":"wp","href":"https:\/\/api.w.org\/{rel}","templated":true}]}}