{"id":145110,"date":"2020-12-01T11:02:35","date_gmt":"2020-12-01T11:02:35","guid":{"rendered":"https:\/\/admin.industriall-union.org\/les-syndicats-espagnols-annoncent-une-greve-chez-repsol\/"},"modified":"2025-01-29T18:24:30","modified_gmt":"2025-01-29T18:24:30","slug":"les-syndicats-espagnols-annoncent-une-greve-chez-repsol","status":"publish","type":"article","link":"https:\/\/admin.industriall-union.org\/fr\/les-syndicats-espagnols-annoncent-une-greve-chez-repsol\/","title":{"rendered":"Les syndicats espagnols annoncent une gr\u00e8ve chez Repsol"},"content":{"rendered":"<p>Le comit\u00e9 syndical conjoint a annonc\u00e9 des actions de gr\u00e8ve du 9 au 12 d\u00e9cembre et du 21 d\u00e9cembre au 9 janvier 2021, apr\u00e8s le refus de la compagnie de n\u00e9gocier. La d\u00e9cision de fermer des bureaux comptant plus de 100 emplois administratifs et de proximit\u00e9 avec la client\u00e8le a \u00e9t\u00e9 annonc\u00e9e en septembre. Outre ces fermetures, l&rsquo;entreprise a annonc\u00e9 une r\u00e9duction des effectifs qui entra\u00eenera une augmentation de la charge de travail et r\u00e9duira la possibilit\u00e9 de t\u00e9l\u00e9travail.<\/p><p>Les syndicats regrettent l&rsquo;absence de dialogue de la part de l&rsquo;entreprise, qui profite de la pand\u00e9mie de Covid-19, et sa rh\u00e9torique creuse sur la Transition juste. Ces mesures ont \u00e9t\u00e9 introduites sans y impliquer les syndicats, sans dialogue et sans transparence, et sans faire r\u00e9f\u00e9rence \u00e0 la transition qui a lieu dans l&rsquo;entreprise pour s&rsquo;adapter aux besoins changeants de l&rsquo;entreprise.<\/p><p>Comme <a href=\"http:\/\/www.industriall-union.org\/oil-and-gas-unions-must-fight-for-a-just-recovery\">beaucoup d&rsquo;entreprises du secteur<\/a>, Repsol veut se d\u00e9faire de ses actifs pour lib\u00e9rer des capitaux en vue d&rsquo;\u00e9ventuels investissements futurs. La division GPL (gaz de p\u00e9trole liqu\u00e9fi\u00e9), Repsol Butano, est en bonne sant\u00e9 financi\u00e8re, affichant un b\u00e9n\u00e9fice de plus de 80 millions d&rsquo;euros \u00e0 la fin du mois de septembre 2020, malgr\u00e9 la crise de Covid-19 et le confinement de l&rsquo;\u00e9conomie. D&rsquo;autres secteurs d&rsquo;activit\u00e9 de Repsol ont moins bien r\u00e9ussi, en partie \u00e0 cause de la chute spectaculaire du prix du p\u00e9trole. Une pr\u00e9c\u00e9dente restructuration en 2015 avait vu le licenciement collectif de 226 travailleurs de Repsol Butano.<\/p><p>Repsol a la r\u00e9putation d&rsquo;\u00eatre une entreprise socialement responsable et d&rsquo;avoir des relations sociales mod\u00e8les, concluant des accords pionniers avec les syndicats sur des questions telles que le harc\u00e8lement et la pr\u00e9vention de la violence, l&rsquo;\u00e9quilibre entre vie professionnelle et vie priv\u00e9e, la gestion du temps, la d\u00e9connexion num\u00e9rique et le t\u00e9l\u00e9travail.<\/p><p>Mais les syndicats estiment que cette image cache une rupture du dialogue et une tendance croissante de l&rsquo;entreprise \u00e0 agir unilat\u00e9ralement. Les syndicats s&rsquo;inqui\u00e8tent \u00e9galement du fait que l&rsquo;entreprise r\u00e9agisse aux tendances du march\u00e9 \u00e0 court terme et ne r\u00e9fl\u00e9chisse pas de mani\u00e8re strat\u00e9gique \u00e0 la transition \u00e9nerg\u00e9tique.<\/p><p>Agust\u00edn Mart\u00edn, CCOO de Industria, a d\u00e9clar\u00e9&nbsp;:<\/p><blockquote><p>&ldquo;Nous n&rsquo;allons pas permettre qu&rsquo;une transition \u00e9nerg\u00e9tique se produise en tant que fait accompli. Nous allons nous battre pour une Transition juste et des emplois avec un avenir garanti. Nous nous battons pour un v\u00e9ritable plan industriel.&rdquo;<\/p><\/blockquote><p>Pedro Hojas, UGT FICA, a d\u00e9clar\u00e9&nbsp;:<\/p><blockquote><p>&ldquo;Nous nous sommes mobilis\u00e9s chez Repsol pour demander \u00e0 la direction d&rsquo;\u00e9couter les travailleurs et pour demander que la transition \u00e9nerg\u00e9tique dans l&rsquo;entreprise se fasse de mani\u00e8re ordonn\u00e9e, sans perte d&rsquo;emplois ou de droits. Le maintien du dialogue et de la responsabilit\u00e9 sociale qui ont caract\u00e9ris\u00e9 les relations de la direction avec les travailleurs dans le pass\u00e9 est essentiel pour l&rsquo;avenir de Repsol.&rdquo;<\/p><\/blockquote><p>Pedro Ayll\u00f3n, Federaci\u00f3n de Industria USO, a d\u00e9clar\u00e9&nbsp;:<\/p><blockquote><p>&ldquo;Nous manifestons notre opposition la plus ferme \u00e0 la mani\u00e8re dont Repsol agit, en m\u00e9prisant ses travailleurs et travailleuses, en ne leur donnant pas une place au sein de l&rsquo;avenir de leur entreprise, en utilisant une politique d&rsquo;imposition et non de n\u00e9gociation. C&rsquo;est pourquoi nous nous sommes mobilis\u00e9s chez Repsol, pour lutter en faveur d&rsquo;une transition \u00e9nerg\u00e9tique juste et pour d\u00e9fendre les emplois et les droits de tous ses travailleurs et travailleuses.&rdquo;<\/p><\/blockquote><p>Dans un <a href=\"\/wp-content\/uploads\/documents\/2020\/SPAIN\/en_apoyo_a_una_transicion_justa_que_garantice_la_estabilidad_en_el_empleo_para_los_trabajadores_de_repsol_27-11-2020.pdf\">courrier de solidarit\u00e9 adress\u00e9e aux syndicats<\/a>, Valter Sanches, Secr\u00e9taire g\u00e9n\u00e9ral d&rsquo;IndustriALL Global Union, \u00e9crit&nbsp;:<\/p><blockquote><p>&ldquo;Du c\u00f4t\u00e9 d&rsquo;IndustriALL, nous pensons que toute transition \u00e9nerg\u00e9tique doit \u00eatre une Transition juste pour les travailleurs et travailleuss et doit consister en un dialogue social entre les parties prenantes de l&rsquo;entreprise et les syndicats repr\u00e9sentatifs. Par le biais de ce dialogue, des politiques industrielles durables doivent \u00eatre cr\u00e9\u00e9es et les travailleurs et travailleuses doivent \u00eatre soutenus par la formation et le d\u00e9veloppement de nouvelles comp\u00e9tences. Une promotion doit ensuite leur \u00eatre offerte pour occuper les nouveaux postes qui seront cr\u00e9\u00e9s.&rdquo;<\/p><\/blockquote>","protected":false},"featured_media":0,"template":"","issues":[393],"companies":[],"regions":[202,246],"sectors":[483],"article_tags":[],"class_list":["post-145110","article","type-article","status-publish","hentry","issues-climate-change-just-transition","regions-europe","regions-spain","sectors-energy-oil-gas-electricity-and-nuclear"],"acf":[],"yoast_head":"<!-- This site is optimized with the Yoast SEO Premium plugin v27.1 (Yoast SEO v27.1) - https:\/\/yoast.com\/product\/yoast-seo-premium-wordpress\/ -->\n<title>Les syndicats espagnols annoncent une gr\u00e8ve chez Repsol - industriall-union<\/title>\n<meta name=\"description\" content=\"Le comit\u00e9 syndical conjoint a annonc\u00e9 des actions de gr\u00e8ve du 9 au 12 d\u00e9cembre et du 21 d\u00e9cembre au 9 janvier 2021, apr\u00e8s le refus de la compagnie de\" \/>\n<meta name=\"robots\" content=\"index, follow, max-snippet:-1, max-image-preview:large, max-video-preview:-1\" \/>\n<link rel=\"canonical\" href=\"https:\/\/admin.industriall-union.org\/fr\/les-syndicats-espagnols-annoncent-une-greve-chez-repsol\/\" \/>\n<meta property=\"og:locale\" content=\"fr_FR\" \/>\n<meta property=\"og:type\" content=\"article\" \/>\n<meta property=\"og:title\" content=\"Les syndicats espagnols annoncent une gr\u00e8ve chez Repsol\" \/>\n<meta property=\"og:description\" content=\"Le comit\u00e9 syndical conjoint a annonc\u00e9 des actions de gr\u00e8ve du 9 au 12 d\u00e9cembre et du 21 d\u00e9cembre au 9 janvier 2021, apr\u00e8s le refus de la compagnie de\" \/>\n<meta property=\"og:url\" content=\"https:\/\/admin.industriall-union.org\/fr\/les-syndicats-espagnols-annoncent-une-greve-chez-repsol\/\" \/>\n<meta property=\"og:site_name\" content=\"industriall-union\" \/>\n<meta property=\"article:modified_time\" content=\"2025-01-29T18:24:30+00:00\" \/>\n<meta name=\"twitter:card\" content=\"summary_large_image\" \/>\n<meta name=\"twitter:label1\" content=\"Est. reading time\" \/>\n\t<meta name=\"twitter:data1\" content=\"4 minutes\" \/>\n<script type=\"application\/ld+json\" class=\"yoast-schema-graph\">{\"@context\":\"https:\/\/schema.org\",\"@graph\":[{\"@type\":\"WebPage\",\"@id\":\"https:\/\/admin.industriall-union.org\/fr\/les-syndicats-espagnols-annoncent-une-greve-chez-repsol\/\",\"url\":\"https:\/\/admin.industriall-union.org\/fr\/les-syndicats-espagnols-annoncent-une-greve-chez-repsol\/\",\"name\":\"Les syndicats espagnols annoncent une gr\u00e8ve chez Repsol - industriall-union\",\"isPartOf\":{\"@id\":\"https:\/\/admin.industriall-union.org\/#website\"},\"datePublished\":\"2020-12-01T11:02:35+00:00\",\"dateModified\":\"2025-01-29T18:24:30+00:00\",\"description\":\"Le comit\u00e9 syndical conjoint a annonc\u00e9 des actions de gr\u00e8ve du 9 au 12 d\u00e9cembre et du 21 d\u00e9cembre au 9 janvier 2021, apr\u00e8s le refus de la compagnie de\",\"breadcrumb\":{\"@id\":\"https:\/\/admin.industriall-union.org\/fr\/les-syndicats-espagnols-annoncent-une-greve-chez-repsol\/#breadcrumb\"},\"inLanguage\":\"fr-FR\",\"potentialAction\":[{\"@type\":\"ReadAction\",\"target\":[\"https:\/\/admin.industriall-union.org\/fr\/les-syndicats-espagnols-annoncent-une-greve-chez-repsol\/\"]}]},{\"@type\":\"BreadcrumbList\",\"@id\":\"https:\/\/admin.industriall-union.org\/fr\/les-syndicats-espagnols-annoncent-une-greve-chez-repsol\/#breadcrumb\",\"itemListElement\":[{\"@type\":\"ListItem\",\"position\":1,\"name\":\"Home\",\"item\":\"https:\/\/admin.industriall-union.org\/\"},{\"@type\":\"ListItem\",\"position\":2,\"name\":\"Articles\",\"item\":\"https:\/\/admin.industriall-union.org\/article\/\"},{\"@type\":\"ListItem\",\"position\":3,\"name\":\"Les syndicats espagnols annoncent une gr\u00e8ve chez Repsol\"}]},{\"@type\":\"WebSite\",\"@id\":\"https:\/\/admin.industriall-union.org\/#website\",\"url\":\"https:\/\/admin.industriall-union.org\/\",\"name\":\"industriall-union\",\"description\":\"\",\"potentialAction\":[{\"@type\":\"SearchAction\",\"target\":{\"@type\":\"EntryPoint\",\"urlTemplate\":\"https:\/\/admin.industriall-union.org\/?s={search_term_string}\"},\"query-input\":{\"@type\":\"PropertyValueSpecification\",\"valueRequired\":true,\"valueName\":\"search_term_string\"}}],\"inLanguage\":\"fr-FR\"}]}<\/script>\n<!-- \/ Yoast SEO Premium plugin. -->","yoast_head_json":{"title":"Les syndicats espagnols annoncent une gr\u00e8ve chez Repsol - industriall-union","description":"Le comit\u00e9 syndical conjoint a annonc\u00e9 des actions de gr\u00e8ve du 9 au 12 d\u00e9cembre et du 21 d\u00e9cembre au 9 janvier 2021, apr\u00e8s le refus de la compagnie de","robots":{"index":"index","follow":"follow","max-snippet":"max-snippet:-1","max-image-preview":"max-image-preview:large","max-video-preview":"max-video-preview:-1"},"canonical":"https:\/\/admin.industriall-union.org\/fr\/les-syndicats-espagnols-annoncent-une-greve-chez-repsol\/","og_locale":"fr_FR","og_type":"article","og_title":"Les syndicats espagnols annoncent une gr\u00e8ve chez Repsol","og_description":"Le comit\u00e9 syndical conjoint a annonc\u00e9 des actions de gr\u00e8ve du 9 au 12 d\u00e9cembre et du 21 d\u00e9cembre au 9 janvier 2021, apr\u00e8s le refus de la compagnie de","og_url":"https:\/\/admin.industriall-union.org\/fr\/les-syndicats-espagnols-annoncent-une-greve-chez-repsol\/","og_site_name":"industriall-union","article_modified_time":"2025-01-29T18:24:30+00:00","twitter_card":"summary_large_image","twitter_misc":{"Est. reading time":"4 minutes"},"schema":{"@context":"https:\/\/schema.org","@graph":[{"@type":"WebPage","@id":"https:\/\/admin.industriall-union.org\/fr\/les-syndicats-espagnols-annoncent-une-greve-chez-repsol\/","url":"https:\/\/admin.industriall-union.org\/fr\/les-syndicats-espagnols-annoncent-une-greve-chez-repsol\/","name":"Les syndicats espagnols annoncent une gr\u00e8ve chez Repsol - industriall-union","isPartOf":{"@id":"https:\/\/admin.industriall-union.org\/#website"},"datePublished":"2020-12-01T11:02:35+00:00","dateModified":"2025-01-29T18:24:30+00:00","description":"Le comit\u00e9 syndical conjoint a annonc\u00e9 des actions de gr\u00e8ve du 9 au 12 d\u00e9cembre et du 21 d\u00e9cembre au 9 janvier 2021, apr\u00e8s le refus de la compagnie de","breadcrumb":{"@id":"https:\/\/admin.industriall-union.org\/fr\/les-syndicats-espagnols-annoncent-une-greve-chez-repsol\/#breadcrumb"},"inLanguage":"fr-FR","potentialAction":[{"@type":"ReadAction","target":["https:\/\/admin.industriall-union.org\/fr\/les-syndicats-espagnols-annoncent-une-greve-chez-repsol\/"]}]},{"@type":"BreadcrumbList","@id":"https:\/\/admin.industriall-union.org\/fr\/les-syndicats-espagnols-annoncent-une-greve-chez-repsol\/#breadcrumb","itemListElement":[{"@type":"ListItem","position":1,"name":"Home","item":"https:\/\/admin.industriall-union.org\/"},{"@type":"ListItem","position":2,"name":"Articles","item":"https:\/\/admin.industriall-union.org\/article\/"},{"@type":"ListItem","position":3,"name":"Les syndicats espagnols annoncent une gr\u00e8ve chez Repsol"}]},{"@type":"WebSite","@id":"https:\/\/admin.industriall-union.org\/#website","url":"https:\/\/admin.industriall-union.org\/","name":"industriall-union","description":"","potentialAction":[{"@type":"SearchAction","target":{"@type":"EntryPoint","urlTemplate":"https:\/\/admin.industriall-union.org\/?s={search_term_string}"},"query-input":{"@type":"PropertyValueSpecification","valueRequired":true,"valueName":"search_term_string"}}],"inLanguage":"fr-FR"}]}},"_links":{"self":[{"href":"https:\/\/admin.industriall-union.org\/fr\/wp-json\/wp\/v2\/article\/145110","targetHints":{"allow":["GET"]}}],"collection":[{"href":"https:\/\/admin.industriall-union.org\/fr\/wp-json\/wp\/v2\/article"}],"about":[{"href":"https:\/\/admin.industriall-union.org\/fr\/wp-json\/wp\/v2\/types\/article"}],"wp:attachment":[{"href":"https:\/\/admin.industriall-union.org\/fr\/wp-json\/wp\/v2\/media?parent=145110"}],"wp:term":[{"taxonomy":"issues","embeddable":true,"href":"https:\/\/admin.industriall-union.org\/fr\/wp-json\/wp\/v2\/issues?post=145110"},{"taxonomy":"companies","embeddable":true,"href":"https:\/\/admin.industriall-union.org\/fr\/wp-json\/wp\/v2\/companies?post=145110"},{"taxonomy":"regions","embeddable":true,"href":"https:\/\/admin.industriall-union.org\/fr\/wp-json\/wp\/v2\/regions?post=145110"},{"taxonomy":"sectors","embeddable":true,"href":"https:\/\/admin.industriall-union.org\/fr\/wp-json\/wp\/v2\/sectors?post=145110"},{"taxonomy":"article_tags","embeddable":true,"href":"https:\/\/admin.industriall-union.org\/fr\/wp-json\/wp\/v2\/article_tags?post=145110"}],"curies":[{"name":"wp","href":"https:\/\/api.w.org\/{rel}","templated":true}]}}