{"id":145103,"date":"2020-12-04T14:13:21","date_gmt":"2020-12-04T14:13:21","guid":{"rendered":"https:\/\/admin.industriall-union.org\/les-syndicats-de-repsol-annulent-la-greve-apres-une-nouvelle-offre-de-l-entreprise\/"},"modified":"2025-01-29T18:08:08","modified_gmt":"2025-01-29T18:08:08","slug":"les-syndicats-de-repsol-annulent-la-greve-apres-une-nouvelle-offre-de-l-entreprise","status":"publish","type":"article","link":"https:\/\/admin.industriall-union.org\/fr\/les-syndicats-de-repsol-annulent-la-greve-apres-une-nouvelle-offre-de-l-entreprise\/","title":{"rendered":"Les syndicats de Repsol annulent la gr\u00e8ve apr\u00e8s une nouvelle offre de l\u2019entreprise"},"content":{"rendered":"<p>Au d\u00e9but de la semaine, les trois syndicats affili\u00e9s \u00e0 IndustriALL Global Union de la compagnie \u00e9nerg\u00e9tique espagnole Repsol, UGT FICA, CCOO de Industria et USO, avaient annonc\u00e9 qu&rsquo;ils allaient lancer <a href=\"http:\/\/www.industriall-union.org\/spanish-unions-announce-repsol-strike\">une action de gr\u00e8ve<\/a> pour d\u00e9fendre les emplois et les conditions de travail.<\/p><p>L&rsquo;entreprise avait rompu avec une tradition de relations sociales consensuelles en annon\u00e7ant unilat\u00e9ralement la fermeture de 16 centres administratifs de la division des gaz de p\u00e9trole liqu\u00e9fi\u00e9s, Repsol Butano, avec plus de 100 emplois administratif et de proximit\u00e9 avec la client\u00e8le concern\u00e9s. Ces centres administratifs sont des succursales o\u00f9 les clients peuvent s&rsquo;adresser directement aux repr\u00e9sentants de l&rsquo;entreprise pour discuter des services fournis.<\/p><p>Apr\u00e8s que les syndicats ont annonc\u00e9 conjointement un mouvement de gr\u00e8ve, l&rsquo;entreprise a fait une nouvelle offre&nbsp;: trois centres resteront ouverts. Les autres fermeront, mais les travailleurs pourront conserver leur emploi, avec un m\u00e9lange de t\u00e9l\u00e9travail et de d\u00e9placement vers d&rsquo;autres lieux de travail, en fonction de leurs attributions professionnelles. Dans certains cas, les travailleurs devront d\u00e9m\u00e9nager dans une autre ville. Ils recevront une indemnit\u00e9 compensatoire pendant la premi\u00e8re ann\u00e9e.<\/p><p>La soci\u00e9t\u00e9 s&rsquo;est \u00e9galement engag\u00e9e \u00e0 maintenir Repsol Butano au sein du groupe Repsol jusqu&rsquo;\u00e0 la fin de l&rsquo;\u00e9valuation strat\u00e9gique pour 2025, ce qui devrait assurer quatre ann\u00e9es d&rsquo;harmonie sociale.<\/p><p>Les syndicats ont accept\u00e9 l&rsquo;offre et ont annul\u00e9 la gr\u00e8ve.<\/p><p>Diana Junquera Curiel, Directrice d&rsquo;IndustriALL pour l&rsquo;\u00e9nergie, a d\u00e9clar\u00e9&nbsp;:<\/p><blockquote><p>&ldquo;IndustriALL est tr\u00e8s heureuse que Repsol a d\u00e9cid\u00e9 de modifier sa proposition et de revenir \u00e0 une mani\u00e8re consensuelle de g\u00e9rer les relations avec sa fid\u00e8le main-d&rsquo;\u0153uvre.<\/p><p>La nouvelle offre faite par l&rsquo;entreprise est raisonnable et les syndicats peuvent y travailler. Nous nous r\u00e9jouissons de la perspective de pouvoir entretenir et faire progresser ces bonnes relations.&rdquo;<\/p><\/blockquote>","protected":false},"featured_media":0,"template":"","issues":[398],"companies":[],"regions":[202,246],"sectors":[483],"article_tags":[],"class_list":["post-145103","article","type-article","status-publish","hentry","issues-union-win","regions-europe","regions-spain","sectors-energy-oil-gas-electricity-and-nuclear"],"acf":[],"yoast_head":"<!-- This site is optimized with the Yoast SEO Premium plugin v27.1 (Yoast SEO v27.1) - https:\/\/yoast.com\/product\/yoast-seo-premium-wordpress\/ -->\n<title>Les syndicats de Repsol annulent la gr\u00e8ve apr\u00e8s une nouvelle offre de l\u2019entreprise - industriall-union<\/title>\n<meta name=\"description\" content=\"Au d\u00e9but de la semaine, les trois syndicats affili\u00e9s \u00e0 IndustriALL Global Union de la compagnie \u00e9nerg\u00e9tique espagnole Repsol, UGT FICA, CCOO de Industria\" \/>\n<meta name=\"robots\" content=\"index, follow, max-snippet:-1, max-image-preview:large, max-video-preview:-1\" \/>\n<link rel=\"canonical\" href=\"https:\/\/admin.industriall-union.org\/fr\/les-syndicats-de-repsol-annulent-la-greve-apres-une-nouvelle-offre-de-l-entreprise\/\" \/>\n<meta property=\"og:locale\" content=\"fr_FR\" \/>\n<meta property=\"og:type\" content=\"article\" \/>\n<meta property=\"og:title\" content=\"Les syndicats de Repsol annulent la gr\u00e8ve apr\u00e8s une nouvelle offre de l\u2019entreprise\" \/>\n<meta property=\"og:description\" content=\"Au d\u00e9but de la semaine, les trois syndicats affili\u00e9s \u00e0 IndustriALL Global Union de la compagnie \u00e9nerg\u00e9tique espagnole Repsol, UGT FICA, CCOO de Industria\" \/>\n<meta property=\"og:url\" content=\"https:\/\/admin.industriall-union.org\/fr\/les-syndicats-de-repsol-annulent-la-greve-apres-une-nouvelle-offre-de-l-entreprise\/\" \/>\n<meta property=\"og:site_name\" content=\"industriall-union\" \/>\n<meta property=\"article:modified_time\" content=\"2025-01-29T18:08:08+00:00\" \/>\n<meta name=\"twitter:card\" content=\"summary_large_image\" \/>\n<meta name=\"twitter:label1\" content=\"Est. reading time\" \/>\n\t<meta name=\"twitter:data1\" content=\"2 minutes\" \/>\n<script type=\"application\/ld+json\" class=\"yoast-schema-graph\">{\"@context\":\"https:\/\/schema.org\",\"@graph\":[{\"@type\":\"WebPage\",\"@id\":\"https:\/\/admin.industriall-union.org\/fr\/les-syndicats-de-repsol-annulent-la-greve-apres-une-nouvelle-offre-de-l-entreprise\/\",\"url\":\"https:\/\/admin.industriall-union.org\/fr\/les-syndicats-de-repsol-annulent-la-greve-apres-une-nouvelle-offre-de-l-entreprise\/\",\"name\":\"Les syndicats de Repsol annulent la gr\u00e8ve apr\u00e8s une nouvelle offre de l\u2019entreprise - industriall-union\",\"isPartOf\":{\"@id\":\"https:\/\/admin.industriall-union.org\/#website\"},\"datePublished\":\"2020-12-04T14:13:21+00:00\",\"dateModified\":\"2025-01-29T18:08:08+00:00\",\"description\":\"Au d\u00e9but de la semaine, les trois syndicats affili\u00e9s \u00e0 IndustriALL Global Union de la compagnie \u00e9nerg\u00e9tique espagnole Repsol, UGT FICA, CCOO de Industria\",\"breadcrumb\":{\"@id\":\"https:\/\/admin.industriall-union.org\/fr\/les-syndicats-de-repsol-annulent-la-greve-apres-une-nouvelle-offre-de-l-entreprise\/#breadcrumb\"},\"inLanguage\":\"fr-FR\",\"potentialAction\":[{\"@type\":\"ReadAction\",\"target\":[\"https:\/\/admin.industriall-union.org\/fr\/les-syndicats-de-repsol-annulent-la-greve-apres-une-nouvelle-offre-de-l-entreprise\/\"]}]},{\"@type\":\"BreadcrumbList\",\"@id\":\"https:\/\/admin.industriall-union.org\/fr\/les-syndicats-de-repsol-annulent-la-greve-apres-une-nouvelle-offre-de-l-entreprise\/#breadcrumb\",\"itemListElement\":[{\"@type\":\"ListItem\",\"position\":1,\"name\":\"Home\",\"item\":\"https:\/\/admin.industriall-union.org\/\"},{\"@type\":\"ListItem\",\"position\":2,\"name\":\"Articles\",\"item\":\"https:\/\/admin.industriall-union.org\/article\/\"},{\"@type\":\"ListItem\",\"position\":3,\"name\":\"Les syndicats de Repsol annulent la gr\u00e8ve apr\u00e8s une nouvelle offre de l\u2019entreprise\"}]},{\"@type\":\"WebSite\",\"@id\":\"https:\/\/admin.industriall-union.org\/#website\",\"url\":\"https:\/\/admin.industriall-union.org\/\",\"name\":\"industriall-union\",\"description\":\"\",\"potentialAction\":[{\"@type\":\"SearchAction\",\"target\":{\"@type\":\"EntryPoint\",\"urlTemplate\":\"https:\/\/admin.industriall-union.org\/?s={search_term_string}\"},\"query-input\":{\"@type\":\"PropertyValueSpecification\",\"valueRequired\":true,\"valueName\":\"search_term_string\"}}],\"inLanguage\":\"fr-FR\"}]}<\/script>\n<!-- \/ Yoast SEO Premium plugin. -->","yoast_head_json":{"title":"Les syndicats de Repsol annulent la gr\u00e8ve apr\u00e8s une nouvelle offre de l\u2019entreprise - industriall-union","description":"Au d\u00e9but de la semaine, les trois syndicats affili\u00e9s \u00e0 IndustriALL Global Union de la compagnie \u00e9nerg\u00e9tique espagnole Repsol, UGT FICA, CCOO de Industria","robots":{"index":"index","follow":"follow","max-snippet":"max-snippet:-1","max-image-preview":"max-image-preview:large","max-video-preview":"max-video-preview:-1"},"canonical":"https:\/\/admin.industriall-union.org\/fr\/les-syndicats-de-repsol-annulent-la-greve-apres-une-nouvelle-offre-de-l-entreprise\/","og_locale":"fr_FR","og_type":"article","og_title":"Les syndicats de Repsol annulent la gr\u00e8ve apr\u00e8s une nouvelle offre de l\u2019entreprise","og_description":"Au d\u00e9but de la semaine, les trois syndicats affili\u00e9s \u00e0 IndustriALL Global Union de la compagnie \u00e9nerg\u00e9tique espagnole Repsol, UGT FICA, CCOO de Industria","og_url":"https:\/\/admin.industriall-union.org\/fr\/les-syndicats-de-repsol-annulent-la-greve-apres-une-nouvelle-offre-de-l-entreprise\/","og_site_name":"industriall-union","article_modified_time":"2025-01-29T18:08:08+00:00","twitter_card":"summary_large_image","twitter_misc":{"Est. reading time":"2 minutes"},"schema":{"@context":"https:\/\/schema.org","@graph":[{"@type":"WebPage","@id":"https:\/\/admin.industriall-union.org\/fr\/les-syndicats-de-repsol-annulent-la-greve-apres-une-nouvelle-offre-de-l-entreprise\/","url":"https:\/\/admin.industriall-union.org\/fr\/les-syndicats-de-repsol-annulent-la-greve-apres-une-nouvelle-offre-de-l-entreprise\/","name":"Les syndicats de Repsol annulent la gr\u00e8ve apr\u00e8s une nouvelle offre de l\u2019entreprise - industriall-union","isPartOf":{"@id":"https:\/\/admin.industriall-union.org\/#website"},"datePublished":"2020-12-04T14:13:21+00:00","dateModified":"2025-01-29T18:08:08+00:00","description":"Au d\u00e9but de la semaine, les trois syndicats affili\u00e9s \u00e0 IndustriALL Global Union de la compagnie \u00e9nerg\u00e9tique espagnole Repsol, UGT FICA, CCOO de Industria","breadcrumb":{"@id":"https:\/\/admin.industriall-union.org\/fr\/les-syndicats-de-repsol-annulent-la-greve-apres-une-nouvelle-offre-de-l-entreprise\/#breadcrumb"},"inLanguage":"fr-FR","potentialAction":[{"@type":"ReadAction","target":["https:\/\/admin.industriall-union.org\/fr\/les-syndicats-de-repsol-annulent-la-greve-apres-une-nouvelle-offre-de-l-entreprise\/"]}]},{"@type":"BreadcrumbList","@id":"https:\/\/admin.industriall-union.org\/fr\/les-syndicats-de-repsol-annulent-la-greve-apres-une-nouvelle-offre-de-l-entreprise\/#breadcrumb","itemListElement":[{"@type":"ListItem","position":1,"name":"Home","item":"https:\/\/admin.industriall-union.org\/"},{"@type":"ListItem","position":2,"name":"Articles","item":"https:\/\/admin.industriall-union.org\/article\/"},{"@type":"ListItem","position":3,"name":"Les syndicats de Repsol annulent la gr\u00e8ve apr\u00e8s une nouvelle offre de l\u2019entreprise"}]},{"@type":"WebSite","@id":"https:\/\/admin.industriall-union.org\/#website","url":"https:\/\/admin.industriall-union.org\/","name":"industriall-union","description":"","potentialAction":[{"@type":"SearchAction","target":{"@type":"EntryPoint","urlTemplate":"https:\/\/admin.industriall-union.org\/?s={search_term_string}"},"query-input":{"@type":"PropertyValueSpecification","valueRequired":true,"valueName":"search_term_string"}}],"inLanguage":"fr-FR"}]}},"_links":{"self":[{"href":"https:\/\/admin.industriall-union.org\/fr\/wp-json\/wp\/v2\/article\/145103","targetHints":{"allow":["GET"]}}],"collection":[{"href":"https:\/\/admin.industriall-union.org\/fr\/wp-json\/wp\/v2\/article"}],"about":[{"href":"https:\/\/admin.industriall-union.org\/fr\/wp-json\/wp\/v2\/types\/article"}],"wp:attachment":[{"href":"https:\/\/admin.industriall-union.org\/fr\/wp-json\/wp\/v2\/media?parent=145103"}],"wp:term":[{"taxonomy":"issues","embeddable":true,"href":"https:\/\/admin.industriall-union.org\/fr\/wp-json\/wp\/v2\/issues?post=145103"},{"taxonomy":"companies","embeddable":true,"href":"https:\/\/admin.industriall-union.org\/fr\/wp-json\/wp\/v2\/companies?post=145103"},{"taxonomy":"regions","embeddable":true,"href":"https:\/\/admin.industriall-union.org\/fr\/wp-json\/wp\/v2\/regions?post=145103"},{"taxonomy":"sectors","embeddable":true,"href":"https:\/\/admin.industriall-union.org\/fr\/wp-json\/wp\/v2\/sectors?post=145103"},{"taxonomy":"article_tags","embeddable":true,"href":"https:\/\/admin.industriall-union.org\/fr\/wp-json\/wp\/v2\/article_tags?post=145103"}],"curies":[{"name":"wp","href":"https:\/\/api.w.org\/{rel}","templated":true}]}}