{"id":145102,"date":"2020-12-03T15:15:43","date_gmt":"2020-12-03T15:15:43","guid":{"rendered":"https:\/\/admin.industriall-union.org\/interview-april-sims-2\/"},"modified":"2025-01-29T18:07:54","modified_gmt":"2025-01-29T18:07:54","slug":"interview-april-sims-2","status":"publish","type":"article","link":"https:\/\/admin.industriall-union.org\/fr\/interview-april-sims-2\/","title":{"rendered":"INTERVIEW: April Sims"},"content":{"rendered":"<table border=\"1\" cellpadding=\"1\" cellspacing=\"1\" style=\"width:100%\"><tbody><tr><td colspan=\"2\"><p><strong>INTERVIEW<\/strong><\/p><p>Global Worker No. 2 novembre&nbsp;2020<\/p><\/td><\/tr><tr><td colspan=\"1\" rowspan=\"2\"><img decoding=\"async\" alt=\"\" src=\"\" style=\"width: 200px;height: 284px\" \/><\/td><td colspan=\"1\" rowspan=\"2\"><p><strong>Interview:<\/strong> April Sims<\/p><p><strong><em>&quot;Il ne s&rsquo;agit pas simplement de faire une place \u00e0 la table pour un nouveau joueur, mais de s&rsquo;assurer que chacun re\u00e7oive la m\u00eame main et connaisse les r\u00e8gles afin de pouvoir rivaliser dans la partie.&quot;<\/em><\/strong><\/p><\/td><\/tr><\/tbody><\/table><h3>Comment avez-vous adh\u00e9r\u00e9 au syndicat?<\/h3><p>J&rsquo;ai \u00e9t\u00e9 \u00e9lev\u00e9e par une m\u00e8re c\u00e9libataire. Nous avons grandi dans la pauvret\u00e9 et nous avons donc b\u00e9n\u00e9fici\u00e9 de l&rsquo;aide sociale pendant la plus grande partie de mon enfance. Ma m\u00e8re avait du mal \u00e0 payer les factures et \u00e0 nourrir sa famille. Elle a toujours travaill\u00e9 tr\u00e8s dur, mais ce n&rsquo;\u00e9tait jamais assez. Si nous tombions malades, elle devait s&rsquo;absenter du travail. Si elle s&rsquo;absentait du travail, elle n&rsquo;avait pas droit \u00e0 un cong\u00e9 de maladie. Elle n&rsquo;\u00e9tait donc pas pay\u00e9e et elle ne pouvait pas payer le loyer. Victime de harc\u00e8lement au travail, parfois elle n&rsquo;a pu que d\u00e9missionner.<\/p><p>Et puis elle a trouv\u00e9 un nouvel emploi. Je me souviens qu&rsquo;elle est rentr\u00e9e chez nous apr\u00e8s son entretien d&rsquo;embauche et qu&rsquo;elle m&rsquo;a dit que si elle pouvait obtenir cet emploi permanent, cela changerait notre vie, et elle avait raison. Elle est all\u00e9e travailler pour l&rsquo;\u00c9tat dans un h\u00f4pital pour malades mentaux, de pauvres, nous ne sommes pas devenus membres de la classe moyenne, mais nous sommes pass\u00e9s de la pauvret\u00e9 et de l&rsquo;ins\u00e9curit\u00e9 \u00e9conomique \u00e0 une certaine s\u00e9curit\u00e9 financi\u00e8re.<\/p><p><strong>J&rsquo;ai toujours su que le syndicat \u00e9tait une chose positive, m\u00eame depuis mon plus jeune \u00e2ge.<\/strong> Puis, l&rsquo;\u00c9tat a supprim\u00e9 son poste et son syndicat s&rsquo;est battu pour lui obtenir des arri\u00e9r\u00e9s de salaire. Elle a re\u00e7u un ch\u00e8que de 7.000 dollars, ce qui repr\u00e9sentait plus d&rsquo;argent ce que nous n&rsquo;avions jamais eu.&nbsp;Je me souviens lui avoir demand\u00e9 d&rsquo;o\u00f9 venait cet argent et elle m&rsquo;a r\u00e9pondu que c&rsquo;\u00e9tait parce que son syndicat s&rsquo;\u00e9tait battu pour elle.&nbsp;<\/p><p><strong>J&rsquo;ai toujours eu une relation tr\u00e8s positive avec le syndicat. <\/strong>M\u00eame si ma m\u00e8re n&rsquo;y \u00e9tait pas active, parce qu&rsquo;elle \u00e9tait une m\u00e8re c\u00e9libataire de trois enfants et qu&rsquo;elle travaillait \u00e0 plein temps, j&rsquo;ai toujours su que le syndicat \u00e9tait une force positive. <strong>Lorsque j&rsquo;ai commenc\u00e9 \u00e0 travailler, et d\u00e8s que j&rsquo;ai eu l&rsquo;occasion de rejoindre un syndicat, je l&rsquo;ai fait, et j&rsquo;y suis devenue progressivement plus active.<\/strong><\/p><p>Un d\u00e9l\u00e9gu\u00e9 m&rsquo;a invit\u00e9e \u00e0 une r\u00e9union syndicale. D&rsquo;abord, j&rsquo;ai pens\u00e9 que, oui, j&rsquo;aimerais y aller. Puis j&rsquo;ai r\u00e9alis\u00e9&nbsp;: il est tard et je dois aller chercher mes enfants \u00e0 la garderie et faire le m\u00e9nage, donner le bain, pr\u00e9parer d\u00eener&#8230; Mais une personne de la d\u00e9l\u00e9gation syndicale de mon lieu de travail a per\u00e7u en moi des qualit\u00e9s de meneuse, avant que je ne les voie moi-m\u00eame, et n&rsquo;a pas cess\u00e9 de me demander de m&rsquo;impliquer. Cette personne n&rsquo;a cess\u00e9 de m&rsquo;inviter \u00e0 des manifestations syndicales et un jour, m&rsquo;a dit :&nbsp;&ldquo;April, nous avons un probl\u00e8me de s\u00e9curit\u00e9 sur le lieu de travail et nous allons demander de l&rsquo;aide \u00e0 notre section locale. Nous avons vraiment besoin que vous veniez \u00e0 la r\u00e9union de la section locale, et si vous y venez et votez en faveur de ce que nous demandons, nous pouvons vraiment faire la diff\u00e9rence.&rdquo;<\/p><p><img decoding=\"async\" alt=\"\" src=\"\" style=\"width: 600px;height: 600px\" \/><\/p><div class=\"largeQuote\"><blockquote><p>&quot;Je me souviens d&rsquo;\u00eatre all\u00e9e \u00e0 cette premi\u00e8re r\u00e9union locale et d&rsquo;avoir vu beaucoup de personnes blanches assez \u00e2g\u00e9es, mais aussi de&nbsp;m&rsquo;\u00eatre&nbsp;rendue compte que j&rsquo;avais droit au chapitre et que je pouvais contribuer \u00e0 apporter des changements.&nbsp;&quot;<\/p><\/blockquote><\/div><p>La raison pour laquelle je me suis engag\u00e9e dans mon syndicat, en r\u00e9alit\u00e9, est que j&rsquo;ai \u00e9t\u00e9 invit\u00e9e \u00e0 une r\u00e9union et que ma section locale, et mon syndicat \u00e0 l&rsquo;\u00e9poque, travaillaient vraiment \u00e0 l&rsquo;identification et au d\u00e9veloppement du leadership. Ils ont investi dans mon leadership. Et lorsque mon syndicat a engag\u00e9 un repr\u00e9sentant syndical, j&rsquo;ai pos\u00e9 ma candidature et j&rsquo;ai \u00e9t\u00e9 embauch\u00e9e. Je viens du Conseil 28 de l&rsquo;ASMI, qui est le syndicat des employ\u00e9s de l&rsquo;\u00c9tat et du Comt\u00e9&nbsp;; c&rsquo;\u00e9tait la section locale de ma m\u00e8re.<\/p><p>J&rsquo;ai travaill\u00e9 comme repr\u00e9sentante du Conseil pendant quelques ann\u00e9es, avec des n\u00e9gociations de moindre niveau, le traitement de dossiers disciplinaires et la formation de d\u00e9l\u00e9gu\u00e9s syndicaux. Ensuite, j&rsquo;ai int\u00e9gr\u00e9 le d\u00e9partement d&rsquo;action l\u00e9gislative et politique et j&rsquo;ai travaill\u00e9 comme coordinatrice de terrain \u00e0 l&rsquo;\u00e9chelle de l&rsquo;\u00c9tat pendant une dizaine d&rsquo;ann\u00e9es, en&nbsp;mettant en place le programme d&rsquo;engagement politique de nos membres.&nbsp;<\/p><p>J&rsquo;ai commenc\u00e9 \u00e0 travailler pour le Conseil syndical de l&rsquo;\u00c9tat de Washington en 2015. Autant j&rsquo;aime mon syndicat d&rsquo;origine, autant je dois reconna\u00eetre que le Conseil syndical de l&rsquo;\u00c9tat \u00e9tait en fait la seule organisation syndicale qui s&rsquo;occupait aussi des autres questions qui me tenaient \u00e0 c\u0153ur, en dehors des salaires, des avantages n\u00e9goci\u00e9s et des conditions de travail. Le Conseil syndical de l&rsquo;\u00c9tat avait un programme progressiste vraiment audacieux. En 2015, nous \u00e9tions les seuls \u00e0 parler du Black Lives Matter, les seuls \u00e0 travailler sur la r\u00e9forme de la justice p\u00e9nale et de la justice climatique. J&rsquo;ai commenc\u00e9 comme directrice de terrain et pris le poste de la direction politique en 2017. J&rsquo;ai ensuite \u00e9t\u00e9 \u00e9lue Secr\u00e9taire-tr\u00e9sori\u00e8re et j&rsquo;ai entam\u00e9 mon mandat au d\u00e9but de 2018.<\/p><h3>Le mouvement Black Lives Matter s&rsquo;est r\u00e9pandu sur toute la plan\u00e8te et le monde in\u00e9gal dans lequel nous vivons s&rsquo;est r\u00e9v\u00e9l\u00e9 \u00e0 tous. Les syndicats am\u00e9ricains jouent-ils un r\u00f4le au sein du mouvement BLM&nbsp;?<\/h3><p>Je peux davantage parler sp\u00e9cifiquement pour l&rsquo;\u00c9tat de Washington que pour le niveau national. Je pense que les syndicats au niveau national essaient de trouver comment jouer un r\u00f4le avec le mouvement Black Lives Matter. Nos structures sont si diff\u00e9rentes. On ne fait pas man\u0153uvrer un navire de guerre sur \u00e9tang. Nos institutions sont comme de grands navires de guerre, remplis de bureaucratie et de processus, et cela ne nous donne pas toujours la souplesse dont nous avons besoin pour travailler avec des mouvements qui sont fluides et n&rsquo;ont pas de proc\u00e9dures aussi lourdes.<\/p><p><img decoding=\"async\" alt=\"\" src=\"\" style=\"width: 509px;height: 510px\" \/><\/p><div class=\"largeQuote\"><blockquote><p>&quot;Nous essayons de voir comment nous pouvons jouer un r\u00f4le plus important dans le mouvement Black Lives Matter au sein de l&rsquo;\u00c9tat de Washington. Nous d\u00e9veloppons des partenariats plus solides et nous essayons vraiment de comprendre comment nous pouvons utiliser notre pouvoir institutionnel pour prot\u00e9ger et soutenir les communaut\u00e9s de premi\u00e8re ligne, tant le mouvement Black Lives Matter que d&rsquo;autres organisations dirig\u00e9es par des Noirs ou des Am\u00e9rindiens et au service de ces derniers.&nbsp;&quot;<\/p><\/blockquote><\/div><p>Nous essayons d&rsquo;\u00eatre prudents et essayons de ne pas nous contenter de venir et de dire, vous savez, voici comment nous pensons que nous devrions faire les choses et que nous devons organiser les marches ou les rassemblements, en oubliant qu&rsquo;il y a des communaut\u00e9s qui s&rsquo;exposent litt\u00e9ralement en premi\u00e8re ligne. Nous devons trouver aupr\u00e8s d&rsquo;eux comment aller de l&rsquo;avant.<\/p><h3>Les d\u00e9mocrates ont remport\u00e9 l&rsquo;\u00e9lection pr\u00e9sidentielle et vont diriger un pays divis\u00e9. Les syndicats et le mouvement Black Lives Matter ont-ils jou\u00e9 un r\u00f4le dans l&rsquo;\u00e9lection de Joe Biden et Kamala Harris&nbsp;?<\/h3><p>Absolument. Si vous regardez les r\u00e9gions o\u00f9 Biden et Kamala ont gagn\u00e9&nbsp;; Detroit, Philadelphie, Atlanta, Milwaukee&nbsp;; il s&rsquo;agit de villes m\u00e9tropolitaines, urbaines qui sont \u00e0 pr\u00e9dominance noire et le sont historiquement. Il ne fait aucun doute que Black Lives Matter, en tant que mouvement et en tant que r\u00e9servoir de voix, a fait une grande diff\u00e9rence en termes de sensibilisation, de d\u00e9nonciation de Trump et de sa politique, de d\u00e9nonciation de la fascination et de la rh\u00e9torique du racisme. Et, autant cela a fait une grande diff\u00e9rence, autant il est reste choquant pour certains d&rsquo;entre nous que Trump ait pu obtenir autant de voix. Je pense que ce sont des gens qui ne savent pas ce que les Noirs et les Am\u00e9rindiens de ce pays ont toujours su&nbsp;: le racisme est profond\u00e9ment ancr\u00e9 dans nos syst\u00e8mes et nos institutions.<\/p><h3>Quel r\u00f4le les femmes ont-elles jou\u00e9 dans l&rsquo;\u00e9lection&nbsp;?<\/h3><p>Le fait que Joe Biden a choisi une femme pour se pr\u00e9senter \u00e0 la vice-pr\u00e9sidence, et qu&rsquo;il a choisi Kamala Harris, a permis de faire reconna\u00eetre que les \u00e9lecteurs noirs, et plus particuli\u00e8rement les \u00e9lectrices noires, ont \u00e9t\u00e9 le fondement du Parti d\u00e9mocrate pendant des ann\u00e9es. Sans l&rsquo;implication de femmes noires, Joe Biden n&rsquo;aurait jamais pu gagner.&nbsp;<\/p><div><section class=\"boxTurquoise\"><h2>Biden nomme&nbsp;des dirigeants syndicaux dans les \u00e9quipes de transition<\/h2><p>Le pr\u00e9sident \u00e9lu Joe Biden a veill\u00e9 \u00e0 ce que la voix des travailleurs soit entendue lors de la transition vers son administration. Il a nomm\u00e9 plus d&rsquo;une vingtaine de dirigeants du mouvement ouvrier dans les diff\u00e9rentes \u00e9quipes charg\u00e9es de l&rsquo;\u00e9valuation des agences, qui contribueront \u00e0 faire en sorte que l&rsquo;administration Biden soit pr\u00eate.<\/p><p><a href=\"https:\/\/aflcio.org\/2020\/11\/12\/biden-taps-working-people-champions-transition-teams\">Vous trouverez ici la liste compl\u00e8te<\/a>&nbsp;des dirigeants syndicaux nomm\u00e9s dans les \u00e9quipes de transition de Joe Biden<\/p><\/section><\/div><h3>Vous avez dit que vous passez votre temps \u00e0 travailler dans des syst\u00e8mes et des structures qui n&rsquo;ont pas \u00e9t\u00e9 con\u00e7us pour vous (c&rsquo;est-\u00e0-dire en tant que femme noire). Que faut-il pour que cela change&nbsp;?<\/h3><p><img decoding=\"async\" alt=\"\" src=\"\" style=\"width: 800px;height: 809px\" \/><\/p><div class=\"largeQuote\"><blockquote><p>&quot;Plus de repr\u00e9sentation&nbsp;!&nbsp;&quot;<\/p><\/blockquote><\/div><p>Je ne veux pas tomber dans le clich\u00e9, mais la direction du mouvement syndical est en grande partie blanche et masculine. <strong>L&rsquo;Economic Policy Institute pr\u00e9voit&nbsp;que d&rsquo;ici 2025, les femmes seront majoritaires dans le mouvement syndical, mais nous ne repr\u00e9sentons qu&rsquo;environ 20 % des postes de direction.<\/strong><\/p><p>Il y a un r\u00e9el manque de repr\u00e9sentation des femmes, et en particulier des femmes de couleur, et d&rsquo;une reconnaissance que la convergence du racisme et du sexisme est particuli\u00e8re pour les femmes noires. Elles sont encore moins nombreuses \u00e0 occuper des postes de direction dans le mouvement syndical. La seule fa\u00e7on de changer cela est d&rsquo;avoir plus de femmes de couleur dans les postes de direction et une plus grande repr\u00e9sentation dans l&rsquo;ensemble du mouvement syndical.<\/p><p>Tout le monde aime l&rsquo;id\u00e9e de soutenir une femme noire pour un poste de direction. Je ne sais pas si tout le monde est pr\u00e9par\u00e9 \u00e0 la fa\u00e7on dont les femmes noires dirigent et \u00e0 ce en quoi c&rsquo;est diff\u00e9rent. Cela signifie qu&rsquo;il y a parfois une dynamique o\u00f9 les gens ne reconnaissent pas votre style de leadership, car ce n&rsquo;est pas le m\u00eame que lorsque les hommes blancs traditionnels dirigent. La seule fa\u00e7on de changer cela est d&rsquo;avoir plus de femmes et de femmes de couleur. <strong>Il ne s&rsquo;agit pas simplement de faire une place \u00e0 la table pour un nouveau joueur, mais de s&rsquo;assurer que chacun re\u00e7oive la m\u00eame main et connaisse les r\u00e8gles afin de pouvoir rivaliser dans la partie.<\/strong><\/p><p>Il faudra une plus grande repr\u00e9sentation, il faudra plus de femmes, et plus particuli\u00e8rement plus de femmes de couleur dans les postes de direction, pour que nous changions notre mani\u00e8re d&rsquo;appr\u00e9hender les r\u00f4les de direction. Nous devons identifier le leadership comme relevant davantage de quelqu&rsquo;un qui, plut\u00f4t que de taper du poing sur la table, prend de vraies d\u00e9cisions afin d&rsquo;avoir quelqu&rsquo;un qui s&rsquo;int\u00e9resse \u00e0 la collaboration cr\u00e9ative et sache manier la force tranquille autant que jouer des coudes. Il ne s&rsquo;agit pas d&rsquo;avoir toutes les r\u00e9ponses, mais de poser toutes les questions.<\/p><h3>Le d\u00e9bat autour du racisme structurel dans le mouvement syndical met mal \u00e0 l&rsquo;aise en raison de ce que le syndicalisme est cens\u00e9 repr\u00e9senter. Comment pensez-vous que les syndicats peuvent s&rsquo;attaquer \u00e0 ce probl\u00e8me&nbsp;?<\/h3><p>Nos propres institutions doivent \u00eatre dispos\u00e9es \u00e0 le faire. C&rsquo;est mon amour pour le mouvement syndical qui me pousse \u00e0 le critiquer, car je sais la diff\u00e9rence que ce mouvement fait dans la vie des travailleurs et travailleuses, de leurs familles et communaut\u00e9s. C&rsquo;est cet amour qui me permet d&rsquo;\u00eatre critique et de r\u00e9fl\u00e9chir aux fa\u00e7ons dont nous devons changer et aux choses que nous devons faire pour nous assurer que nous sommes per\u00e7us comme la force du bien, par les jeunes et les personnes de couleur.<\/p><p>Le Conseil syndical de l&rsquo;\u00c9tat de Washington \u00e9labore un programme destin\u00e9 \u00e0 nous permettre de devenir une organisation activement antiraciste. Nous avons cr\u00e9\u00e9 et pourvu un poste de direction pour la justice en mati\u00e8re de race et de genre, qui nous aidera \u00e0 traiter ce travail en tant que campagne active. Je suis \u00e0 la fois,&nbsp;en train de&nbsp;changer et de remettre en question la fa\u00e7on dont nous parlons de la race et de r\u00e9fl\u00e9chir \u00e0 la fa\u00e7on dont nos institutions perp\u00e9tuent le racisme.<\/p><p>Nous cr\u00e9ons un espace pour de nouveaux styles de leadership et nous travaillons avec des dirigeants blancs et des membres de la base blancs pour les aider \u00e0 voir les diff\u00e9rentes manifestations du racisme. Nous devons devenir plus inclusifs.<\/p><div class=\"largeQuote\"><blockquote><p>&quot;Nous avons besoin que les jeunes et les personnes de couleur regardent le mouvement syndical et se disent&nbsp;&ldquo;c&rsquo;est l&rsquo;organisation qu&rsquo;il me faut et j&rsquo;y vois ma place, parce qu&rsquo;elle n&rsquo;est pas seulement \u00e0 l&rsquo;\u00e9coute de voix masculines blanches&quot;<\/p><\/blockquote><\/div>","protected":false},"featured_media":0,"template":"","issues":[],"companies":[],"regions":[],"sectors":[],"article_tags":[],"class_list":["post-145102","article","type-article","status-publish","hentry"],"acf":[],"yoast_head":"<!-- This site is optimized with the Yoast SEO Premium plugin v27.1 (Yoast SEO v27.1) - https:\/\/yoast.com\/product\/yoast-seo-premium-wordpress\/ -->\n<title>INTERVIEW: April Sims - industriall-union<\/title>\n<meta name=\"description\" content=\"INTERVIEWGlobal Worker No. 2 novembre&nbsp;2020Interview: April Sims&quot;Il ne s&rsquo;agit pas simplement de faire une place \u00e0 la table pour un nouveau\" \/>\n<meta name=\"robots\" content=\"index, follow, max-snippet:-1, max-image-preview:large, max-video-preview:-1\" \/>\n<link rel=\"canonical\" href=\"https:\/\/admin.industriall-union.org\/fr\/interview-april-sims-2\/\" \/>\n<meta property=\"og:locale\" content=\"fr_FR\" \/>\n<meta property=\"og:type\" content=\"article\" \/>\n<meta property=\"og:title\" content=\"INTERVIEW: April Sims\" \/>\n<meta property=\"og:description\" content=\"INTERVIEWGlobal Worker No. 2 novembre&nbsp;2020Interview: April Sims&quot;Il ne s&rsquo;agit pas simplement de faire une place \u00e0 la table pour un nouveau\" \/>\n<meta property=\"og:url\" content=\"https:\/\/admin.industriall-union.org\/fr\/interview-april-sims-2\/\" \/>\n<meta property=\"og:site_name\" content=\"industriall-union\" \/>\n<meta property=\"article:modified_time\" content=\"2025-01-29T18:07:54+00:00\" \/>\n<meta name=\"twitter:card\" content=\"summary_large_image\" \/>\n<meta name=\"twitter:label1\" content=\"Est. reading time\" \/>\n\t<meta name=\"twitter:data1\" content=\"13 minutes\" \/>\n<script type=\"application\/ld+json\" class=\"yoast-schema-graph\">{\"@context\":\"https:\/\/schema.org\",\"@graph\":[{\"@type\":\"WebPage\",\"@id\":\"https:\/\/admin.industriall-union.org\/fr\/interview-april-sims-2\/\",\"url\":\"https:\/\/admin.industriall-union.org\/fr\/interview-april-sims-2\/\",\"name\":\"INTERVIEW: April Sims - industriall-union\",\"isPartOf\":{\"@id\":\"https:\/\/admin.industriall-union.org\/#website\"},\"datePublished\":\"2020-12-03T15:15:43+00:00\",\"dateModified\":\"2025-01-29T18:07:54+00:00\",\"description\":\"INTERVIEWGlobal Worker No. 2 novembre&nbsp;2020Interview: April Sims&quot;Il ne s&rsquo;agit pas simplement de faire une place \u00e0 la table pour un nouveau\",\"breadcrumb\":{\"@id\":\"https:\/\/admin.industriall-union.org\/fr\/interview-april-sims-2\/#breadcrumb\"},\"inLanguage\":\"fr-FR\",\"potentialAction\":[{\"@type\":\"ReadAction\",\"target\":[\"https:\/\/admin.industriall-union.org\/fr\/interview-april-sims-2\/\"]}]},{\"@type\":\"BreadcrumbList\",\"@id\":\"https:\/\/admin.industriall-union.org\/fr\/interview-april-sims-2\/#breadcrumb\",\"itemListElement\":[{\"@type\":\"ListItem\",\"position\":1,\"name\":\"Home\",\"item\":\"https:\/\/admin.industriall-union.org\/\"},{\"@type\":\"ListItem\",\"position\":2,\"name\":\"Articles\",\"item\":\"https:\/\/admin.industriall-union.org\/article\/\"},{\"@type\":\"ListItem\",\"position\":3,\"name\":\"INTERVIEW: April Sims\"}]},{\"@type\":\"WebSite\",\"@id\":\"https:\/\/admin.industriall-union.org\/#website\",\"url\":\"https:\/\/admin.industriall-union.org\/\",\"name\":\"industriall-union\",\"description\":\"\",\"potentialAction\":[{\"@type\":\"SearchAction\",\"target\":{\"@type\":\"EntryPoint\",\"urlTemplate\":\"https:\/\/admin.industriall-union.org\/?s={search_term_string}\"},\"query-input\":{\"@type\":\"PropertyValueSpecification\",\"valueRequired\":true,\"valueName\":\"search_term_string\"}}],\"inLanguage\":\"fr-FR\"}]}<\/script>\n<!-- \/ Yoast SEO Premium plugin. -->","yoast_head_json":{"title":"INTERVIEW: April Sims - industriall-union","description":"INTERVIEWGlobal Worker No. 2 novembre&nbsp;2020Interview: April Sims&quot;Il ne s&rsquo;agit pas simplement de faire une place \u00e0 la table pour un nouveau","robots":{"index":"index","follow":"follow","max-snippet":"max-snippet:-1","max-image-preview":"max-image-preview:large","max-video-preview":"max-video-preview:-1"},"canonical":"https:\/\/admin.industriall-union.org\/fr\/interview-april-sims-2\/","og_locale":"fr_FR","og_type":"article","og_title":"INTERVIEW: April Sims","og_description":"INTERVIEWGlobal Worker No. 2 novembre&nbsp;2020Interview: April Sims&quot;Il ne s&rsquo;agit pas simplement de faire une place \u00e0 la table pour un nouveau","og_url":"https:\/\/admin.industriall-union.org\/fr\/interview-april-sims-2\/","og_site_name":"industriall-union","article_modified_time":"2025-01-29T18:07:54+00:00","twitter_card":"summary_large_image","twitter_misc":{"Est. reading time":"13 minutes"},"schema":{"@context":"https:\/\/schema.org","@graph":[{"@type":"WebPage","@id":"https:\/\/admin.industriall-union.org\/fr\/interview-april-sims-2\/","url":"https:\/\/admin.industriall-union.org\/fr\/interview-april-sims-2\/","name":"INTERVIEW: April Sims - industriall-union","isPartOf":{"@id":"https:\/\/admin.industriall-union.org\/#website"},"datePublished":"2020-12-03T15:15:43+00:00","dateModified":"2025-01-29T18:07:54+00:00","description":"INTERVIEWGlobal Worker No. 2 novembre&nbsp;2020Interview: April Sims&quot;Il ne s&rsquo;agit pas simplement de faire une place \u00e0 la table pour un nouveau","breadcrumb":{"@id":"https:\/\/admin.industriall-union.org\/fr\/interview-april-sims-2\/#breadcrumb"},"inLanguage":"fr-FR","potentialAction":[{"@type":"ReadAction","target":["https:\/\/admin.industriall-union.org\/fr\/interview-april-sims-2\/"]}]},{"@type":"BreadcrumbList","@id":"https:\/\/admin.industriall-union.org\/fr\/interview-april-sims-2\/#breadcrumb","itemListElement":[{"@type":"ListItem","position":1,"name":"Home","item":"https:\/\/admin.industriall-union.org\/"},{"@type":"ListItem","position":2,"name":"Articles","item":"https:\/\/admin.industriall-union.org\/article\/"},{"@type":"ListItem","position":3,"name":"INTERVIEW: April Sims"}]},{"@type":"WebSite","@id":"https:\/\/admin.industriall-union.org\/#website","url":"https:\/\/admin.industriall-union.org\/","name":"industriall-union","description":"","potentialAction":[{"@type":"SearchAction","target":{"@type":"EntryPoint","urlTemplate":"https:\/\/admin.industriall-union.org\/?s={search_term_string}"},"query-input":{"@type":"PropertyValueSpecification","valueRequired":true,"valueName":"search_term_string"}}],"inLanguage":"fr-FR"}]}},"_links":{"self":[{"href":"https:\/\/admin.industriall-union.org\/fr\/wp-json\/wp\/v2\/article\/145102","targetHints":{"allow":["GET"]}}],"collection":[{"href":"https:\/\/admin.industriall-union.org\/fr\/wp-json\/wp\/v2\/article"}],"about":[{"href":"https:\/\/admin.industriall-union.org\/fr\/wp-json\/wp\/v2\/types\/article"}],"wp:attachment":[{"href":"https:\/\/admin.industriall-union.org\/fr\/wp-json\/wp\/v2\/media?parent=145102"}],"wp:term":[{"taxonomy":"issues","embeddable":true,"href":"https:\/\/admin.industriall-union.org\/fr\/wp-json\/wp\/v2\/issues?post=145102"},{"taxonomy":"companies","embeddable":true,"href":"https:\/\/admin.industriall-union.org\/fr\/wp-json\/wp\/v2\/companies?post=145102"},{"taxonomy":"regions","embeddable":true,"href":"https:\/\/admin.industriall-union.org\/fr\/wp-json\/wp\/v2\/regions?post=145102"},{"taxonomy":"sectors","embeddable":true,"href":"https:\/\/admin.industriall-union.org\/fr\/wp-json\/wp\/v2\/sectors?post=145102"},{"taxonomy":"article_tags","embeddable":true,"href":"https:\/\/admin.industriall-union.org\/fr\/wp-json\/wp\/v2\/article_tags?post=145102"}],"curies":[{"name":"wp","href":"https:\/\/api.w.org\/{rel}","templated":true}]}}