{"id":145055,"date":"2021-01-07T14:02:53","date_gmt":"2021-01-07T14:02:53","guid":{"rendered":"https:\/\/admin.industriall-union.org\/2020-annee-de-carnage-pour-les-mineurs-au-pakistan\/"},"modified":"2025-01-29T16:55:44","modified_gmt":"2025-01-29T16:55:44","slug":"2020-annee-de-carnage-pour-les-mineurs-au-pakistan","status":"publish","type":"article","link":"https:\/\/admin.industriall-union.org\/fr\/2020-annee-de-carnage-pour-les-mineurs-au-pakistan\/","title":{"rendered":"2020, ann\u00e9e de carnage pour les mineurs au Pakistan"},"content":{"rendered":"<p>Les syndicats de mineurs pakistanais sont scandalis\u00e9s par ce carnage incessant dans les mines du pays. Malgr\u00e9 des ann\u00e9es de campagnes nationales et internationales et des r\u00e9unions de haut niveau avec des repr\u00e9sentants du gouvernement et de l&#039;OIT, rien n&#039;a chang\u00e9.<\/p><p>La <a href=\"https:\/\/wakelet.com\/wake\/604cf80e-3890-4a30-a50b-99a77de24f38\">litanie des accidents mortels<\/a> n&#039;est que trop connue : les effondrements, les \u00e9lectrocutions, les basculements de decauvilles et les gaz mortels ne cessent de faire des victimes, presque quotidiennement. Apr\u00e8s les accidents, l&#039;absence de plans d&#039;urgence ad\u00e9quats impose aux mineurs de secourir les survivants et d&#039;extraire les corps de leurs coll\u00e8gues des d\u00e9combres. Les familles endeuill\u00e9es re\u00e7oivent une indemnisation minime, sans plus.<\/p><p>Les syndicats sont choqu\u00e9s par le fatalisme qui fait accepter ces d\u00e9c\u00e8s; ils sont persuad\u00e9s que l&#039;indiff\u00e9rence des autorit\u00e9s nationales et provinciales et des propri\u00e9taires de mines constitue un terrible manquement \u00e0 leurs devoirs.<\/p><p>Les mines sont souvent dans des zones recul\u00e9es o\u00f9 l&#039;\u00e9tat de droit est tr\u00e8s relatif. Les syndicats r\u00e9clament plusieurs choses pour faire changer la situation. Il faut ratifier et appliquer la convention 176 de l&#039;OIT sur la s\u00e9curit\u00e9 et la sant\u00e9 dans les mines en int\u00e9grant ses principes dans les l\u00e9gislations nationale et provinciales. Il faut que les employeurs comme les travailleurs re\u00e7oivent une formation \u00e0 la s\u00e9curit\u00e9 dans les mines. Il faut que le Pakistan d\u00e9veloppe ses services d&#039;inspection du travail et de la sant\u00e9 et s&#039;assure que les propri\u00e9taires de mines agissent en cons\u00e9quence.<\/p><p>Plusieurs organisations, dont IndustriALL Global Union et l&#039;OIT, ont propos\u00e9 leur assistance. IndustriALL a publi\u00e9 des <a href=\"http:\/\/www.industriall-union.org\/what-we-do\/ratify-ilo-c176\">guides sur la s\u00e9curit\u00e9 dans les mines<\/a> en anglais et en ourdou et proclame depuis longtemps que la premi\u00e8re chose \u00e0 faire est que le gouvernement pakistanais ratifie la convention 176 de l&#039;OIT.<\/p><p>Une effroyable attaque terroriste, commise le 3 janvier \u00e0 Mach, dans la province du Baloutchistan, a encore soulign\u00e9 la situation pr\u00e9caire des mineurs, tuant 11 d&#039;entre eux. Ils ont \u00e9t\u00e9 abattus dans les logements d&#039;une mine par un affid\u00e9 pakistanais de l&#039;\u00c9tat islamique, pendant une attaque contre des membres de la minorit\u00e9 chiite hazara.<\/p><p>Le 7 janvier, des f\u00e9d\u00e9rations de syndicats de mineurs ont d\u00e9fil\u00e9 dans Quetta, chef-lieu de la province du Baloutchistan, et bloqu\u00e9 les routes pour protester contre les attaques terroristes et contre l&#039;anarchie et l&#039;ins\u00e9curit\u00e9 qui r\u00e8gnent dans les r\u00e9gions mini\u00e8res.<\/p><p>Le secr\u00e9taire g\u00e9n\u00e9ral adjoint d&#039;IndustriALL Kemal \u00d6zkan a d\u00e9clar\u00e9 :<\/p><blockquote><p>&quot;Le gouvernement pakistanais ne semble pas se soucier de ce honteux carnage dans les mines de son pays. Nous-m\u00eames ainsi que l&#039;OIT l&#039;avons pressenti \u00e0 plusieurs reprises, \u00e0 Islamabad et \u00e0 Gen\u00e8ve, pour l&#039;exhorter \u00e0 ratifier et appliquer la convention 176. Il ne l&#039;a pas fait. Lorsqu&#039;il le fera, nous sommes pr\u00eats \u00e0 l&#039;aider par une formation \u00e0 la s\u00e9curit\u00e9 dans les mines pour faire changer les choses.&quot;&nbsp;<\/p><\/blockquote>","protected":false},"featured_media":0,"template":"","issues":[403],"companies":[],"regions":[155,182],"sectors":[495,494],"article_tags":[],"class_list":["post-145055","article","type-article","status-publish","hentry","issues-convention-176-mine-safety","regions-asia-pacific","regions-pakistan","sectors-mining","sectors-mining-and-dgojp"],"acf":[],"yoast_head":"<!-- This site is optimized with the Yoast SEO Premium plugin v27.1 (Yoast SEO v27.1) - https:\/\/yoast.com\/product\/yoast-seo-premium-wordpress\/ -->\n<title>2020, ann\u00e9e de carnage pour les mineurs au Pakistan - industriall-union<\/title>\n<meta name=\"description\" content=\"Les syndicats de mineurs pakistanais sont scandalis\u00e9s par ce carnage incessant dans les mines du pays. Malgr\u00e9 des ann\u00e9es de campagnes nationales et\" \/>\n<meta name=\"robots\" content=\"index, follow, max-snippet:-1, max-image-preview:large, max-video-preview:-1\" \/>\n<link rel=\"canonical\" href=\"https:\/\/admin.industriall-union.org\/fr\/2020-annee-de-carnage-pour-les-mineurs-au-pakistan\/\" \/>\n<meta property=\"og:locale\" content=\"fr_FR\" \/>\n<meta property=\"og:type\" content=\"article\" \/>\n<meta property=\"og:title\" content=\"2020, ann\u00e9e de carnage pour les mineurs au Pakistan\" \/>\n<meta property=\"og:description\" content=\"Les syndicats de mineurs pakistanais sont scandalis\u00e9s par ce carnage incessant dans les mines du pays. Malgr\u00e9 des ann\u00e9es de campagnes nationales et\" \/>\n<meta property=\"og:url\" content=\"https:\/\/admin.industriall-union.org\/fr\/2020-annee-de-carnage-pour-les-mineurs-au-pakistan\/\" \/>\n<meta property=\"og:site_name\" content=\"industriall-union\" \/>\n<meta property=\"article:modified_time\" content=\"2025-01-29T16:55:44+00:00\" \/>\n<meta name=\"twitter:card\" content=\"summary_large_image\" \/>\n<meta name=\"twitter:label1\" content=\"Est. reading time\" \/>\n\t<meta name=\"twitter:data1\" content=\"3 minutes\" \/>\n<script type=\"application\/ld+json\" class=\"yoast-schema-graph\">{\"@context\":\"https:\/\/schema.org\",\"@graph\":[{\"@type\":\"WebPage\",\"@id\":\"https:\/\/admin.industriall-union.org\/fr\/2020-annee-de-carnage-pour-les-mineurs-au-pakistan\/\",\"url\":\"https:\/\/admin.industriall-union.org\/fr\/2020-annee-de-carnage-pour-les-mineurs-au-pakistan\/\",\"name\":\"2020, ann\u00e9e de carnage pour les mineurs au Pakistan - industriall-union\",\"isPartOf\":{\"@id\":\"https:\/\/admin.industriall-union.org\/#website\"},\"datePublished\":\"2021-01-07T14:02:53+00:00\",\"dateModified\":\"2025-01-29T16:55:44+00:00\",\"description\":\"Les syndicats de mineurs pakistanais sont scandalis\u00e9s par ce carnage incessant dans les mines du pays. Malgr\u00e9 des ann\u00e9es de campagnes nationales et\",\"breadcrumb\":{\"@id\":\"https:\/\/admin.industriall-union.org\/fr\/2020-annee-de-carnage-pour-les-mineurs-au-pakistan\/#breadcrumb\"},\"inLanguage\":\"fr-FR\",\"potentialAction\":[{\"@type\":\"ReadAction\",\"target\":[\"https:\/\/admin.industriall-union.org\/fr\/2020-annee-de-carnage-pour-les-mineurs-au-pakistan\/\"]}]},{\"@type\":\"BreadcrumbList\",\"@id\":\"https:\/\/admin.industriall-union.org\/fr\/2020-annee-de-carnage-pour-les-mineurs-au-pakistan\/#breadcrumb\",\"itemListElement\":[{\"@type\":\"ListItem\",\"position\":1,\"name\":\"Home\",\"item\":\"https:\/\/admin.industriall-union.org\/\"},{\"@type\":\"ListItem\",\"position\":2,\"name\":\"Articles\",\"item\":\"https:\/\/admin.industriall-union.org\/article\/\"},{\"@type\":\"ListItem\",\"position\":3,\"name\":\"2020, ann\u00e9e de carnage pour les mineurs au Pakistan\"}]},{\"@type\":\"WebSite\",\"@id\":\"https:\/\/admin.industriall-union.org\/#website\",\"url\":\"https:\/\/admin.industriall-union.org\/\",\"name\":\"industriall-union\",\"description\":\"\",\"potentialAction\":[{\"@type\":\"SearchAction\",\"target\":{\"@type\":\"EntryPoint\",\"urlTemplate\":\"https:\/\/admin.industriall-union.org\/?s={search_term_string}\"},\"query-input\":{\"@type\":\"PropertyValueSpecification\",\"valueRequired\":true,\"valueName\":\"search_term_string\"}}],\"inLanguage\":\"fr-FR\"}]}<\/script>\n<!-- \/ Yoast SEO Premium plugin. -->","yoast_head_json":{"title":"2020, ann\u00e9e de carnage pour les mineurs au Pakistan - industriall-union","description":"Les syndicats de mineurs pakistanais sont scandalis\u00e9s par ce carnage incessant dans les mines du pays. Malgr\u00e9 des ann\u00e9es de campagnes nationales et","robots":{"index":"index","follow":"follow","max-snippet":"max-snippet:-1","max-image-preview":"max-image-preview:large","max-video-preview":"max-video-preview:-1"},"canonical":"https:\/\/admin.industriall-union.org\/fr\/2020-annee-de-carnage-pour-les-mineurs-au-pakistan\/","og_locale":"fr_FR","og_type":"article","og_title":"2020, ann\u00e9e de carnage pour les mineurs au Pakistan","og_description":"Les syndicats de mineurs pakistanais sont scandalis\u00e9s par ce carnage incessant dans les mines du pays. Malgr\u00e9 des ann\u00e9es de campagnes nationales et","og_url":"https:\/\/admin.industriall-union.org\/fr\/2020-annee-de-carnage-pour-les-mineurs-au-pakistan\/","og_site_name":"industriall-union","article_modified_time":"2025-01-29T16:55:44+00:00","twitter_card":"summary_large_image","twitter_misc":{"Est. reading time":"3 minutes"},"schema":{"@context":"https:\/\/schema.org","@graph":[{"@type":"WebPage","@id":"https:\/\/admin.industriall-union.org\/fr\/2020-annee-de-carnage-pour-les-mineurs-au-pakistan\/","url":"https:\/\/admin.industriall-union.org\/fr\/2020-annee-de-carnage-pour-les-mineurs-au-pakistan\/","name":"2020, ann\u00e9e de carnage pour les mineurs au Pakistan - industriall-union","isPartOf":{"@id":"https:\/\/admin.industriall-union.org\/#website"},"datePublished":"2021-01-07T14:02:53+00:00","dateModified":"2025-01-29T16:55:44+00:00","description":"Les syndicats de mineurs pakistanais sont scandalis\u00e9s par ce carnage incessant dans les mines du pays. Malgr\u00e9 des ann\u00e9es de campagnes nationales et","breadcrumb":{"@id":"https:\/\/admin.industriall-union.org\/fr\/2020-annee-de-carnage-pour-les-mineurs-au-pakistan\/#breadcrumb"},"inLanguage":"fr-FR","potentialAction":[{"@type":"ReadAction","target":["https:\/\/admin.industriall-union.org\/fr\/2020-annee-de-carnage-pour-les-mineurs-au-pakistan\/"]}]},{"@type":"BreadcrumbList","@id":"https:\/\/admin.industriall-union.org\/fr\/2020-annee-de-carnage-pour-les-mineurs-au-pakistan\/#breadcrumb","itemListElement":[{"@type":"ListItem","position":1,"name":"Home","item":"https:\/\/admin.industriall-union.org\/"},{"@type":"ListItem","position":2,"name":"Articles","item":"https:\/\/admin.industriall-union.org\/article\/"},{"@type":"ListItem","position":3,"name":"2020, ann\u00e9e de carnage pour les mineurs au Pakistan"}]},{"@type":"WebSite","@id":"https:\/\/admin.industriall-union.org\/#website","url":"https:\/\/admin.industriall-union.org\/","name":"industriall-union","description":"","potentialAction":[{"@type":"SearchAction","target":{"@type":"EntryPoint","urlTemplate":"https:\/\/admin.industriall-union.org\/?s={search_term_string}"},"query-input":{"@type":"PropertyValueSpecification","valueRequired":true,"valueName":"search_term_string"}}],"inLanguage":"fr-FR"}]}},"_links":{"self":[{"href":"https:\/\/admin.industriall-union.org\/fr\/wp-json\/wp\/v2\/article\/145055","targetHints":{"allow":["GET"]}}],"collection":[{"href":"https:\/\/admin.industriall-union.org\/fr\/wp-json\/wp\/v2\/article"}],"about":[{"href":"https:\/\/admin.industriall-union.org\/fr\/wp-json\/wp\/v2\/types\/article"}],"wp:attachment":[{"href":"https:\/\/admin.industriall-union.org\/fr\/wp-json\/wp\/v2\/media?parent=145055"}],"wp:term":[{"taxonomy":"issues","embeddable":true,"href":"https:\/\/admin.industriall-union.org\/fr\/wp-json\/wp\/v2\/issues?post=145055"},{"taxonomy":"companies","embeddable":true,"href":"https:\/\/admin.industriall-union.org\/fr\/wp-json\/wp\/v2\/companies?post=145055"},{"taxonomy":"regions","embeddable":true,"href":"https:\/\/admin.industriall-union.org\/fr\/wp-json\/wp\/v2\/regions?post=145055"},{"taxonomy":"sectors","embeddable":true,"href":"https:\/\/admin.industriall-union.org\/fr\/wp-json\/wp\/v2\/sectors?post=145055"},{"taxonomy":"article_tags","embeddable":true,"href":"https:\/\/admin.industriall-union.org\/fr\/wp-json\/wp\/v2\/article_tags?post=145055"}],"curies":[{"name":"wp","href":"https:\/\/api.w.org\/{rel}","templated":true}]}}