{"id":144993,"date":"2021-02-01T12:49:02","date_gmt":"2021-02-01T12:49:02","guid":{"rendered":"https:\/\/admin.industriall-union.org\/industriall-global-union-et-industriall-europe-appellent-a-la-justice-et-a-la-solidarite-dans-la-lutte-contre-la-covid-19\/"},"modified":"2025-01-29T15:57:40","modified_gmt":"2025-01-29T15:57:40","slug":"industriall-global-union-et-industriall-europe-appellent-a-la-justice-et-a-la-solidarite-dans-la-lutte-contre-la-covid-19","status":"publish","type":"article","link":"https:\/\/admin.industriall-union.org\/fr\/industriall-global-union-et-industriall-europe-appellent-a-la-justice-et-a-la-solidarite-dans-la-lutte-contre-la-covid-19\/","title":{"rendered":"IndustriALL Global Union et IndustriAll Europe appellent \u00e0 la justice et \u00e0 la solidarit\u00e9 dans la lutte contre la Covid-19"},"content":{"rendered":"<p>Apr\u00e8s un effort sans pr\u00e9c\u00e9dent pour les d\u00e9velopper, les approuver et les d\u00e9ployer, plusieurs traitements, m\u00e9dicaments et vaccins, sont d\u00e9sormais disponibles. Le monde s&rsquo;est rapproch\u00e9 de la victoire sur la pand\u00e9mie. Et l&rsquo;effort mondial commun et la coop\u00e9ration public-priv\u00e9 pour trouver des m\u00e9dicaments et des vaccins ont montr\u00e9 le meilleur visage de l&rsquo;internationalisme.<\/p><p><strong>Il est crucial que nous ne quittions pas la voie de la coop\u00e9ration, de la solidarit\u00e9 et de la justice.<\/strong><\/p><p>Aucun continent, aucun pays, aucune \u00e9conomie, aucune personne ne sera en s\u00e9curit\u00e9 tant que le monde entier ne le sera pas. Le nationalisme vaccinal est une r\u00e9ponse \u00e0 courte vue \u00e0 ce probl\u00e8me mondial. Il prolongera la pand\u00e9mie et la menace de nouveaux variants nous mettant tous en danger. Nous sommes partisans du droit d&rsquo;acc\u00e8s universel \u00e0 la vaccination.<\/p><p>Pour les d\u00e9cennies \u00e0 venir, l&rsquo;industrie pharmaceutique sera jug\u00e9e sur sa conduite durant la pand\u00e9mie. L&rsquo;ann\u00e9e 2020 a vu une am\u00e9lioration de la r\u00e9putation et de l&rsquo;importance de ce secteur crucial, mais une meilleure image peut \u00eatre facilement perdue.<\/p><p><strong>IndustriAll Europe et IndustriALL Global Union demandent \u00e0 l&rsquo;industrie de montrer son meilleur visage&nbsp;:<\/strong><\/p><ul><li>coop\u00e9rer, m\u00eame avec des concurrents, afin d&rsquo;augmenter la production de mani\u00e8re \u00e0 acc\u00e9l\u00e9rer le processus de vaccination<\/li><li>assurer une transparence totale sur les volumes de production, les calculs de prix, les contrats d&rsquo;achat, etc.<\/li><li>faire passer le bien et l&rsquo;int\u00e9r\u00eat publics avant les profits, mettre les m\u00e9dicaments et les vaccins \u00e0 la disposition de tous<\/li><\/ul><p>Nous comprenons parfaitement la pression exerc\u00e9e sur les pays pour qu&rsquo;ils garantissent leur approvisionnement en produits m\u00e9dicaux et viennent en aide \u00e0 leurs populations. Gardant cela \u00e0 l&rsquo;esprit,<strong> IndustriAll Europe et IndustriALL Global Union en appellent aux responsables politiques&nbsp;:<\/strong><\/p><ul><li>ce n&rsquo;est pas le populisme qui vaincra la Covid-19<\/li><li>nous, notre sant\u00e9, nos \u00e9conomies et nos emplois, ne nous remettrons sur pied que si le r\u00e9tablissement est mondial<\/li><li>travaillez de mani\u00e8re rationnelle et solidaire pour obtenir le meilleur r\u00e9sultat possible pour tous au niveau mondial, en respectant la valeur universelle de la solidarit\u00e9 et de l&rsquo;\u00e9galit\u00e9<\/li><\/ul><p>Les travailleurs des industries pharmaceutiques du monde entier, repr\u00e9sent\u00e9s par IndustriAll Europe et IndustriALL Global Union, sont pr\u00eats \u00e0 produire tous les m\u00e9dicaments et vaccins n\u00e9cessaires et avides de le faire pour contribuer ainsi \u00e0 surmonter cette crise.<\/p>","protected":false},"featured_media":0,"template":"","issues":[362,420,425],"companies":[],"regions":[],"sectors":[],"article_tags":[],"class_list":["post-144993","article","type-article","status-publish","hentry","issues-covid-19","issues-solidarity","issues-workers-rights"],"acf":[],"yoast_head":"<!-- This site is optimized with the Yoast SEO Premium plugin v27.1 (Yoast SEO v27.1) - https:\/\/yoast.com\/product\/yoast-seo-premium-wordpress\/ -->\n<title>IndustriALL Global Union et IndustriAll Europe appellent \u00e0 la justice et \u00e0 la solidarit\u00e9 dans la lutte contre la Covid-19 - industriall-union<\/title>\n<meta name=\"description\" content=\"Apr\u00e8s un effort sans pr\u00e9c\u00e9dent pour les d\u00e9velopper, les approuver et les d\u00e9ployer, plusieurs traitements, m\u00e9dicaments et vaccins, sont d\u00e9sormais\" \/>\n<meta name=\"robots\" content=\"index, follow, max-snippet:-1, max-image-preview:large, max-video-preview:-1\" \/>\n<link rel=\"canonical\" href=\"https:\/\/admin.industriall-union.org\/fr\/industriall-global-union-et-industriall-europe-appellent-a-la-justice-et-a-la-solidarite-dans-la-lutte-contre-la-covid-19\/\" \/>\n<meta property=\"og:locale\" content=\"fr_FR\" \/>\n<meta property=\"og:type\" content=\"article\" \/>\n<meta property=\"og:title\" content=\"IndustriALL Global Union et IndustriAll Europe appellent \u00e0 la justice et \u00e0 la solidarit\u00e9 dans la lutte contre la Covid-19\" \/>\n<meta property=\"og:description\" content=\"Apr\u00e8s un effort sans pr\u00e9c\u00e9dent pour les d\u00e9velopper, les approuver et les d\u00e9ployer, plusieurs traitements, m\u00e9dicaments et vaccins, sont d\u00e9sormais\" \/>\n<meta property=\"og:url\" content=\"https:\/\/admin.industriall-union.org\/fr\/industriall-global-union-et-industriall-europe-appellent-a-la-justice-et-a-la-solidarite-dans-la-lutte-contre-la-covid-19\/\" \/>\n<meta property=\"og:site_name\" content=\"industriall-union\" \/>\n<meta property=\"article:modified_time\" content=\"2025-01-29T15:57:40+00:00\" \/>\n<meta name=\"twitter:card\" content=\"summary_large_image\" \/>\n<meta name=\"twitter:label1\" content=\"Est. reading time\" \/>\n\t<meta name=\"twitter:data1\" content=\"2 minutes\" \/>\n<script type=\"application\/ld+json\" class=\"yoast-schema-graph\">{\"@context\":\"https:\/\/schema.org\",\"@graph\":[{\"@type\":\"WebPage\",\"@id\":\"https:\/\/admin.industriall-union.org\/fr\/industriall-global-union-et-industriall-europe-appellent-a-la-justice-et-a-la-solidarite-dans-la-lutte-contre-la-covid-19\/\",\"url\":\"https:\/\/admin.industriall-union.org\/fr\/industriall-global-union-et-industriall-europe-appellent-a-la-justice-et-a-la-solidarite-dans-la-lutte-contre-la-covid-19\/\",\"name\":\"IndustriALL Global Union et IndustriAll Europe appellent \u00e0 la justice et \u00e0 la solidarit\u00e9 dans la lutte contre la Covid-19 - industriall-union\",\"isPartOf\":{\"@id\":\"https:\/\/admin.industriall-union.org\/#website\"},\"datePublished\":\"2021-02-01T12:49:02+00:00\",\"dateModified\":\"2025-01-29T15:57:40+00:00\",\"description\":\"Apr\u00e8s un effort sans pr\u00e9c\u00e9dent pour les d\u00e9velopper, les approuver et les d\u00e9ployer, plusieurs traitements, m\u00e9dicaments et vaccins, sont d\u00e9sormais\",\"breadcrumb\":{\"@id\":\"https:\/\/admin.industriall-union.org\/fr\/industriall-global-union-et-industriall-europe-appellent-a-la-justice-et-a-la-solidarite-dans-la-lutte-contre-la-covid-19\/#breadcrumb\"},\"inLanguage\":\"fr-FR\",\"potentialAction\":[{\"@type\":\"ReadAction\",\"target\":[\"https:\/\/admin.industriall-union.org\/fr\/industriall-global-union-et-industriall-europe-appellent-a-la-justice-et-a-la-solidarite-dans-la-lutte-contre-la-covid-19\/\"]}]},{\"@type\":\"BreadcrumbList\",\"@id\":\"https:\/\/admin.industriall-union.org\/fr\/industriall-global-union-et-industriall-europe-appellent-a-la-justice-et-a-la-solidarite-dans-la-lutte-contre-la-covid-19\/#breadcrumb\",\"itemListElement\":[{\"@type\":\"ListItem\",\"position\":1,\"name\":\"Home\",\"item\":\"https:\/\/admin.industriall-union.org\/\"},{\"@type\":\"ListItem\",\"position\":2,\"name\":\"Articles\",\"item\":\"https:\/\/admin.industriall-union.org\/article\/\"},{\"@type\":\"ListItem\",\"position\":3,\"name\":\"IndustriALL Global Union et IndustriAll Europe appellent \u00e0 la justice et \u00e0 la solidarit\u00e9 dans la lutte contre la Covid-19\"}]},{\"@type\":\"WebSite\",\"@id\":\"https:\/\/admin.industriall-union.org\/#website\",\"url\":\"https:\/\/admin.industriall-union.org\/\",\"name\":\"industriall-union\",\"description\":\"\",\"potentialAction\":[{\"@type\":\"SearchAction\",\"target\":{\"@type\":\"EntryPoint\",\"urlTemplate\":\"https:\/\/admin.industriall-union.org\/?s={search_term_string}\"},\"query-input\":{\"@type\":\"PropertyValueSpecification\",\"valueRequired\":true,\"valueName\":\"search_term_string\"}}],\"inLanguage\":\"fr-FR\"}]}<\/script>\n<!-- \/ Yoast SEO Premium plugin. -->","yoast_head_json":{"title":"IndustriALL Global Union et IndustriAll Europe appellent \u00e0 la justice et \u00e0 la solidarit\u00e9 dans la lutte contre la Covid-19 - industriall-union","description":"Apr\u00e8s un effort sans pr\u00e9c\u00e9dent pour les d\u00e9velopper, les approuver et les d\u00e9ployer, plusieurs traitements, m\u00e9dicaments et vaccins, sont d\u00e9sormais","robots":{"index":"index","follow":"follow","max-snippet":"max-snippet:-1","max-image-preview":"max-image-preview:large","max-video-preview":"max-video-preview:-1"},"canonical":"https:\/\/admin.industriall-union.org\/fr\/industriall-global-union-et-industriall-europe-appellent-a-la-justice-et-a-la-solidarite-dans-la-lutte-contre-la-covid-19\/","og_locale":"fr_FR","og_type":"article","og_title":"IndustriALL Global Union et IndustriAll Europe appellent \u00e0 la justice et \u00e0 la solidarit\u00e9 dans la lutte contre la Covid-19","og_description":"Apr\u00e8s un effort sans pr\u00e9c\u00e9dent pour les d\u00e9velopper, les approuver et les d\u00e9ployer, plusieurs traitements, m\u00e9dicaments et vaccins, sont d\u00e9sormais","og_url":"https:\/\/admin.industriall-union.org\/fr\/industriall-global-union-et-industriall-europe-appellent-a-la-justice-et-a-la-solidarite-dans-la-lutte-contre-la-covid-19\/","og_site_name":"industriall-union","article_modified_time":"2025-01-29T15:57:40+00:00","twitter_card":"summary_large_image","twitter_misc":{"Est. reading time":"2 minutes"},"schema":{"@context":"https:\/\/schema.org","@graph":[{"@type":"WebPage","@id":"https:\/\/admin.industriall-union.org\/fr\/industriall-global-union-et-industriall-europe-appellent-a-la-justice-et-a-la-solidarite-dans-la-lutte-contre-la-covid-19\/","url":"https:\/\/admin.industriall-union.org\/fr\/industriall-global-union-et-industriall-europe-appellent-a-la-justice-et-a-la-solidarite-dans-la-lutte-contre-la-covid-19\/","name":"IndustriALL Global Union et IndustriAll Europe appellent \u00e0 la justice et \u00e0 la solidarit\u00e9 dans la lutte contre la Covid-19 - industriall-union","isPartOf":{"@id":"https:\/\/admin.industriall-union.org\/#website"},"datePublished":"2021-02-01T12:49:02+00:00","dateModified":"2025-01-29T15:57:40+00:00","description":"Apr\u00e8s un effort sans pr\u00e9c\u00e9dent pour les d\u00e9velopper, les approuver et les d\u00e9ployer, plusieurs traitements, m\u00e9dicaments et vaccins, sont d\u00e9sormais","breadcrumb":{"@id":"https:\/\/admin.industriall-union.org\/fr\/industriall-global-union-et-industriall-europe-appellent-a-la-justice-et-a-la-solidarite-dans-la-lutte-contre-la-covid-19\/#breadcrumb"},"inLanguage":"fr-FR","potentialAction":[{"@type":"ReadAction","target":["https:\/\/admin.industriall-union.org\/fr\/industriall-global-union-et-industriall-europe-appellent-a-la-justice-et-a-la-solidarite-dans-la-lutte-contre-la-covid-19\/"]}]},{"@type":"BreadcrumbList","@id":"https:\/\/admin.industriall-union.org\/fr\/industriall-global-union-et-industriall-europe-appellent-a-la-justice-et-a-la-solidarite-dans-la-lutte-contre-la-covid-19\/#breadcrumb","itemListElement":[{"@type":"ListItem","position":1,"name":"Home","item":"https:\/\/admin.industriall-union.org\/"},{"@type":"ListItem","position":2,"name":"Articles","item":"https:\/\/admin.industriall-union.org\/article\/"},{"@type":"ListItem","position":3,"name":"IndustriALL Global Union et IndustriAll Europe appellent \u00e0 la justice et \u00e0 la solidarit\u00e9 dans la lutte contre la Covid-19"}]},{"@type":"WebSite","@id":"https:\/\/admin.industriall-union.org\/#website","url":"https:\/\/admin.industriall-union.org\/","name":"industriall-union","description":"","potentialAction":[{"@type":"SearchAction","target":{"@type":"EntryPoint","urlTemplate":"https:\/\/admin.industriall-union.org\/?s={search_term_string}"},"query-input":{"@type":"PropertyValueSpecification","valueRequired":true,"valueName":"search_term_string"}}],"inLanguage":"fr-FR"}]}},"_links":{"self":[{"href":"https:\/\/admin.industriall-union.org\/fr\/wp-json\/wp\/v2\/article\/144993","targetHints":{"allow":["GET"]}}],"collection":[{"href":"https:\/\/admin.industriall-union.org\/fr\/wp-json\/wp\/v2\/article"}],"about":[{"href":"https:\/\/admin.industriall-union.org\/fr\/wp-json\/wp\/v2\/types\/article"}],"wp:attachment":[{"href":"https:\/\/admin.industriall-union.org\/fr\/wp-json\/wp\/v2\/media?parent=144993"}],"wp:term":[{"taxonomy":"issues","embeddable":true,"href":"https:\/\/admin.industriall-union.org\/fr\/wp-json\/wp\/v2\/issues?post=144993"},{"taxonomy":"companies","embeddable":true,"href":"https:\/\/admin.industriall-union.org\/fr\/wp-json\/wp\/v2\/companies?post=144993"},{"taxonomy":"regions","embeddable":true,"href":"https:\/\/admin.industriall-union.org\/fr\/wp-json\/wp\/v2\/regions?post=144993"},{"taxonomy":"sectors","embeddable":true,"href":"https:\/\/admin.industriall-union.org\/fr\/wp-json\/wp\/v2\/sectors?post=144993"},{"taxonomy":"article_tags","embeddable":true,"href":"https:\/\/admin.industriall-union.org\/fr\/wp-json\/wp\/v2\/article_tags?post=144993"}],"curies":[{"name":"wp","href":"https:\/\/api.w.org\/{rel}","templated":true}]}}