{"id":144963,"date":"2021-02-19T14:02:57","date_gmt":"2021-02-19T14:02:57","guid":{"rendered":"https:\/\/admin.industriall-union.org\/les-marques-act-condamnent-le-coup-d-039-etat-au-myanmar\/"},"modified":"2025-01-29T00:01:11","modified_gmt":"2025-01-29T00:01:11","slug":"les-marques-act-condamnent-le-coup-d-039-etat-au-myanmar","status":"publish","type":"article","link":"https:\/\/admin.industriall-union.org\/fr\/les-marques-act-condamnent-le-coup-d-039-etat-au-myanmar\/","title":{"rendered":"Les marques ACT condamnent le coup d&#039;\u00c9tat au Myanmar"},"content":{"rendered":"<p>Cette <a href=\"\/wp-content\/uploads\/documents\/2021\/MYANMAR\/myanmar_media_release.pdf\">d\u00e9claration publique<\/a> est la premi\u00e8re du monde de l&#039;entreprise sur le coup d&#039;\u00c9tat au Myanmar. Ces marques &#8211; Bestseller, C&amp;A, Esprit, H&amp;M, Inditex, Lidl, New Look, Next, Primark, Tchibo et Tesco &#8211; d\u00e9clarent que, &quot;en tant qu&#039;entreprises, nous sommes attach\u00e9es au respect scrupuleux des droits de l&#039;homme et des droits syndicaux dans nos activit\u00e9s et nos cha\u00eenes d&#039;approvisionnement, en particulier la libert\u00e9 de r\u00e9union pacifique, la libert\u00e9 d&#039;opinion et la libert\u00e9 d&#039;association au titre de la D\u00e9claration universelle des droits de l&#039;homme.&quot;<\/p><p>En 2019, elles ont souscrit aux <a href=\"http:\/\/www.industriall-union.org\/garment-workers-suppliers-and-act-brands-launch-freedom-of-association-guideline\">Principes directeurs sur la libert\u00e9 syndicale au Myanmar<\/a>, reconnaissant ainsi le droit d\u00e9mocratique des travailleurs de s&#039;organiser librement. La d\u00e9claration publi\u00e9e ce jour donne \u00e0 cet engagement un \u00e9cho politique, en affirmant l&#039;attachement des marques aux droits de l&#039;homme, dont la libert\u00e9 de r\u00e9union et d&#039;expression. Elle conclut en ces termes :<\/p><blockquote><p>&quot;Une entreprise responsable a besoin d&#039;un contexte qui respecte les droits de l&#039;homme.&quot;<\/p><\/blockquote><p><a href=\"https:\/\/actonlivingwages.com\/\">ACT<\/a>, pour Action, Collaboration, Transformation, est une convention qui fait date, conclue entre des grandes marques mondiales et des organisations syndicales dans le but de transformer l&#039;industrie de la confection, du textile et de la chaussure en obtenant des salaires de survie pour les travailleurs par le biais de la n\u00e9gociation collective \u00e0 l&#039;\u00e9chelon de l&#039;industrie, de la libert\u00e9 syndicale et des pratiques d&#039;achat. ACT regroupe 21 enseignes mondiales et IndustriALL Global Union au nom de ses organisations affili\u00e9es des pays producteurs.<\/p><p>IndustriALL a condamn\u00e9 le coup d&#039;\u00c9tat militaire par un <a href=\"http:\/\/www.industriall-union.org\/industriall-global-union-condemns-military-coup-in-myanmar-and-calls-for-respect-for-democracy-and\">communiqu\u00e9<\/a> publi\u00e9 le 1er f\u00e9vrier dans lequel on peut lire :<\/p><blockquote><p>&quot;IndustriALL invite les dirigeants militaires \u00e0 reconna\u00eetre que les fruits de la croissance \u00e9conomique et l&#039;am\u00e9lioration du niveau de vie sont le r\u00e9sultat de la d\u00e9mocratisation et d&#039;un pluralisme politique pacifique en vigueur depuis 2011. Le recours \u00e0 la violence, au conflit et \u00e0 un r\u00e9gime antid\u00e9mocratique entravera les efforts du Myanmar pour attirer les investisseurs \u00e9trangers et son d\u00e9veloppement \u00e9conomique international.&quot;<\/p><\/blockquote><p>Le secr\u00e9taire g\u00e9n\u00e9ral d&#039;IndustriALL, Valter Sanches, d\u00e9clare :<\/p><blockquote><p>&quot;IndustriALL loue et appuie cette initiative du monde de l&#039;entreprise qui reconna\u00eet que la d\u00e9mocratie et le respect des droits humains et syndicaux sont essentiels \u00e0 la r\u00e9ussite et la p\u00e9rennit\u00e9 des entreprises. Le r\u00e9tablissement de la d\u00e9mocratie est imp\u00e9ratif pour l&#039;emploi et l&#039;investissement dont d\u00e9pend l&#039;am\u00e9lioration de la qualit\u00e9 de vie du peuple birman&quot;.<\/p><\/blockquote><p>Dans leur d\u00e9claration, les marques s&#039;engagent \u00e0 collaborer avec les propri\u00e9taires des entreprises locales et avec les syndicats de plus de 200 ateliers de leurs cha\u00eenes d&#039;approvisionnement au Myanmar pour garantir le respect de la libert\u00e9 syndicale.<\/p>","protected":false},"featured_media":0,"template":"","issues":[422],"companies":[],"regions":[155,177],"sectors":[464],"article_tags":[],"class_list":["post-144963","article","type-article","status-publish","hentry","issues-human-trade-union-rights","regions-asia-pacific","regions-myanmar","sectors-textile-leather-garment-shoes-and-textile-services"],"acf":[],"yoast_head":"<!-- This site is optimized with the Yoast SEO Premium plugin v27.1 (Yoast SEO v27.1) - https:\/\/yoast.com\/product\/yoast-seo-premium-wordpress\/ -->\n<title>Les marques ACT condamnent le coup d&#039;\u00c9tat au Myanmar - industriall-union<\/title>\n<meta name=\"description\" content=\"Cette d\u00e9claration publique est la premi\u00e8re du monde de l&#039;entreprise sur le coup d&#039;\u00c9tat au Myanmar. Ces marques - Bestseller, C&amp;A, Esprit,\" \/>\n<meta name=\"robots\" content=\"index, follow, max-snippet:-1, max-image-preview:large, max-video-preview:-1\" \/>\n<link rel=\"canonical\" href=\"https:\/\/admin.industriall-union.org\/fr\/les-marques-act-condamnent-le-coup-d-039-etat-au-myanmar\/\" \/>\n<meta property=\"og:locale\" content=\"fr_FR\" \/>\n<meta property=\"og:type\" content=\"article\" \/>\n<meta property=\"og:title\" content=\"Les marques ACT condamnent le coup d&#039;\u00c9tat au Myanmar\" \/>\n<meta property=\"og:description\" content=\"Cette d\u00e9claration publique est la premi\u00e8re du monde de l&#039;entreprise sur le coup d&#039;\u00c9tat au Myanmar. Ces marques - Bestseller, C&amp;A, Esprit,\" \/>\n<meta property=\"og:url\" content=\"https:\/\/admin.industriall-union.org\/fr\/les-marques-act-condamnent-le-coup-d-039-etat-au-myanmar\/\" \/>\n<meta property=\"og:site_name\" content=\"industriall-union\" \/>\n<meta property=\"article:modified_time\" content=\"2025-01-29T00:01:11+00:00\" \/>\n<meta name=\"twitter:card\" content=\"summary_large_image\" \/>\n<meta name=\"twitter:label1\" content=\"Est. reading time\" \/>\n\t<meta name=\"twitter:data1\" content=\"2 minutes\" \/>\n<script type=\"application\/ld+json\" class=\"yoast-schema-graph\">{\"@context\":\"https:\/\/schema.org\",\"@graph\":[{\"@type\":\"WebPage\",\"@id\":\"https:\/\/admin.industriall-union.org\/fr\/les-marques-act-condamnent-le-coup-d-039-etat-au-myanmar\/\",\"url\":\"https:\/\/admin.industriall-union.org\/fr\/les-marques-act-condamnent-le-coup-d-039-etat-au-myanmar\/\",\"name\":\"Les marques ACT condamnent le coup d&#039;\u00c9tat au Myanmar - industriall-union\",\"isPartOf\":{\"@id\":\"https:\/\/admin.industriall-union.org\/#website\"},\"datePublished\":\"2021-02-19T14:02:57+00:00\",\"dateModified\":\"2025-01-29T00:01:11+00:00\",\"description\":\"Cette d\u00e9claration publique est la premi\u00e8re du monde de l&#039;entreprise sur le coup d&#039;\u00c9tat au Myanmar. Ces marques - Bestseller, C&amp;A, Esprit,\",\"breadcrumb\":{\"@id\":\"https:\/\/admin.industriall-union.org\/fr\/les-marques-act-condamnent-le-coup-d-039-etat-au-myanmar\/#breadcrumb\"},\"inLanguage\":\"fr-FR\",\"potentialAction\":[{\"@type\":\"ReadAction\",\"target\":[\"https:\/\/admin.industriall-union.org\/fr\/les-marques-act-condamnent-le-coup-d-039-etat-au-myanmar\/\"]}]},{\"@type\":\"BreadcrumbList\",\"@id\":\"https:\/\/admin.industriall-union.org\/fr\/les-marques-act-condamnent-le-coup-d-039-etat-au-myanmar\/#breadcrumb\",\"itemListElement\":[{\"@type\":\"ListItem\",\"position\":1,\"name\":\"Home\",\"item\":\"https:\/\/admin.industriall-union.org\/\"},{\"@type\":\"ListItem\",\"position\":2,\"name\":\"Articles\",\"item\":\"https:\/\/admin.industriall-union.org\/article\/\"},{\"@type\":\"ListItem\",\"position\":3,\"name\":\"Les marques ACT condamnent le coup d&#039;\u00c9tat au Myanmar\"}]},{\"@type\":\"WebSite\",\"@id\":\"https:\/\/admin.industriall-union.org\/#website\",\"url\":\"https:\/\/admin.industriall-union.org\/\",\"name\":\"industriall-union\",\"description\":\"\",\"potentialAction\":[{\"@type\":\"SearchAction\",\"target\":{\"@type\":\"EntryPoint\",\"urlTemplate\":\"https:\/\/admin.industriall-union.org\/?s={search_term_string}\"},\"query-input\":{\"@type\":\"PropertyValueSpecification\",\"valueRequired\":true,\"valueName\":\"search_term_string\"}}],\"inLanguage\":\"fr-FR\"}]}<\/script>\n<!-- \/ Yoast SEO Premium plugin. -->","yoast_head_json":{"title":"Les marques ACT condamnent le coup d&#039;\u00c9tat au Myanmar - industriall-union","description":"Cette d\u00e9claration publique est la premi\u00e8re du monde de l&#039;entreprise sur le coup d&#039;\u00c9tat au Myanmar. Ces marques - Bestseller, C&amp;A, Esprit,","robots":{"index":"index","follow":"follow","max-snippet":"max-snippet:-1","max-image-preview":"max-image-preview:large","max-video-preview":"max-video-preview:-1"},"canonical":"https:\/\/admin.industriall-union.org\/fr\/les-marques-act-condamnent-le-coup-d-039-etat-au-myanmar\/","og_locale":"fr_FR","og_type":"article","og_title":"Les marques ACT condamnent le coup d&#039;\u00c9tat au Myanmar","og_description":"Cette d\u00e9claration publique est la premi\u00e8re du monde de l&#039;entreprise sur le coup d&#039;\u00c9tat au Myanmar. Ces marques - Bestseller, C&amp;A, Esprit,","og_url":"https:\/\/admin.industriall-union.org\/fr\/les-marques-act-condamnent-le-coup-d-039-etat-au-myanmar\/","og_site_name":"industriall-union","article_modified_time":"2025-01-29T00:01:11+00:00","twitter_card":"summary_large_image","twitter_misc":{"Est. reading time":"2 minutes"},"schema":{"@context":"https:\/\/schema.org","@graph":[{"@type":"WebPage","@id":"https:\/\/admin.industriall-union.org\/fr\/les-marques-act-condamnent-le-coup-d-039-etat-au-myanmar\/","url":"https:\/\/admin.industriall-union.org\/fr\/les-marques-act-condamnent-le-coup-d-039-etat-au-myanmar\/","name":"Les marques ACT condamnent le coup d&#039;\u00c9tat au Myanmar - industriall-union","isPartOf":{"@id":"https:\/\/admin.industriall-union.org\/#website"},"datePublished":"2021-02-19T14:02:57+00:00","dateModified":"2025-01-29T00:01:11+00:00","description":"Cette d\u00e9claration publique est la premi\u00e8re du monde de l&#039;entreprise sur le coup d&#039;\u00c9tat au Myanmar. Ces marques - Bestseller, C&amp;A, Esprit,","breadcrumb":{"@id":"https:\/\/admin.industriall-union.org\/fr\/les-marques-act-condamnent-le-coup-d-039-etat-au-myanmar\/#breadcrumb"},"inLanguage":"fr-FR","potentialAction":[{"@type":"ReadAction","target":["https:\/\/admin.industriall-union.org\/fr\/les-marques-act-condamnent-le-coup-d-039-etat-au-myanmar\/"]}]},{"@type":"BreadcrumbList","@id":"https:\/\/admin.industriall-union.org\/fr\/les-marques-act-condamnent-le-coup-d-039-etat-au-myanmar\/#breadcrumb","itemListElement":[{"@type":"ListItem","position":1,"name":"Home","item":"https:\/\/admin.industriall-union.org\/"},{"@type":"ListItem","position":2,"name":"Articles","item":"https:\/\/admin.industriall-union.org\/article\/"},{"@type":"ListItem","position":3,"name":"Les marques ACT condamnent le coup d&#039;\u00c9tat au Myanmar"}]},{"@type":"WebSite","@id":"https:\/\/admin.industriall-union.org\/#website","url":"https:\/\/admin.industriall-union.org\/","name":"industriall-union","description":"","potentialAction":[{"@type":"SearchAction","target":{"@type":"EntryPoint","urlTemplate":"https:\/\/admin.industriall-union.org\/?s={search_term_string}"},"query-input":{"@type":"PropertyValueSpecification","valueRequired":true,"valueName":"search_term_string"}}],"inLanguage":"fr-FR"}]}},"_links":{"self":[{"href":"https:\/\/admin.industriall-union.org\/fr\/wp-json\/wp\/v2\/article\/144963","targetHints":{"allow":["GET"]}}],"collection":[{"href":"https:\/\/admin.industriall-union.org\/fr\/wp-json\/wp\/v2\/article"}],"about":[{"href":"https:\/\/admin.industriall-union.org\/fr\/wp-json\/wp\/v2\/types\/article"}],"wp:attachment":[{"href":"https:\/\/admin.industriall-union.org\/fr\/wp-json\/wp\/v2\/media?parent=144963"}],"wp:term":[{"taxonomy":"issues","embeddable":true,"href":"https:\/\/admin.industriall-union.org\/fr\/wp-json\/wp\/v2\/issues?post=144963"},{"taxonomy":"companies","embeddable":true,"href":"https:\/\/admin.industriall-union.org\/fr\/wp-json\/wp\/v2\/companies?post=144963"},{"taxonomy":"regions","embeddable":true,"href":"https:\/\/admin.industriall-union.org\/fr\/wp-json\/wp\/v2\/regions?post=144963"},{"taxonomy":"sectors","embeddable":true,"href":"https:\/\/admin.industriall-union.org\/fr\/wp-json\/wp\/v2\/sectors?post=144963"},{"taxonomy":"article_tags","embeddable":true,"href":"https:\/\/admin.industriall-union.org\/fr\/wp-json\/wp\/v2\/article_tags?post=144963"}],"curies":[{"name":"wp","href":"https:\/\/api.w.org\/{rel}","templated":true}]}}