{"id":144961,"date":"2021-02-22T14:49:42","date_gmt":"2021-02-22T14:49:42","guid":{"rendered":"https:\/\/admin.industriall-union.org\/greve-nationale-pour-la-democratie-au-myanmar\/"},"modified":"2025-01-28T23:35:40","modified_gmt":"2025-01-28T23:35:40","slug":"greve-nationale-pour-la-democratie-au-myanmar","status":"publish","type":"article","link":"https:\/\/admin.industriall-union.org\/fr\/greve-nationale-pour-la-democratie-au-myanmar\/","title":{"rendered":"Gr\u00e8ve nationale pour la d\u00e9mocratie au Myanmar"},"content":{"rendered":"<p>La gr\u00e8ve g\u00e9n\u00e9rale &ldquo;des cinq deux&rdquo;, en r\u00e9f\u00e9rence \u00e0 la date du 22\/2\/2021, a \u00e9t\u00e9 d\u00e9clench\u00e9e par un comit\u00e9 de gr\u00e8ve g\u00e9n\u00e9rale compos\u00e9 de partis politiques, de syndicats, d&rsquo;organisations d&rsquo;agriculteurs, de mouvements d&rsquo;\u00e9tudiants et d&rsquo;autres groupements.<\/p><p>La F\u00e9d\u00e9ration des travailleurs industriels du Myanmar (IWFM), affili\u00e9e \u00e0 IndustriALL Global Union, a mobilis\u00e9 des milliers de travailleurs et travailleuses dans le quartier de Hlaing Thar Yar, \u00e0 Rangoun. Les manifestants portaient des pancartes disant &ldquo;Nous exigeons la d\u00e9mocratie&rdquo;, &ldquo;Lib\u00e9rez nos dirigeants&rdquo; et &ldquo;Lib\u00e9rez Aung San Suu Kyi&rdquo;, tout en brandissant les drapeaux de la F\u00e9d\u00e9ration des travailleurs de l&rsquo;industrie du Myanmar (IWFM), affili\u00e9e \u00e0 IndustriALL, et de la Conf\u00e9d\u00e9ration des syndicats du Myanmar (CTUM).<\/p><p>Khaing Zar, qui pr\u00e9side&nbsp; l&rsquo;IWFM, a d\u00e9clar\u00e9&nbsp;:<\/p><blockquote><p>&ldquo;C&rsquo;est une bataille pour la d\u00e9mocratie. Nous devons comprendre que sous un r\u00e9gime militaire, il n&rsquo;y a pas de droits pour les travailleurs et travailleuses, ni de droits de l&rsquo;homme. Tout le monde vivra dans la peur et le stress, aucune plainte ou protestation de la part des travailleurs et travailleuses ne sera plus tol\u00e9r\u00e9e.<\/p><p>Avant 2010, les travailleurs et travailleuses vivaient avec des salaires bas et de longs temps de travail, ne pouvant avoir que ce que leurs employeurs leur donnaient, sans aucune garantie de salaire minimum et de s\u00e9curit\u00e9 sociale. Si la dictature revient, les investisseurs quitteront le pays, de nombreuses personnes seront sans emploi.&rdquo;<\/p><\/blockquote><figure class=\"imageArticle imageFull\"><img decoding=\"async\" alt=\"\" src=\"\" style=\"width: 1200px;height: 540px\" \/><figcaption class=\"imageContent\">&nbsp;<\/figcaption><\/figure><p>Selon les m\u00e9dias locaux, des centaines de milliers de personnes ont envahi les rues de Rangoun, Mandalay, Naypyitaw et Pyinmana, demandant la fin du r\u00e9gime militaire. De nombreuses entreprises ont d\u00e9cid\u00e9 de fermer, en sympathie avec le mouvement pro-d\u00e9mocratie.<\/p><p>Le Secr\u00e9taire g\u00e9n\u00e9ral d&rsquo;IndustriALL Global Union, Valter Sanches, a d\u00e9clar\u00e9&nbsp;:<\/p><blockquote><p>&ldquo;Nous sommes solidaires de nos camarades du Myanmar dans leur lutte pour r\u00e9tablir la d\u00e9mocratie dans leur pays. IndustriALL continuera \u00e0 apporter le soutien n\u00e9cessaire aux travailleurs et travailleuses ainsi qu&rsquo;\u00e0 leurs syndicats, qui jouent un r\u00f4le important dans la lutte contre les militaires.&rdquo;<\/p><\/blockquote><p>\u00c0 ce jour, plus de 100 parlementaires \u00e9lus et titulaires des principaux minist\u00e8res, dont Aung San Suu Kyi, ont \u00e9t\u00e9 arr\u00eat\u00e9s par les militaires.<\/p>","protected":false},"featured_media":0,"template":"","issues":[420,424,425],"companies":[],"regions":[177],"sectors":[],"article_tags":[],"class_list":["post-144961","article","type-article","status-publish","hentry","issues-solidarity","issues-violation","issues-workers-rights","regions-myanmar"],"acf":[],"yoast_head":"<!-- This site is optimized with the Yoast SEO Premium plugin v27.1 (Yoast SEO v27.1) - https:\/\/yoast.com\/product\/yoast-seo-premium-wordpress\/ -->\n<title>Gr\u00e8ve nationale pour la d\u00e9mocratie au Myanmar - industriall-union<\/title>\n<meta name=\"description\" content=\"La gr\u00e8ve g\u00e9n\u00e9rale &ldquo;des cinq deux&rdquo;, en r\u00e9f\u00e9rence \u00e0 la date du 22\/2\/2021, a \u00e9t\u00e9 d\u00e9clench\u00e9e par un comit\u00e9 de gr\u00e8ve g\u00e9n\u00e9rale compos\u00e9 de partis\" \/>\n<meta name=\"robots\" content=\"index, follow, max-snippet:-1, max-image-preview:large, max-video-preview:-1\" \/>\n<link rel=\"canonical\" href=\"https:\/\/admin.industriall-union.org\/fr\/greve-nationale-pour-la-democratie-au-myanmar\/\" \/>\n<meta property=\"og:locale\" content=\"fr_FR\" \/>\n<meta property=\"og:type\" content=\"article\" \/>\n<meta property=\"og:title\" content=\"Gr\u00e8ve nationale pour la d\u00e9mocratie au Myanmar\" \/>\n<meta property=\"og:description\" content=\"La gr\u00e8ve g\u00e9n\u00e9rale &ldquo;des cinq deux&rdquo;, en r\u00e9f\u00e9rence \u00e0 la date du 22\/2\/2021, a \u00e9t\u00e9 d\u00e9clench\u00e9e par un comit\u00e9 de gr\u00e8ve g\u00e9n\u00e9rale compos\u00e9 de partis\" \/>\n<meta property=\"og:url\" content=\"https:\/\/admin.industriall-union.org\/fr\/greve-nationale-pour-la-democratie-au-myanmar\/\" \/>\n<meta property=\"og:site_name\" content=\"industriall-union\" \/>\n<meta property=\"article:modified_time\" content=\"2025-01-28T23:35:40+00:00\" \/>\n<meta name=\"twitter:card\" content=\"summary_large_image\" \/>\n<meta name=\"twitter:label1\" content=\"Est. reading time\" \/>\n\t<meta name=\"twitter:data1\" content=\"2 minutes\" \/>\n<script type=\"application\/ld+json\" class=\"yoast-schema-graph\">{\"@context\":\"https:\/\/schema.org\",\"@graph\":[{\"@type\":\"WebPage\",\"@id\":\"https:\/\/admin.industriall-union.org\/fr\/greve-nationale-pour-la-democratie-au-myanmar\/\",\"url\":\"https:\/\/admin.industriall-union.org\/fr\/greve-nationale-pour-la-democratie-au-myanmar\/\",\"name\":\"Gr\u00e8ve nationale pour la d\u00e9mocratie au Myanmar - industriall-union\",\"isPartOf\":{\"@id\":\"https:\/\/admin.industriall-union.org\/#website\"},\"datePublished\":\"2021-02-22T14:49:42+00:00\",\"dateModified\":\"2025-01-28T23:35:40+00:00\",\"description\":\"La gr\u00e8ve g\u00e9n\u00e9rale &ldquo;des cinq deux&rdquo;, en r\u00e9f\u00e9rence \u00e0 la date du 22\/2\/2021, a \u00e9t\u00e9 d\u00e9clench\u00e9e par un comit\u00e9 de gr\u00e8ve g\u00e9n\u00e9rale compos\u00e9 de partis\",\"breadcrumb\":{\"@id\":\"https:\/\/admin.industriall-union.org\/fr\/greve-nationale-pour-la-democratie-au-myanmar\/#breadcrumb\"},\"inLanguage\":\"fr-FR\",\"potentialAction\":[{\"@type\":\"ReadAction\",\"target\":[\"https:\/\/admin.industriall-union.org\/fr\/greve-nationale-pour-la-democratie-au-myanmar\/\"]}]},{\"@type\":\"BreadcrumbList\",\"@id\":\"https:\/\/admin.industriall-union.org\/fr\/greve-nationale-pour-la-democratie-au-myanmar\/#breadcrumb\",\"itemListElement\":[{\"@type\":\"ListItem\",\"position\":1,\"name\":\"Home\",\"item\":\"https:\/\/admin.industriall-union.org\/\"},{\"@type\":\"ListItem\",\"position\":2,\"name\":\"Articles\",\"item\":\"https:\/\/admin.industriall-union.org\/article\/\"},{\"@type\":\"ListItem\",\"position\":3,\"name\":\"Gr\u00e8ve nationale pour la d\u00e9mocratie au Myanmar\"}]},{\"@type\":\"WebSite\",\"@id\":\"https:\/\/admin.industriall-union.org\/#website\",\"url\":\"https:\/\/admin.industriall-union.org\/\",\"name\":\"industriall-union\",\"description\":\"\",\"potentialAction\":[{\"@type\":\"SearchAction\",\"target\":{\"@type\":\"EntryPoint\",\"urlTemplate\":\"https:\/\/admin.industriall-union.org\/?s={search_term_string}\"},\"query-input\":{\"@type\":\"PropertyValueSpecification\",\"valueRequired\":true,\"valueName\":\"search_term_string\"}}],\"inLanguage\":\"fr-FR\"}]}<\/script>\n<!-- \/ Yoast SEO Premium plugin. -->","yoast_head_json":{"title":"Gr\u00e8ve nationale pour la d\u00e9mocratie au Myanmar - industriall-union","description":"La gr\u00e8ve g\u00e9n\u00e9rale &ldquo;des cinq deux&rdquo;, en r\u00e9f\u00e9rence \u00e0 la date du 22\/2\/2021, a \u00e9t\u00e9 d\u00e9clench\u00e9e par un comit\u00e9 de gr\u00e8ve g\u00e9n\u00e9rale compos\u00e9 de partis","robots":{"index":"index","follow":"follow","max-snippet":"max-snippet:-1","max-image-preview":"max-image-preview:large","max-video-preview":"max-video-preview:-1"},"canonical":"https:\/\/admin.industriall-union.org\/fr\/greve-nationale-pour-la-democratie-au-myanmar\/","og_locale":"fr_FR","og_type":"article","og_title":"Gr\u00e8ve nationale pour la d\u00e9mocratie au Myanmar","og_description":"La gr\u00e8ve g\u00e9n\u00e9rale &ldquo;des cinq deux&rdquo;, en r\u00e9f\u00e9rence \u00e0 la date du 22\/2\/2021, a \u00e9t\u00e9 d\u00e9clench\u00e9e par un comit\u00e9 de gr\u00e8ve g\u00e9n\u00e9rale compos\u00e9 de partis","og_url":"https:\/\/admin.industriall-union.org\/fr\/greve-nationale-pour-la-democratie-au-myanmar\/","og_site_name":"industriall-union","article_modified_time":"2025-01-28T23:35:40+00:00","twitter_card":"summary_large_image","twitter_misc":{"Est. reading time":"2 minutes"},"schema":{"@context":"https:\/\/schema.org","@graph":[{"@type":"WebPage","@id":"https:\/\/admin.industriall-union.org\/fr\/greve-nationale-pour-la-democratie-au-myanmar\/","url":"https:\/\/admin.industriall-union.org\/fr\/greve-nationale-pour-la-democratie-au-myanmar\/","name":"Gr\u00e8ve nationale pour la d\u00e9mocratie au Myanmar - industriall-union","isPartOf":{"@id":"https:\/\/admin.industriall-union.org\/#website"},"datePublished":"2021-02-22T14:49:42+00:00","dateModified":"2025-01-28T23:35:40+00:00","description":"La gr\u00e8ve g\u00e9n\u00e9rale &ldquo;des cinq deux&rdquo;, en r\u00e9f\u00e9rence \u00e0 la date du 22\/2\/2021, a \u00e9t\u00e9 d\u00e9clench\u00e9e par un comit\u00e9 de gr\u00e8ve g\u00e9n\u00e9rale compos\u00e9 de partis","breadcrumb":{"@id":"https:\/\/admin.industriall-union.org\/fr\/greve-nationale-pour-la-democratie-au-myanmar\/#breadcrumb"},"inLanguage":"fr-FR","potentialAction":[{"@type":"ReadAction","target":["https:\/\/admin.industriall-union.org\/fr\/greve-nationale-pour-la-democratie-au-myanmar\/"]}]},{"@type":"BreadcrumbList","@id":"https:\/\/admin.industriall-union.org\/fr\/greve-nationale-pour-la-democratie-au-myanmar\/#breadcrumb","itemListElement":[{"@type":"ListItem","position":1,"name":"Home","item":"https:\/\/admin.industriall-union.org\/"},{"@type":"ListItem","position":2,"name":"Articles","item":"https:\/\/admin.industriall-union.org\/article\/"},{"@type":"ListItem","position":3,"name":"Gr\u00e8ve nationale pour la d\u00e9mocratie au Myanmar"}]},{"@type":"WebSite","@id":"https:\/\/admin.industriall-union.org\/#website","url":"https:\/\/admin.industriall-union.org\/","name":"industriall-union","description":"","potentialAction":[{"@type":"SearchAction","target":{"@type":"EntryPoint","urlTemplate":"https:\/\/admin.industriall-union.org\/?s={search_term_string}"},"query-input":{"@type":"PropertyValueSpecification","valueRequired":true,"valueName":"search_term_string"}}],"inLanguage":"fr-FR"}]}},"_links":{"self":[{"href":"https:\/\/admin.industriall-union.org\/fr\/wp-json\/wp\/v2\/article\/144961","targetHints":{"allow":["GET"]}}],"collection":[{"href":"https:\/\/admin.industriall-union.org\/fr\/wp-json\/wp\/v2\/article"}],"about":[{"href":"https:\/\/admin.industriall-union.org\/fr\/wp-json\/wp\/v2\/types\/article"}],"wp:attachment":[{"href":"https:\/\/admin.industriall-union.org\/fr\/wp-json\/wp\/v2\/media?parent=144961"}],"wp:term":[{"taxonomy":"issues","embeddable":true,"href":"https:\/\/admin.industriall-union.org\/fr\/wp-json\/wp\/v2\/issues?post=144961"},{"taxonomy":"companies","embeddable":true,"href":"https:\/\/admin.industriall-union.org\/fr\/wp-json\/wp\/v2\/companies?post=144961"},{"taxonomy":"regions","embeddable":true,"href":"https:\/\/admin.industriall-union.org\/fr\/wp-json\/wp\/v2\/regions?post=144961"},{"taxonomy":"sectors","embeddable":true,"href":"https:\/\/admin.industriall-union.org\/fr\/wp-json\/wp\/v2\/sectors?post=144961"},{"taxonomy":"article_tags","embeddable":true,"href":"https:\/\/admin.industriall-union.org\/fr\/wp-json\/wp\/v2\/article_tags?post=144961"}],"curies":[{"name":"wp","href":"https:\/\/api.w.org\/{rel}","templated":true}]}}