{"id":144955,"date":"2021-03-01T13:53:17","date_gmt":"2021-03-01T13:53:17","guid":{"rendered":"https:\/\/admin.industriall-union.org\/les-syndicats-mongols-bloquent-la-hausse-des-primes-de-l-039-assurance-sociale\/"},"modified":"2025-01-28T22:40:16","modified_gmt":"2025-01-28T22:40:16","slug":"les-syndicats-mongols-bloquent-la-hausse-des-primes-de-l-039-assurance-sociale","status":"publish","type":"article","link":"https:\/\/admin.industriall-union.org\/fr\/les-syndicats-mongols-bloquent-la-hausse-des-primes-de-l-039-assurance-sociale\/","title":{"rendered":"Les syndicats mongols bloquent la hausse des primes de l&#039;assurance sociale"},"content":{"rendered":"<p>Le 26 f\u00e9vrier, alors qu&#039;il pr\u00e9sidait la r\u00e9union tripartite nationale avec des repr\u00e9sentants des syndicats et du patronat, le ministre mongol du Travail et de la Protection sociale, A. Ariunzaya, a c\u00e9d\u00e9 aux revendications des syndicats et annonc\u00e9 que le gouvernement renon\u00e7ait \u00e0 cette d\u00e9cision controvers\u00e9e.<\/p><p>En Mongolie, la couverture sociale comprend diverses prestations, dont les pensions, les accidents du travail, le ch\u00f4mage et l&#039;assurance-maladie. Avant l&#039;augmentation, les cotisations des employeurs et des salari\u00e9s \u00e9taient, respectivement, de 12,5 et 11,5 pour cent.<\/p><p>Le pr\u00e9sident de la F\u00e9d\u00e9ration des syndicats de travailleurs de l&#039;\u00e9nergie, de la g\u00e9ologie et des mines de Mongolie (MEGM), Buyanjargal Khuyag, a r\u00e9agi en ces termes :<\/p><blockquote><p>&quot;Nous remercions le gouvernement pour avoir entendu la voix des travailleurs. La majorit\u00e9 des travailleurs mongols sont oppos\u00e9s \u00e0 la hausse des primes parce qu&#039;ils ne peuvent b\u00e9n\u00e9ficier de beaucoup de prestations apr\u00e8s leur d\u00e9part \u00e0 la retraite, \u00e0 l&#039;\u00e2ge de 60 ans. La dur\u00e9e moyenne de vie en Mongolie est de 66 ans pour les hommes et 76 ans pour les femmes.&quot;<\/p><\/blockquote><figure class=\"imageArticle imageMedium\"><figcaption class=\"imageContent\">&nbsp;<\/figcaption><p>D\u00e9but f\u00e9vrier, la Conf\u00e9d\u00e9ration des syndicats mongols (CMTU) a mobilis\u00e9 les 200.000 adh\u00e9rents de ses 14 affili\u00e9s sectoriels et 22 r\u00e9gionaux et organis\u00e9 des manifestations nationales en ligne et sur le terrain pour demander au gouvernement de bloquer cette augmentation.<\/p><p>Les deux affili\u00e9s mongols d&#039;IndustriALL Global Union, la MEGM et la F\u00e9d\u00e9ration des syndicats mongols de travailleurs de l&#039;industrie (MITUF), sont affili\u00e9s \u00e0 la CMTU.<\/p><p>En collaboration avec la CMTU, toutes les branches de la MGEM ont lanc\u00e9 une p\u00e9tition pour stopper la hausse des primes; elle a r\u00e9colt\u00e9 4.759 signatures aupr\u00e8s des adh\u00e9rents de l&#039;\u00e9nergie et de la mine.<\/p><p>La MEGM a organis\u00e9 plusieurs r\u00e9unions en ligne avec des responsables de branches pour inciter les membres \u00e0 prendre des photos et les partager sur les r\u00e9seaux sociaux. Il leur est aussi demand\u00e9 d&#039;exprimer leurs pr\u00e9occupations dans des messages adress\u00e9s \u00e0 leurs d\u00e9put\u00e9s.<\/p><p>La secr\u00e9taire r\u00e9gionale d&#039;IndustriALL pour l&#039;Asie du Sud-est, Annie Adviento, a d\u00e9clar\u00e9 :<\/p><blockquote><p>&quot;Nous f\u00e9licitons nos affili\u00e9s pour cette victoire syndicale. Le gouvernement doit amender la loi pour permettre aux proches des travailleurs de b\u00e9n\u00e9ficier des prestations; les fonds de pension appartiennent aux travailleurs.&quot;&nbsp;<\/p><\/blockquote><\/figure>","protected":false},"featured_media":0,"template":"","issues":[398],"companies":[],"regions":[176],"sectors":[],"article_tags":[],"class_list":["post-144955","article","type-article","status-publish","hentry","issues-union-win","regions-mongolia"],"acf":[],"yoast_head":"<!-- This site is optimized with the Yoast SEO Premium plugin v27.1 (Yoast SEO v27.1) - https:\/\/yoast.com\/product\/yoast-seo-premium-wordpress\/ -->\n<title>Les syndicats mongols bloquent la hausse des primes de l&#039;assurance sociale - industriall-union<\/title>\n<meta name=\"description\" content=\"Le 26 f\u00e9vrier, alors qu&#039;il pr\u00e9sidait la r\u00e9union tripartite nationale avec des repr\u00e9sentants des syndicats et du patronat, le ministre mongol du\" \/>\n<meta name=\"robots\" content=\"index, follow, max-snippet:-1, max-image-preview:large, max-video-preview:-1\" \/>\n<link rel=\"canonical\" href=\"https:\/\/admin.industriall-union.org\/fr\/les-syndicats-mongols-bloquent-la-hausse-des-primes-de-l-039-assurance-sociale\/\" \/>\n<meta property=\"og:locale\" content=\"fr_FR\" \/>\n<meta property=\"og:type\" content=\"article\" \/>\n<meta property=\"og:title\" content=\"Les syndicats mongols bloquent la hausse des primes de l&#039;assurance sociale\" \/>\n<meta property=\"og:description\" content=\"Le 26 f\u00e9vrier, alors qu&#039;il pr\u00e9sidait la r\u00e9union tripartite nationale avec des repr\u00e9sentants des syndicats et du patronat, le ministre mongol du\" \/>\n<meta property=\"og:url\" content=\"https:\/\/admin.industriall-union.org\/fr\/les-syndicats-mongols-bloquent-la-hausse-des-primes-de-l-039-assurance-sociale\/\" \/>\n<meta property=\"og:site_name\" content=\"industriall-union\" \/>\n<meta property=\"article:modified_time\" content=\"2025-01-28T22:40:16+00:00\" \/>\n<meta name=\"twitter:card\" content=\"summary_large_image\" \/>\n<meta name=\"twitter:label1\" content=\"Est. reading time\" \/>\n\t<meta name=\"twitter:data1\" content=\"2 minutes\" \/>\n<script type=\"application\/ld+json\" class=\"yoast-schema-graph\">{\"@context\":\"https:\/\/schema.org\",\"@graph\":[{\"@type\":\"WebPage\",\"@id\":\"https:\/\/admin.industriall-union.org\/fr\/les-syndicats-mongols-bloquent-la-hausse-des-primes-de-l-039-assurance-sociale\/\",\"url\":\"https:\/\/admin.industriall-union.org\/fr\/les-syndicats-mongols-bloquent-la-hausse-des-primes-de-l-039-assurance-sociale\/\",\"name\":\"Les syndicats mongols bloquent la hausse des primes de l&#039;assurance sociale - industriall-union\",\"isPartOf\":{\"@id\":\"https:\/\/admin.industriall-union.org\/#website\"},\"datePublished\":\"2021-03-01T13:53:17+00:00\",\"dateModified\":\"2025-01-28T22:40:16+00:00\",\"description\":\"Le 26 f\u00e9vrier, alors qu&#039;il pr\u00e9sidait la r\u00e9union tripartite nationale avec des repr\u00e9sentants des syndicats et du patronat, le ministre mongol du\",\"breadcrumb\":{\"@id\":\"https:\/\/admin.industriall-union.org\/fr\/les-syndicats-mongols-bloquent-la-hausse-des-primes-de-l-039-assurance-sociale\/#breadcrumb\"},\"inLanguage\":\"fr-FR\",\"potentialAction\":[{\"@type\":\"ReadAction\",\"target\":[\"https:\/\/admin.industriall-union.org\/fr\/les-syndicats-mongols-bloquent-la-hausse-des-primes-de-l-039-assurance-sociale\/\"]}]},{\"@type\":\"BreadcrumbList\",\"@id\":\"https:\/\/admin.industriall-union.org\/fr\/les-syndicats-mongols-bloquent-la-hausse-des-primes-de-l-039-assurance-sociale\/#breadcrumb\",\"itemListElement\":[{\"@type\":\"ListItem\",\"position\":1,\"name\":\"Home\",\"item\":\"https:\/\/admin.industriall-union.org\/\"},{\"@type\":\"ListItem\",\"position\":2,\"name\":\"Articles\",\"item\":\"https:\/\/admin.industriall-union.org\/article\/\"},{\"@type\":\"ListItem\",\"position\":3,\"name\":\"Les syndicats mongols bloquent la hausse des primes de l&#039;assurance sociale\"}]},{\"@type\":\"WebSite\",\"@id\":\"https:\/\/admin.industriall-union.org\/#website\",\"url\":\"https:\/\/admin.industriall-union.org\/\",\"name\":\"industriall-union\",\"description\":\"\",\"potentialAction\":[{\"@type\":\"SearchAction\",\"target\":{\"@type\":\"EntryPoint\",\"urlTemplate\":\"https:\/\/admin.industriall-union.org\/?s={search_term_string}\"},\"query-input\":{\"@type\":\"PropertyValueSpecification\",\"valueRequired\":true,\"valueName\":\"search_term_string\"}}],\"inLanguage\":\"fr-FR\"}]}<\/script>\n<!-- \/ Yoast SEO Premium plugin. -->","yoast_head_json":{"title":"Les syndicats mongols bloquent la hausse des primes de l&#039;assurance sociale - industriall-union","description":"Le 26 f\u00e9vrier, alors qu&#039;il pr\u00e9sidait la r\u00e9union tripartite nationale avec des repr\u00e9sentants des syndicats et du patronat, le ministre mongol du","robots":{"index":"index","follow":"follow","max-snippet":"max-snippet:-1","max-image-preview":"max-image-preview:large","max-video-preview":"max-video-preview:-1"},"canonical":"https:\/\/admin.industriall-union.org\/fr\/les-syndicats-mongols-bloquent-la-hausse-des-primes-de-l-039-assurance-sociale\/","og_locale":"fr_FR","og_type":"article","og_title":"Les syndicats mongols bloquent la hausse des primes de l&#039;assurance sociale","og_description":"Le 26 f\u00e9vrier, alors qu&#039;il pr\u00e9sidait la r\u00e9union tripartite nationale avec des repr\u00e9sentants des syndicats et du patronat, le ministre mongol du","og_url":"https:\/\/admin.industriall-union.org\/fr\/les-syndicats-mongols-bloquent-la-hausse-des-primes-de-l-039-assurance-sociale\/","og_site_name":"industriall-union","article_modified_time":"2025-01-28T22:40:16+00:00","twitter_card":"summary_large_image","twitter_misc":{"Est. reading time":"2 minutes"},"schema":{"@context":"https:\/\/schema.org","@graph":[{"@type":"WebPage","@id":"https:\/\/admin.industriall-union.org\/fr\/les-syndicats-mongols-bloquent-la-hausse-des-primes-de-l-039-assurance-sociale\/","url":"https:\/\/admin.industriall-union.org\/fr\/les-syndicats-mongols-bloquent-la-hausse-des-primes-de-l-039-assurance-sociale\/","name":"Les syndicats mongols bloquent la hausse des primes de l&#039;assurance sociale - industriall-union","isPartOf":{"@id":"https:\/\/admin.industriall-union.org\/#website"},"datePublished":"2021-03-01T13:53:17+00:00","dateModified":"2025-01-28T22:40:16+00:00","description":"Le 26 f\u00e9vrier, alors qu&#039;il pr\u00e9sidait la r\u00e9union tripartite nationale avec des repr\u00e9sentants des syndicats et du patronat, le ministre mongol du","breadcrumb":{"@id":"https:\/\/admin.industriall-union.org\/fr\/les-syndicats-mongols-bloquent-la-hausse-des-primes-de-l-039-assurance-sociale\/#breadcrumb"},"inLanguage":"fr-FR","potentialAction":[{"@type":"ReadAction","target":["https:\/\/admin.industriall-union.org\/fr\/les-syndicats-mongols-bloquent-la-hausse-des-primes-de-l-039-assurance-sociale\/"]}]},{"@type":"BreadcrumbList","@id":"https:\/\/admin.industriall-union.org\/fr\/les-syndicats-mongols-bloquent-la-hausse-des-primes-de-l-039-assurance-sociale\/#breadcrumb","itemListElement":[{"@type":"ListItem","position":1,"name":"Home","item":"https:\/\/admin.industriall-union.org\/"},{"@type":"ListItem","position":2,"name":"Articles","item":"https:\/\/admin.industriall-union.org\/article\/"},{"@type":"ListItem","position":3,"name":"Les syndicats mongols bloquent la hausse des primes de l&#039;assurance sociale"}]},{"@type":"WebSite","@id":"https:\/\/admin.industriall-union.org\/#website","url":"https:\/\/admin.industriall-union.org\/","name":"industriall-union","description":"","potentialAction":[{"@type":"SearchAction","target":{"@type":"EntryPoint","urlTemplate":"https:\/\/admin.industriall-union.org\/?s={search_term_string}"},"query-input":{"@type":"PropertyValueSpecification","valueRequired":true,"valueName":"search_term_string"}}],"inLanguage":"fr-FR"}]}},"_links":{"self":[{"href":"https:\/\/admin.industriall-union.org\/fr\/wp-json\/wp\/v2\/article\/144955","targetHints":{"allow":["GET"]}}],"collection":[{"href":"https:\/\/admin.industriall-union.org\/fr\/wp-json\/wp\/v2\/article"}],"about":[{"href":"https:\/\/admin.industriall-union.org\/fr\/wp-json\/wp\/v2\/types\/article"}],"wp:attachment":[{"href":"https:\/\/admin.industriall-union.org\/fr\/wp-json\/wp\/v2\/media?parent=144955"}],"wp:term":[{"taxonomy":"issues","embeddable":true,"href":"https:\/\/admin.industriall-union.org\/fr\/wp-json\/wp\/v2\/issues?post=144955"},{"taxonomy":"companies","embeddable":true,"href":"https:\/\/admin.industriall-union.org\/fr\/wp-json\/wp\/v2\/companies?post=144955"},{"taxonomy":"regions","embeddable":true,"href":"https:\/\/admin.industriall-union.org\/fr\/wp-json\/wp\/v2\/regions?post=144955"},{"taxonomy":"sectors","embeddable":true,"href":"https:\/\/admin.industriall-union.org\/fr\/wp-json\/wp\/v2\/sectors?post=144955"},{"taxonomy":"article_tags","embeddable":true,"href":"https:\/\/admin.industriall-union.org\/fr\/wp-json\/wp\/v2\/article_tags?post=144955"}],"curies":[{"name":"wp","href":"https:\/\/api.w.org\/{rel}","templated":true}]}}