{"id":144954,"date":"2021-03-02T09:35:43","date_gmt":"2021-03-02T09:35:43","guid":{"rendered":"https:\/\/admin.industriall-union.org\/industriall-appelle-l-oit-et-l-ue-a-intervenir-en-bielorussie\/"},"modified":"2025-01-28T22:35:07","modified_gmt":"2025-01-28T22:35:07","slug":"industriall-appelle-l-oit-et-l-ue-a-intervenir-en-bielorussie","status":"publish","type":"article","link":"https:\/\/admin.industriall-union.org\/fr\/industriall-appelle-l-oit-et-l-ue-a-intervenir-en-bielorussie\/","title":{"rendered":"IndustriALL appelle l\u2019OIT et l\u2019UE \u00e0 intervenir en Bi\u00e9lorussie"},"content":{"rendered":"<p>IndustriALL Global Union d\u00e9nonce \u00e0 nouveau avec force les violations continues des droits fondamentaux de l&rsquo;homme et des travailleurs, les attaques contre les syndicats ind\u00e9pendants et la r\u00e9pression des dirigeants et militants syndicaux, en violation des normes internationales du travail, ratifi\u00e9es par la Bi\u00e9lorussie.<\/p><p>Les r\u00e9centes <a href=\"http:\/\/www.industriall-union.org\/industriall-condemns-brutal-raids-on-unions-in-belarus\">descentes de police dans les bureaux et domiciles de militants syndicaux<\/a> montrent clairement que les autorit\u00e9s tentent d&rsquo;intimider tout le monde afin de d\u00e9courager les gens de se battre en faveur de la d\u00e9mocratie et les droits de l&rsquo;homme.<\/p><p>Lors de la perquisition brutale du bureau de l&rsquo;affili\u00e9 d&rsquo;IndustriALL, le Syndicat des travailleurs de la radio et de l&rsquo;industrie \u00e9lectronique bi\u00e9lorusse (REP), la police a trouv\u00e9 une cartouche de fusil de chasse, qui, selon la direction du syndicat, avait \u00e9t\u00e9 dispos\u00e9e l\u00e0 pour justifier de nouvelles r\u00e9pressions. Cette d\u00e9couverte pourrait donner lieu \u00e0 des accusations d&rsquo;activit\u00e9 terroriste avec \u00e0 la cl\u00e9 emprisonnement \u00e0 vie ou peine de mort. Compte tenu des violations syst\u00e9matiques des droits de l&rsquo;homme et du manque de justice en Bi\u00e9lorussie, le Pr\u00e9sident du REP, Vassily Zavadsky, a quitt\u00e9 le pays pour \u00e9chapper \u00e0 une d\u00e9tention ill\u00e9gale tr\u00e8s probable.<\/p><p>Le Syndicat libre des m\u00e9tallurgistes (SPM), affili\u00e9 \u00e0 IndustriALL, a soulign\u00e9 que des contrats de travail dans des entreprises bi\u00e9lorusses comportent des clauses interdisant la participation \u00e0 des manifestations, la libert\u00e9 d&rsquo;opinion et sa libre expression, des violations sans pr\u00e9c\u00e9dent des droits de l&rsquo;homme et des travailleurs. C&rsquo;est le cas de la grande usine automobile publique de Minsk, qui emploie 15.000 travailleurs et exporte des v\u00e9hicules lourds dans des dizaines de pays partout dans le monde.<\/p><p>Les droits et libert\u00e9s qui nous concernent au premier chef, y compris la libert\u00e9 syndicale ou le droit d&rsquo;organiser des activit\u00e9s syndicales de mani\u00e8re ind\u00e9pendante, ne sont plus garantis. Le Syndicat ind\u00e9pendant bi\u00e9lorusse (BITU), affili\u00e9 \u00e0 IndustriALL, rapporte que les autorit\u00e9s <a href=\"http:\/\/www.industriall-union.org\/dismissals-and-threats-against-belarusian-steelworkers\">refusent l&rsquo;enregistrement de sections syndicats locales<\/a>, s&rsquo;agissant notamment de l&rsquo;usine sid\u00e9rurgique BMZ.<\/p><p>Dans un <a href=\"\/wp-content\/uploads\/documents\/2021\/BELARUS\/industriall_global_union_calls_on_the_ilo_for_urgent_intervention_in_belarus_01-03-2021.pdf\">courrier adress\u00e9 \u00e0 l&rsquo;OIT<\/a>, IndustriALL demande une intervention urgente, avec l&rsquo;adoption toutes les mesures possibles pour mettre fin \u00e0 l&rsquo;ing\u00e9rence des forces de l&rsquo;ordre dans les affaires des syndicats et \u00e0 la r\u00e9pression des dirigeants et des militants syndicaux ind\u00e9pendants.<\/p><p>Dans <a href=\"\/wp-content\/uploads\/documents\/2021\/BELARUS\/industriall_global_union_and_industriall_european_trade_union_letter_to_eu_commission_on_belarus_01-03-2021.pdf\">un courrier commun<\/a>, IndustriALL Global Union et IndustriAll Europe demandent \u00e0 la Commission europ\u00e9enne de revoir une fois de plus les relations politiques et \u00e9conomiques actuelles avec la Bi\u00e9lorussie et d&rsquo;utiliser toutes les mesures possibles pour mettre fin aux actes antid\u00e9mocratiques et violents ainsi qu&rsquo;aux attaques contre le mouvement syndical ind\u00e9pendant et pour exiger la lib\u00e9ration imm\u00e9diate de tous les dirigeants, militants et travailleurs des syndicats ind\u00e9pendants ainsi que le retrait de toutes les accusations port\u00e9es contre eux.<\/p><p>Le Secr\u00e9taire g\u00e9n\u00e9ral d&rsquo;IndustriALL, Valter Sanches, a d\u00e9clar\u00e9&nbsp;:<\/p><blockquote><p>&ldquo;Les syndicats ind\u00e9pendants et d\u00e9mocratiques jouent un r\u00f4le essentiel dans la promotion de la d\u00e9mocratie ainsi que dans la construction d&rsquo;une gouvernance et d&rsquo;une soci\u00e9t\u00e9 d\u00e9mocratiques dans tous les pays du monde&nbsp;; la Bi\u00e9lorussie ne fait pas exception. En cette p\u00e9riode importante et difficile de soul\u00e8vement du mouvement pro-d\u00e9mocratie bi\u00e9lorusse, suivi de sa r\u00e9pression, le mouvement syndical ind\u00e9pendant doit \u00eatre soutenu par une intervention politique de haut niveau de la part de l&rsquo;Union europ\u00e9enne.&rdquo;<\/p><\/blockquote>","protected":false},"featured_media":0,"template":"","issues":[422,424,425],"companies":[],"regions":[207],"sectors":[],"article_tags":[],"class_list":["post-144954","article","type-article","status-publish","hentry","issues-human-trade-union-rights","issues-violation","issues-workers-rights","regions-belarus"],"acf":[],"yoast_head":"<!-- This site is optimized with the Yoast SEO Premium plugin v27.1 (Yoast SEO v27.1) - https:\/\/yoast.com\/product\/yoast-seo-premium-wordpress\/ -->\n<title>IndustriALL appelle l\u2019OIT et l\u2019UE \u00e0 intervenir en Bi\u00e9lorussie - industriall-union<\/title>\n<meta name=\"description\" content=\"IndustriALL Global Union d\u00e9nonce \u00e0 nouveau avec force les violations continues des droits fondamentaux de l&rsquo;homme et des travailleurs, les attaques\" \/>\n<meta name=\"robots\" content=\"index, follow, max-snippet:-1, max-image-preview:large, max-video-preview:-1\" \/>\n<link rel=\"canonical\" href=\"https:\/\/admin.industriall-union.org\/fr\/industriall-appelle-l-oit-et-l-ue-a-intervenir-en-bielorussie\/\" \/>\n<meta property=\"og:locale\" content=\"fr_FR\" \/>\n<meta property=\"og:type\" content=\"article\" \/>\n<meta property=\"og:title\" content=\"IndustriALL appelle l\u2019OIT et l\u2019UE \u00e0 intervenir en Bi\u00e9lorussie\" \/>\n<meta property=\"og:description\" content=\"IndustriALL Global Union d\u00e9nonce \u00e0 nouveau avec force les violations continues des droits fondamentaux de l&rsquo;homme et des travailleurs, les attaques\" \/>\n<meta property=\"og:url\" content=\"https:\/\/admin.industriall-union.org\/fr\/industriall-appelle-l-oit-et-l-ue-a-intervenir-en-bielorussie\/\" \/>\n<meta property=\"og:site_name\" content=\"industriall-union\" \/>\n<meta property=\"article:modified_time\" content=\"2025-01-28T22:35:07+00:00\" \/>\n<meta name=\"twitter:card\" content=\"summary_large_image\" \/>\n<meta name=\"twitter:label1\" content=\"Est. reading time\" \/>\n\t<meta name=\"twitter:data1\" content=\"3 minutes\" \/>\n<script type=\"application\/ld+json\" class=\"yoast-schema-graph\">{\"@context\":\"https:\/\/schema.org\",\"@graph\":[{\"@type\":\"WebPage\",\"@id\":\"https:\/\/admin.industriall-union.org\/fr\/industriall-appelle-l-oit-et-l-ue-a-intervenir-en-bielorussie\/\",\"url\":\"https:\/\/admin.industriall-union.org\/fr\/industriall-appelle-l-oit-et-l-ue-a-intervenir-en-bielorussie\/\",\"name\":\"IndustriALL appelle l\u2019OIT et l\u2019UE \u00e0 intervenir en Bi\u00e9lorussie - industriall-union\",\"isPartOf\":{\"@id\":\"https:\/\/admin.industriall-union.org\/#website\"},\"datePublished\":\"2021-03-02T09:35:43+00:00\",\"dateModified\":\"2025-01-28T22:35:07+00:00\",\"description\":\"IndustriALL Global Union d\u00e9nonce \u00e0 nouveau avec force les violations continues des droits fondamentaux de l&rsquo;homme et des travailleurs, les attaques\",\"breadcrumb\":{\"@id\":\"https:\/\/admin.industriall-union.org\/fr\/industriall-appelle-l-oit-et-l-ue-a-intervenir-en-bielorussie\/#breadcrumb\"},\"inLanguage\":\"fr-FR\",\"potentialAction\":[{\"@type\":\"ReadAction\",\"target\":[\"https:\/\/admin.industriall-union.org\/fr\/industriall-appelle-l-oit-et-l-ue-a-intervenir-en-bielorussie\/\"]}]},{\"@type\":\"BreadcrumbList\",\"@id\":\"https:\/\/admin.industriall-union.org\/fr\/industriall-appelle-l-oit-et-l-ue-a-intervenir-en-bielorussie\/#breadcrumb\",\"itemListElement\":[{\"@type\":\"ListItem\",\"position\":1,\"name\":\"Home\",\"item\":\"https:\/\/admin.industriall-union.org\/\"},{\"@type\":\"ListItem\",\"position\":2,\"name\":\"Articles\",\"item\":\"https:\/\/admin.industriall-union.org\/article\/\"},{\"@type\":\"ListItem\",\"position\":3,\"name\":\"IndustriALL appelle l\u2019OIT et l\u2019UE \u00e0 intervenir en Bi\u00e9lorussie\"}]},{\"@type\":\"WebSite\",\"@id\":\"https:\/\/admin.industriall-union.org\/#website\",\"url\":\"https:\/\/admin.industriall-union.org\/\",\"name\":\"industriall-union\",\"description\":\"\",\"potentialAction\":[{\"@type\":\"SearchAction\",\"target\":{\"@type\":\"EntryPoint\",\"urlTemplate\":\"https:\/\/admin.industriall-union.org\/?s={search_term_string}\"},\"query-input\":{\"@type\":\"PropertyValueSpecification\",\"valueRequired\":true,\"valueName\":\"search_term_string\"}}],\"inLanguage\":\"fr-FR\"}]}<\/script>\n<!-- \/ Yoast SEO Premium plugin. -->","yoast_head_json":{"title":"IndustriALL appelle l\u2019OIT et l\u2019UE \u00e0 intervenir en Bi\u00e9lorussie - industriall-union","description":"IndustriALL Global Union d\u00e9nonce \u00e0 nouveau avec force les violations continues des droits fondamentaux de l&rsquo;homme et des travailleurs, les attaques","robots":{"index":"index","follow":"follow","max-snippet":"max-snippet:-1","max-image-preview":"max-image-preview:large","max-video-preview":"max-video-preview:-1"},"canonical":"https:\/\/admin.industriall-union.org\/fr\/industriall-appelle-l-oit-et-l-ue-a-intervenir-en-bielorussie\/","og_locale":"fr_FR","og_type":"article","og_title":"IndustriALL appelle l\u2019OIT et l\u2019UE \u00e0 intervenir en Bi\u00e9lorussie","og_description":"IndustriALL Global Union d\u00e9nonce \u00e0 nouveau avec force les violations continues des droits fondamentaux de l&rsquo;homme et des travailleurs, les attaques","og_url":"https:\/\/admin.industriall-union.org\/fr\/industriall-appelle-l-oit-et-l-ue-a-intervenir-en-bielorussie\/","og_site_name":"industriall-union","article_modified_time":"2025-01-28T22:35:07+00:00","twitter_card":"summary_large_image","twitter_misc":{"Est. reading time":"3 minutes"},"schema":{"@context":"https:\/\/schema.org","@graph":[{"@type":"WebPage","@id":"https:\/\/admin.industriall-union.org\/fr\/industriall-appelle-l-oit-et-l-ue-a-intervenir-en-bielorussie\/","url":"https:\/\/admin.industriall-union.org\/fr\/industriall-appelle-l-oit-et-l-ue-a-intervenir-en-bielorussie\/","name":"IndustriALL appelle l\u2019OIT et l\u2019UE \u00e0 intervenir en Bi\u00e9lorussie - industriall-union","isPartOf":{"@id":"https:\/\/admin.industriall-union.org\/#website"},"datePublished":"2021-03-02T09:35:43+00:00","dateModified":"2025-01-28T22:35:07+00:00","description":"IndustriALL Global Union d\u00e9nonce \u00e0 nouveau avec force les violations continues des droits fondamentaux de l&rsquo;homme et des travailleurs, les attaques","breadcrumb":{"@id":"https:\/\/admin.industriall-union.org\/fr\/industriall-appelle-l-oit-et-l-ue-a-intervenir-en-bielorussie\/#breadcrumb"},"inLanguage":"fr-FR","potentialAction":[{"@type":"ReadAction","target":["https:\/\/admin.industriall-union.org\/fr\/industriall-appelle-l-oit-et-l-ue-a-intervenir-en-bielorussie\/"]}]},{"@type":"BreadcrumbList","@id":"https:\/\/admin.industriall-union.org\/fr\/industriall-appelle-l-oit-et-l-ue-a-intervenir-en-bielorussie\/#breadcrumb","itemListElement":[{"@type":"ListItem","position":1,"name":"Home","item":"https:\/\/admin.industriall-union.org\/"},{"@type":"ListItem","position":2,"name":"Articles","item":"https:\/\/admin.industriall-union.org\/article\/"},{"@type":"ListItem","position":3,"name":"IndustriALL appelle l\u2019OIT et l\u2019UE \u00e0 intervenir en Bi\u00e9lorussie"}]},{"@type":"WebSite","@id":"https:\/\/admin.industriall-union.org\/#website","url":"https:\/\/admin.industriall-union.org\/","name":"industriall-union","description":"","potentialAction":[{"@type":"SearchAction","target":{"@type":"EntryPoint","urlTemplate":"https:\/\/admin.industriall-union.org\/?s={search_term_string}"},"query-input":{"@type":"PropertyValueSpecification","valueRequired":true,"valueName":"search_term_string"}}],"inLanguage":"fr-FR"}]}},"_links":{"self":[{"href":"https:\/\/admin.industriall-union.org\/fr\/wp-json\/wp\/v2\/article\/144954","targetHints":{"allow":["GET"]}}],"collection":[{"href":"https:\/\/admin.industriall-union.org\/fr\/wp-json\/wp\/v2\/article"}],"about":[{"href":"https:\/\/admin.industriall-union.org\/fr\/wp-json\/wp\/v2\/types\/article"}],"wp:attachment":[{"href":"https:\/\/admin.industriall-union.org\/fr\/wp-json\/wp\/v2\/media?parent=144954"}],"wp:term":[{"taxonomy":"issues","embeddable":true,"href":"https:\/\/admin.industriall-union.org\/fr\/wp-json\/wp\/v2\/issues?post=144954"},{"taxonomy":"companies","embeddable":true,"href":"https:\/\/admin.industriall-union.org\/fr\/wp-json\/wp\/v2\/companies?post=144954"},{"taxonomy":"regions","embeddable":true,"href":"https:\/\/admin.industriall-union.org\/fr\/wp-json\/wp\/v2\/regions?post=144954"},{"taxonomy":"sectors","embeddable":true,"href":"https:\/\/admin.industriall-union.org\/fr\/wp-json\/wp\/v2\/sectors?post=144954"},{"taxonomy":"article_tags","embeddable":true,"href":"https:\/\/admin.industriall-union.org\/fr\/wp-json\/wp\/v2\/article_tags?post=144954"}],"curies":[{"name":"wp","href":"https:\/\/api.w.org\/{rel}","templated":true}]}}