{"id":144935,"date":"2021-03-04T15:36:51","date_gmt":"2021-03-04T15:36:51","guid":{"rendered":"https:\/\/admin.industriall-union.org\/colombie-sintracarbon-se-bat-pour-450-emplois-a-cerrejon\/"},"modified":"2025-01-28T21:50:24","modified_gmt":"2025-01-28T21:50:24","slug":"colombie-sintracarbon-se-bat-pour-450-emplois-a-cerrejon","status":"publish","type":"article","link":"https:\/\/admin.industriall-union.org\/fr\/colombie-sintracarbon-se-bat-pour-450-emplois-a-cerrejon\/","title":{"rendered":"Colombie : Sintracarb\u00f3n se bat pour 450 emplois \u00e0 Cerrej\u00f3n"},"content":{"rendered":"<p>Selon l&rsquo;affili\u00e9 colombien d&rsquo;IndustriALL, Sintracarb\u00f3n, Cerrej\u00f3n a, ce 23 f\u00e9vrier, menac\u00e9 450 travailleurs de licenciement s&rsquo;ils n&rsquo;acceptaient pas de partir \u00e0 la retraite. Certains de ces travailleurs souffrent de probl\u00e8mes li\u00e9s \u00e0 la sant\u00e9 au travail.<\/p><p>Selon Sintracarb\u00f3n, Cerrej\u00f3n a recrut\u00e9 un cabinet d&rsquo;avocats pour communiquer avec les travailleurs au lieu d&rsquo;engager un dialogue en toute bonne foi avec le syndicat. L&rsquo;entreprise propose une somme aux travailleurs&nbsp;; si ceux-ci l&rsquo;acceptent, on parle alors d&rsquo;accord mutuel. S&rsquo;ils n&rsquo;acceptent pas, ils seront licenci\u00e9s sans motif valable et la somme sera inf\u00e9rieure. Les travailleurs n&rsquo;ont que deux heures pour prendre une d\u00e9cision.<\/p><blockquote><p>&ldquo;Nous rejetons ce massacre injustifi\u00e9 sur l&rsquo;emploi. Le Comit\u00e9 ex\u00e9cutif national de Sintracarb\u00f3n vient de se r\u00e9unir et \u00e9value les mesures politiques ou juridiques \u00e0 prendre,&rdquo;<\/p><\/blockquote><p>a indiqu\u00e9 Igor Diaz, Pr\u00e9sident de Sintracarb\u00f3n.<\/p><p>Cerrej\u00f3n, propri\u00e9t\u00e9 des multinationales Glencore, BHP et Anglo American, et Sintracarb\u00f3n ont sign\u00e9 une convention collective en novembre 2020, mettant fin \u00e0 un conflit de 91 jours. Les travailleurs avaient lanc\u00e9 une gr\u00e8ve historique pour d\u00e9fendre leur convention collective. En outre, le syndicat a rejet\u00e9 un horaire de travail qui aurait affect\u00e9 la sant\u00e9 des travailleurs et supprim\u00e9 1.250 emplois.<\/p><p>Sintracarb\u00f3n affirme que l&rsquo;entreprise a cherch\u00e9 des moyens de r\u00e9duire le personnel pour \u00e9conomiser sur ses frais. Cependant, le syndicat estime que les prix du charbon ont commenc\u00e9 \u00e0 remonter et que, jusqu&rsquo;\u00e0 pr\u00e9sent en 2021, la soci\u00e9t\u00e9 a enregistr\u00e9 des revenus de 124,5 millions de dollars, avec des b\u00e9n\u00e9fices sup\u00e9rieurs \u00e0 37,9 millions de dollars, tout en exportant 2,5 millions de tonnes de charbon.<\/p><p>Selon Igor Diaz, cela montre que &ldquo;l&rsquo;entreprise est et continuera d&rsquo;\u00eatre viable sur le march\u00e9 international du charbon&rdquo;.<\/p><p>Dans une lettre adress\u00e9e \u00e0 Cerrej\u00f3n, le Secr\u00e9taire g\u00e9n\u00e9ral d&rsquo;IndustriALL, Valter Sanches, appelle l&rsquo;entreprise \u00e0 renoncer \u00e0 ses pratiques d\u00e9loyales en mati\u00e8re de relations sociales.<\/p><blockquote><p>&ldquo;Nous demandons instamment \u00e0 Carbones del Cerrej\u00f3n Limited d&rsquo;agir de bonne foi, conform\u00e9ment \u00e0 la convention collective en vigueur, et de tenir compte de la contribution et du sacrifice inestimables des travailleurs, tant pour la rentabilit\u00e9 que pour la viabilit\u00e9 de l&rsquo;entreprise.<\/p><p>Nous vous demandons de revenir sur ces licenciements de masse et d&rsquo;abandonner les changements introduits dans les rotations des \u00e9quipes au d\u00e9but de cette ann\u00e9e, car nous pensons qu&rsquo;ils ont entra\u00een\u00e9 une r\u00e9duction de la main-d&rsquo;\u0153uvre,&rdquo;<\/p><\/blockquote><p>a \u00e9crit Valter Sanches.<\/p>","protected":false},"featured_media":0,"template":"","issues":[422,420,425],"companies":[8,18,60],"regions":[264,254],"sectors":[442],"article_tags":[533],"class_list":["post-144935","article","type-article","status-publish","hentry","issues-human-trade-union-rights","issues-solidarity","issues-workers-rights","companies-angloamerican","companies-bhp","companies-glencore","regions-colombia","regions-latin-america-and-the-caribbean","sectors-mineria-y-dgojp","article_tags-unemployment"],"acf":[],"yoast_head":"<!-- This site is optimized with the Yoast SEO Premium plugin v27.1 (Yoast SEO v27.1) - https:\/\/yoast.com\/product\/yoast-seo-premium-wordpress\/ -->\n<title>Colombie : Sintracarb\u00f3n se bat pour 450 emplois \u00e0 Cerrej\u00f3n - industriall-union<\/title>\n<meta name=\"description\" content=\"Selon l&rsquo;affili\u00e9 colombien d&rsquo;IndustriALL, Sintracarb\u00f3n, Cerrej\u00f3n a, ce 23 f\u00e9vrier, menac\u00e9 450 travailleurs de licenciement s&rsquo;ils\" \/>\n<meta name=\"robots\" content=\"index, follow, max-snippet:-1, max-image-preview:large, max-video-preview:-1\" \/>\n<link rel=\"canonical\" href=\"https:\/\/admin.industriall-union.org\/fr\/colombie-sintracarbon-se-bat-pour-450-emplois-a-cerrejon\/\" \/>\n<meta property=\"og:locale\" content=\"fr_FR\" \/>\n<meta property=\"og:type\" content=\"article\" \/>\n<meta property=\"og:title\" content=\"Colombie : Sintracarb\u00f3n se bat pour 450 emplois \u00e0 Cerrej\u00f3n\" \/>\n<meta property=\"og:description\" content=\"Selon l&rsquo;affili\u00e9 colombien d&rsquo;IndustriALL, Sintracarb\u00f3n, Cerrej\u00f3n a, ce 23 f\u00e9vrier, menac\u00e9 450 travailleurs de licenciement s&rsquo;ils\" \/>\n<meta property=\"og:url\" content=\"https:\/\/admin.industriall-union.org\/fr\/colombie-sintracarbon-se-bat-pour-450-emplois-a-cerrejon\/\" \/>\n<meta property=\"og:site_name\" content=\"industriall-union\" \/>\n<meta property=\"article:modified_time\" content=\"2025-01-28T21:50:24+00:00\" \/>\n<meta name=\"twitter:card\" content=\"summary_large_image\" \/>\n<meta name=\"twitter:label1\" content=\"Est. reading time\" \/>\n\t<meta name=\"twitter:data1\" content=\"2 minutes\" \/>\n<script type=\"application\/ld+json\" class=\"yoast-schema-graph\">{\"@context\":\"https:\/\/schema.org\",\"@graph\":[{\"@type\":\"WebPage\",\"@id\":\"https:\/\/admin.industriall-union.org\/fr\/colombie-sintracarbon-se-bat-pour-450-emplois-a-cerrejon\/\",\"url\":\"https:\/\/admin.industriall-union.org\/fr\/colombie-sintracarbon-se-bat-pour-450-emplois-a-cerrejon\/\",\"name\":\"Colombie : Sintracarb\u00f3n se bat pour 450 emplois \u00e0 Cerrej\u00f3n - industriall-union\",\"isPartOf\":{\"@id\":\"https:\/\/admin.industriall-union.org\/#website\"},\"datePublished\":\"2021-03-04T15:36:51+00:00\",\"dateModified\":\"2025-01-28T21:50:24+00:00\",\"description\":\"Selon l&rsquo;affili\u00e9 colombien d&rsquo;IndustriALL, Sintracarb\u00f3n, Cerrej\u00f3n a, ce 23 f\u00e9vrier, menac\u00e9 450 travailleurs de licenciement s&rsquo;ils\",\"breadcrumb\":{\"@id\":\"https:\/\/admin.industriall-union.org\/fr\/colombie-sintracarbon-se-bat-pour-450-emplois-a-cerrejon\/#breadcrumb\"},\"inLanguage\":\"fr-FR\",\"potentialAction\":[{\"@type\":\"ReadAction\",\"target\":[\"https:\/\/admin.industriall-union.org\/fr\/colombie-sintracarbon-se-bat-pour-450-emplois-a-cerrejon\/\"]}]},{\"@type\":\"BreadcrumbList\",\"@id\":\"https:\/\/admin.industriall-union.org\/fr\/colombie-sintracarbon-se-bat-pour-450-emplois-a-cerrejon\/#breadcrumb\",\"itemListElement\":[{\"@type\":\"ListItem\",\"position\":1,\"name\":\"Home\",\"item\":\"https:\/\/admin.industriall-union.org\/\"},{\"@type\":\"ListItem\",\"position\":2,\"name\":\"Articles\",\"item\":\"https:\/\/admin.industriall-union.org\/article\/\"},{\"@type\":\"ListItem\",\"position\":3,\"name\":\"Colombie : Sintracarb\u00f3n se bat pour 450 emplois \u00e0 Cerrej\u00f3n\"}]},{\"@type\":\"WebSite\",\"@id\":\"https:\/\/admin.industriall-union.org\/#website\",\"url\":\"https:\/\/admin.industriall-union.org\/\",\"name\":\"industriall-union\",\"description\":\"\",\"potentialAction\":[{\"@type\":\"SearchAction\",\"target\":{\"@type\":\"EntryPoint\",\"urlTemplate\":\"https:\/\/admin.industriall-union.org\/?s={search_term_string}\"},\"query-input\":{\"@type\":\"PropertyValueSpecification\",\"valueRequired\":true,\"valueName\":\"search_term_string\"}}],\"inLanguage\":\"fr-FR\"}]}<\/script>\n<!-- \/ Yoast SEO Premium plugin. -->","yoast_head_json":{"title":"Colombie : Sintracarb\u00f3n se bat pour 450 emplois \u00e0 Cerrej\u00f3n - industriall-union","description":"Selon l&rsquo;affili\u00e9 colombien d&rsquo;IndustriALL, Sintracarb\u00f3n, Cerrej\u00f3n a, ce 23 f\u00e9vrier, menac\u00e9 450 travailleurs de licenciement s&rsquo;ils","robots":{"index":"index","follow":"follow","max-snippet":"max-snippet:-1","max-image-preview":"max-image-preview:large","max-video-preview":"max-video-preview:-1"},"canonical":"https:\/\/admin.industriall-union.org\/fr\/colombie-sintracarbon-se-bat-pour-450-emplois-a-cerrejon\/","og_locale":"fr_FR","og_type":"article","og_title":"Colombie : Sintracarb\u00f3n se bat pour 450 emplois \u00e0 Cerrej\u00f3n","og_description":"Selon l&rsquo;affili\u00e9 colombien d&rsquo;IndustriALL, Sintracarb\u00f3n, Cerrej\u00f3n a, ce 23 f\u00e9vrier, menac\u00e9 450 travailleurs de licenciement s&rsquo;ils","og_url":"https:\/\/admin.industriall-union.org\/fr\/colombie-sintracarbon-se-bat-pour-450-emplois-a-cerrejon\/","og_site_name":"industriall-union","article_modified_time":"2025-01-28T21:50:24+00:00","twitter_card":"summary_large_image","twitter_misc":{"Est. reading time":"2 minutes"},"schema":{"@context":"https:\/\/schema.org","@graph":[{"@type":"WebPage","@id":"https:\/\/admin.industriall-union.org\/fr\/colombie-sintracarbon-se-bat-pour-450-emplois-a-cerrejon\/","url":"https:\/\/admin.industriall-union.org\/fr\/colombie-sintracarbon-se-bat-pour-450-emplois-a-cerrejon\/","name":"Colombie : Sintracarb\u00f3n se bat pour 450 emplois \u00e0 Cerrej\u00f3n - industriall-union","isPartOf":{"@id":"https:\/\/admin.industriall-union.org\/#website"},"datePublished":"2021-03-04T15:36:51+00:00","dateModified":"2025-01-28T21:50:24+00:00","description":"Selon l&rsquo;affili\u00e9 colombien d&rsquo;IndustriALL, Sintracarb\u00f3n, Cerrej\u00f3n a, ce 23 f\u00e9vrier, menac\u00e9 450 travailleurs de licenciement s&rsquo;ils","breadcrumb":{"@id":"https:\/\/admin.industriall-union.org\/fr\/colombie-sintracarbon-se-bat-pour-450-emplois-a-cerrejon\/#breadcrumb"},"inLanguage":"fr-FR","potentialAction":[{"@type":"ReadAction","target":["https:\/\/admin.industriall-union.org\/fr\/colombie-sintracarbon-se-bat-pour-450-emplois-a-cerrejon\/"]}]},{"@type":"BreadcrumbList","@id":"https:\/\/admin.industriall-union.org\/fr\/colombie-sintracarbon-se-bat-pour-450-emplois-a-cerrejon\/#breadcrumb","itemListElement":[{"@type":"ListItem","position":1,"name":"Home","item":"https:\/\/admin.industriall-union.org\/"},{"@type":"ListItem","position":2,"name":"Articles","item":"https:\/\/admin.industriall-union.org\/article\/"},{"@type":"ListItem","position":3,"name":"Colombie : Sintracarb\u00f3n se bat pour 450 emplois \u00e0 Cerrej\u00f3n"}]},{"@type":"WebSite","@id":"https:\/\/admin.industriall-union.org\/#website","url":"https:\/\/admin.industriall-union.org\/","name":"industriall-union","description":"","potentialAction":[{"@type":"SearchAction","target":{"@type":"EntryPoint","urlTemplate":"https:\/\/admin.industriall-union.org\/?s={search_term_string}"},"query-input":{"@type":"PropertyValueSpecification","valueRequired":true,"valueName":"search_term_string"}}],"inLanguage":"fr-FR"}]}},"_links":{"self":[{"href":"https:\/\/admin.industriall-union.org\/fr\/wp-json\/wp\/v2\/article\/144935","targetHints":{"allow":["GET"]}}],"collection":[{"href":"https:\/\/admin.industriall-union.org\/fr\/wp-json\/wp\/v2\/article"}],"about":[{"href":"https:\/\/admin.industriall-union.org\/fr\/wp-json\/wp\/v2\/types\/article"}],"wp:attachment":[{"href":"https:\/\/admin.industriall-union.org\/fr\/wp-json\/wp\/v2\/media?parent=144935"}],"wp:term":[{"taxonomy":"issues","embeddable":true,"href":"https:\/\/admin.industriall-union.org\/fr\/wp-json\/wp\/v2\/issues?post=144935"},{"taxonomy":"companies","embeddable":true,"href":"https:\/\/admin.industriall-union.org\/fr\/wp-json\/wp\/v2\/companies?post=144935"},{"taxonomy":"regions","embeddable":true,"href":"https:\/\/admin.industriall-union.org\/fr\/wp-json\/wp\/v2\/regions?post=144935"},{"taxonomy":"sectors","embeddable":true,"href":"https:\/\/admin.industriall-union.org\/fr\/wp-json\/wp\/v2\/sectors?post=144935"},{"taxonomy":"article_tags","embeddable":true,"href":"https:\/\/admin.industriall-union.org\/fr\/wp-json\/wp\/v2\/article_tags?post=144935"}],"curies":[{"name":"wp","href":"https:\/\/api.w.org\/{rel}","templated":true}]}}