{"id":144934,"date":"2021-03-05T06:42:57","date_gmt":"2021-03-05T06:42:57","guid":{"rendered":"https:\/\/admin.industriall-union.org\/apres-une-campagne-syndicale-la-coree-du-sud-ratifie-des-conventions-fondamentales-de-l-039-oit\/"},"modified":"2025-01-28T21:45:39","modified_gmt":"2025-01-28T21:45:39","slug":"apres-une-campagne-syndicale-la-coree-du-sud-ratifie-des-conventions-fondamentales-de-l-039-oit","status":"publish","type":"article","link":"https:\/\/admin.industriall-union.org\/fr\/apres-une-campagne-syndicale-la-coree-du-sud-ratifie-des-conventions-fondamentales-de-l-039-oit\/","title":{"rendered":"Apr\u00e8s une campagne syndicale, la Cor\u00e9e du Sud ratifie des conventions fondamentales de l&#039;OIT"},"content":{"rendered":"<p>La Conf\u00e9d\u00e9ration cor\u00e9enne des syndicats (KCTU) et la F\u00e9d\u00e9ration des syndicats cor\u00e9ens (FKTU) n&#039;ont cess\u00e9 de faire campagne pour la ratification des conventions fondamentales de l&#039;OIT. Le 21 octobre 2020, elles avaient donn\u00e9 ensemble une conf\u00e9rence de presse pour demander au gouvernement de ratifier les conventions 87 et 98.<\/p><p>Pour ratifier la convention 87 sur la libert\u00e9 syndicale, la convention 98 sur le droit d&#039;organisation et de n\u00e9gociation collective et la convention 29 sur le travail forc\u00e9, le gouvernement sud-cor\u00e9en devra prendre des mesures pour r\u00e9former sa l\u00e9gislation du travail et prot\u00e9ger les droits des travailleurs.<\/p><p>Kim Man Jae, le pr\u00e9sident de la F\u00e9d\u00e9ration des syndicats cor\u00e9ens de travailleurs de la m\u00e9tallurgie (FKMTU), a d\u00e9clar\u00e9 :<\/p><blockquote><p>&quot;Nous continuerons \u00e0 nous battre pour la ratification de la convention 105 sur l&#039;abolition du travail forc\u00e9. Le gouvernement doit maintenant r\u00e9viser la loi sur les syndicats et cesser ses ing\u00e9rences excessives dans les relations professionnelles.&quot;<\/p><\/blockquote><p>L&#039;Union europ\u00e9enne a fait pression sur le gouvernement sud-cor\u00e9en pour qu&#039;il ratifie les conventions fondamentales de l&#039;OIT comme en t\u00e9moigne l&#039;accord de libre-\u00e9change entre l&#039;UE et la Cor\u00e9e, en vigueur depuis 2011.<\/p><figure class=\"imageArticle imageFull\"><img decoding=\"async\" alt=\"\" src=\"\" style=\"width: 960px;height: 641px\" \/><figcaption class=\"imageContent\">&nbsp;<\/figcaption><\/figure><p>Le 25 janvier de cette ann\u00e9e, un groupe d&#039;experts de l&#039;UE a conclu que le gouvernement cor\u00e9en viole les engagements pris en mati\u00e8re de travail par cet accord.<\/p><p>Kim Ho Gyu, le pr\u00e9sident du Syndicat des travailleurs cor\u00e9ens de la m\u00e9tallurgie (KMWU), d\u00e9clare :<\/p><blockquote><p>&quot;Les conventions ratifi\u00e9es sont des jalons importants d&#039;une r\u00e9forme g\u00e9n\u00e9rale du droit du travail qui met fin \u00e0 l&#039;antisyndicalisme, impose la libert\u00e9 syndicale en droit et dans la pratique et garantit les droits syndicaux des organisations de branche.&quot;<\/p><p>&quot;Nous remercions le mouvement syndical international pour sa solidarit\u00e9 pendant nos trente ann\u00e9es de lutte pour la ratification des conventions de l&#039;OIT. Nous promettons que le KMWU poursuivra la lutte dans toutes les cha\u00eenes d&#039;approvisionnement des chaebols cor\u00e9ens.&quot;<\/p><\/blockquote><p>La Conf\u00e9d\u00e9ration syndicale internationale (CSI), la Conf\u00e9d\u00e9ration europ\u00e9enne des syndicats (CES) et la F\u00e9d\u00e9ration internationale des droits de l&#039;homme (FIDH) avaient pos\u00e9 officiellement la question au groupe d&#039;experts le 15 janvier 2020.<\/p><p>Le secr\u00e9taire g\u00e9n\u00e9ral d&#039;IndustriALL, Valter Sanches, conclut en ces termes :<\/p><blockquote><p>&quot;La longue histoire des violations des droits des travailleurs en Cor\u00e9e semble \u00eatre termin\u00e9e gr\u00e2ce \u00e0 la lutte historique infatigable et \u00e0 la campagne des syndicats cor\u00e9ens qui ont permis cette grande victoire.<\/p><\/blockquote><div><blockquote><p>Nous nous f\u00e9licitons de la ratification de ces conventions fondamentales de l&#039;OIT et nous esp\u00e9rons que le gouvernement sud-cor\u00e9en va rapidement amender la l\u00e9gislation du travail en cons\u00e9quence et, plus encore, qu&#039;il appliquera les dispositions des conventions.&quot;<\/p><\/blockquote><\/div>","protected":false},"featured_media":0,"template":"","issues":[398,425],"companies":[],"regions":[170],"sectors":[],"article_tags":[],"class_list":["post-144934","article","type-article","status-publish","hentry","issues-union-win","issues-workers-rights","regions-korea"],"acf":[],"yoast_head":"<!-- This site is optimized with the Yoast SEO Premium plugin v27.1 (Yoast SEO v27.1) - https:\/\/yoast.com\/product\/yoast-seo-premium-wordpress\/ -->\n<title>Apr\u00e8s une campagne syndicale, la Cor\u00e9e du Sud ratifie des conventions fondamentales de l&#039;OIT - industriall-union<\/title>\n<meta name=\"description\" content=\"La Conf\u00e9d\u00e9ration cor\u00e9enne des syndicats (KCTU) et la F\u00e9d\u00e9ration des syndicats cor\u00e9ens (FKTU) n&#039;ont cess\u00e9 de faire campagne pour la ratification des\" \/>\n<meta name=\"robots\" content=\"index, follow, max-snippet:-1, max-image-preview:large, max-video-preview:-1\" \/>\n<link rel=\"canonical\" href=\"https:\/\/admin.industriall-union.org\/fr\/apres-une-campagne-syndicale-la-coree-du-sud-ratifie-des-conventions-fondamentales-de-l-039-oit\/\" \/>\n<meta property=\"og:locale\" content=\"fr_FR\" \/>\n<meta property=\"og:type\" content=\"article\" \/>\n<meta property=\"og:title\" content=\"Apr\u00e8s une campagne syndicale, la Cor\u00e9e du Sud ratifie des conventions fondamentales de l&#039;OIT\" \/>\n<meta property=\"og:description\" content=\"La Conf\u00e9d\u00e9ration cor\u00e9enne des syndicats (KCTU) et la F\u00e9d\u00e9ration des syndicats cor\u00e9ens (FKTU) n&#039;ont cess\u00e9 de faire campagne pour la ratification des\" \/>\n<meta property=\"og:url\" content=\"https:\/\/admin.industriall-union.org\/fr\/apres-une-campagne-syndicale-la-coree-du-sud-ratifie-des-conventions-fondamentales-de-l-039-oit\/\" \/>\n<meta property=\"og:site_name\" content=\"industriall-union\" \/>\n<meta property=\"article:modified_time\" content=\"2025-01-28T21:45:39+00:00\" \/>\n<meta name=\"twitter:card\" content=\"summary_large_image\" \/>\n<meta name=\"twitter:label1\" content=\"Est. reading time\" \/>\n\t<meta name=\"twitter:data1\" content=\"2 minutes\" \/>\n<script type=\"application\/ld+json\" class=\"yoast-schema-graph\">{\"@context\":\"https:\/\/schema.org\",\"@graph\":[{\"@type\":\"WebPage\",\"@id\":\"https:\/\/admin.industriall-union.org\/fr\/apres-une-campagne-syndicale-la-coree-du-sud-ratifie-des-conventions-fondamentales-de-l-039-oit\/\",\"url\":\"https:\/\/admin.industriall-union.org\/fr\/apres-une-campagne-syndicale-la-coree-du-sud-ratifie-des-conventions-fondamentales-de-l-039-oit\/\",\"name\":\"Apr\u00e8s une campagne syndicale, la Cor\u00e9e du Sud ratifie des conventions fondamentales de l&#039;OIT - industriall-union\",\"isPartOf\":{\"@id\":\"https:\/\/admin.industriall-union.org\/#website\"},\"datePublished\":\"2021-03-05T06:42:57+00:00\",\"dateModified\":\"2025-01-28T21:45:39+00:00\",\"description\":\"La Conf\u00e9d\u00e9ration cor\u00e9enne des syndicats (KCTU) et la F\u00e9d\u00e9ration des syndicats cor\u00e9ens (FKTU) n&#039;ont cess\u00e9 de faire campagne pour la ratification des\",\"breadcrumb\":{\"@id\":\"https:\/\/admin.industriall-union.org\/fr\/apres-une-campagne-syndicale-la-coree-du-sud-ratifie-des-conventions-fondamentales-de-l-039-oit\/#breadcrumb\"},\"inLanguage\":\"fr-FR\",\"potentialAction\":[{\"@type\":\"ReadAction\",\"target\":[\"https:\/\/admin.industriall-union.org\/fr\/apres-une-campagne-syndicale-la-coree-du-sud-ratifie-des-conventions-fondamentales-de-l-039-oit\/\"]}]},{\"@type\":\"BreadcrumbList\",\"@id\":\"https:\/\/admin.industriall-union.org\/fr\/apres-une-campagne-syndicale-la-coree-du-sud-ratifie-des-conventions-fondamentales-de-l-039-oit\/#breadcrumb\",\"itemListElement\":[{\"@type\":\"ListItem\",\"position\":1,\"name\":\"Home\",\"item\":\"https:\/\/admin.industriall-union.org\/\"},{\"@type\":\"ListItem\",\"position\":2,\"name\":\"Articles\",\"item\":\"https:\/\/admin.industriall-union.org\/article\/\"},{\"@type\":\"ListItem\",\"position\":3,\"name\":\"Apr\u00e8s une campagne syndicale, la Cor\u00e9e du Sud ratifie des conventions fondamentales de l&#039;OIT\"}]},{\"@type\":\"WebSite\",\"@id\":\"https:\/\/admin.industriall-union.org\/#website\",\"url\":\"https:\/\/admin.industriall-union.org\/\",\"name\":\"industriall-union\",\"description\":\"\",\"potentialAction\":[{\"@type\":\"SearchAction\",\"target\":{\"@type\":\"EntryPoint\",\"urlTemplate\":\"https:\/\/admin.industriall-union.org\/?s={search_term_string}\"},\"query-input\":{\"@type\":\"PropertyValueSpecification\",\"valueRequired\":true,\"valueName\":\"search_term_string\"}}],\"inLanguage\":\"fr-FR\"}]}<\/script>\n<!-- \/ Yoast SEO Premium plugin. -->","yoast_head_json":{"title":"Apr\u00e8s une campagne syndicale, la Cor\u00e9e du Sud ratifie des conventions fondamentales de l&#039;OIT - industriall-union","description":"La Conf\u00e9d\u00e9ration cor\u00e9enne des syndicats (KCTU) et la F\u00e9d\u00e9ration des syndicats cor\u00e9ens (FKTU) n&#039;ont cess\u00e9 de faire campagne pour la ratification des","robots":{"index":"index","follow":"follow","max-snippet":"max-snippet:-1","max-image-preview":"max-image-preview:large","max-video-preview":"max-video-preview:-1"},"canonical":"https:\/\/admin.industriall-union.org\/fr\/apres-une-campagne-syndicale-la-coree-du-sud-ratifie-des-conventions-fondamentales-de-l-039-oit\/","og_locale":"fr_FR","og_type":"article","og_title":"Apr\u00e8s une campagne syndicale, la Cor\u00e9e du Sud ratifie des conventions fondamentales de l&#039;OIT","og_description":"La Conf\u00e9d\u00e9ration cor\u00e9enne des syndicats (KCTU) et la F\u00e9d\u00e9ration des syndicats cor\u00e9ens (FKTU) n&#039;ont cess\u00e9 de faire campagne pour la ratification des","og_url":"https:\/\/admin.industriall-union.org\/fr\/apres-une-campagne-syndicale-la-coree-du-sud-ratifie-des-conventions-fondamentales-de-l-039-oit\/","og_site_name":"industriall-union","article_modified_time":"2025-01-28T21:45:39+00:00","twitter_card":"summary_large_image","twitter_misc":{"Est. reading time":"2 minutes"},"schema":{"@context":"https:\/\/schema.org","@graph":[{"@type":"WebPage","@id":"https:\/\/admin.industriall-union.org\/fr\/apres-une-campagne-syndicale-la-coree-du-sud-ratifie-des-conventions-fondamentales-de-l-039-oit\/","url":"https:\/\/admin.industriall-union.org\/fr\/apres-une-campagne-syndicale-la-coree-du-sud-ratifie-des-conventions-fondamentales-de-l-039-oit\/","name":"Apr\u00e8s une campagne syndicale, la Cor\u00e9e du Sud ratifie des conventions fondamentales de l&#039;OIT - industriall-union","isPartOf":{"@id":"https:\/\/admin.industriall-union.org\/#website"},"datePublished":"2021-03-05T06:42:57+00:00","dateModified":"2025-01-28T21:45:39+00:00","description":"La Conf\u00e9d\u00e9ration cor\u00e9enne des syndicats (KCTU) et la F\u00e9d\u00e9ration des syndicats cor\u00e9ens (FKTU) n&#039;ont cess\u00e9 de faire campagne pour la ratification des","breadcrumb":{"@id":"https:\/\/admin.industriall-union.org\/fr\/apres-une-campagne-syndicale-la-coree-du-sud-ratifie-des-conventions-fondamentales-de-l-039-oit\/#breadcrumb"},"inLanguage":"fr-FR","potentialAction":[{"@type":"ReadAction","target":["https:\/\/admin.industriall-union.org\/fr\/apres-une-campagne-syndicale-la-coree-du-sud-ratifie-des-conventions-fondamentales-de-l-039-oit\/"]}]},{"@type":"BreadcrumbList","@id":"https:\/\/admin.industriall-union.org\/fr\/apres-une-campagne-syndicale-la-coree-du-sud-ratifie-des-conventions-fondamentales-de-l-039-oit\/#breadcrumb","itemListElement":[{"@type":"ListItem","position":1,"name":"Home","item":"https:\/\/admin.industriall-union.org\/"},{"@type":"ListItem","position":2,"name":"Articles","item":"https:\/\/admin.industriall-union.org\/article\/"},{"@type":"ListItem","position":3,"name":"Apr\u00e8s une campagne syndicale, la Cor\u00e9e du Sud ratifie des conventions fondamentales de l&#039;OIT"}]},{"@type":"WebSite","@id":"https:\/\/admin.industriall-union.org\/#website","url":"https:\/\/admin.industriall-union.org\/","name":"industriall-union","description":"","potentialAction":[{"@type":"SearchAction","target":{"@type":"EntryPoint","urlTemplate":"https:\/\/admin.industriall-union.org\/?s={search_term_string}"},"query-input":{"@type":"PropertyValueSpecification","valueRequired":true,"valueName":"search_term_string"}}],"inLanguage":"fr-FR"}]}},"_links":{"self":[{"href":"https:\/\/admin.industriall-union.org\/fr\/wp-json\/wp\/v2\/article\/144934","targetHints":{"allow":["GET"]}}],"collection":[{"href":"https:\/\/admin.industriall-union.org\/fr\/wp-json\/wp\/v2\/article"}],"about":[{"href":"https:\/\/admin.industriall-union.org\/fr\/wp-json\/wp\/v2\/types\/article"}],"wp:attachment":[{"href":"https:\/\/admin.industriall-union.org\/fr\/wp-json\/wp\/v2\/media?parent=144934"}],"wp:term":[{"taxonomy":"issues","embeddable":true,"href":"https:\/\/admin.industriall-union.org\/fr\/wp-json\/wp\/v2\/issues?post=144934"},{"taxonomy":"companies","embeddable":true,"href":"https:\/\/admin.industriall-union.org\/fr\/wp-json\/wp\/v2\/companies?post=144934"},{"taxonomy":"regions","embeddable":true,"href":"https:\/\/admin.industriall-union.org\/fr\/wp-json\/wp\/v2\/regions?post=144934"},{"taxonomy":"sectors","embeddable":true,"href":"https:\/\/admin.industriall-union.org\/fr\/wp-json\/wp\/v2\/sectors?post=144934"},{"taxonomy":"article_tags","embeddable":true,"href":"https:\/\/admin.industriall-union.org\/fr\/wp-json\/wp\/v2\/article_tags?post=144934"}],"curies":[{"name":"wp","href":"https:\/\/api.w.org\/{rel}","templated":true}]}}