{"id":144832,"date":"2021-04-01T10:49:58","date_gmt":"2021-04-01T10:49:58","guid":{"rendered":"https:\/\/admin.industriall-union.org\/les-travailleurs-du-nucleaire-du-monde-entier-commemorent-la-catastrophe-de-fukushima\/"},"modified":"2025-01-28T19:29:50","modified_gmt":"2025-01-28T19:29:50","slug":"les-travailleurs-du-nucleaire-du-monde-entier-commemorent-la-catastrophe-de-fukushima","status":"publish","type":"article","link":"https:\/\/admin.industriall-union.org\/fr\/les-travailleurs-du-nucleaire-du-monde-entier-commemorent-la-catastrophe-de-fukushima\/","title":{"rendered":"Les travailleurs du nucl\u00e9aire du monde entier comm\u00e9morent la catastrophe de Fukushima"},"content":{"rendered":"<p>Dans ses propos liminaires, Valery Matov, vice-copr\u00e9sident du secteur de l&#039;\u00e9nergie d&#039;IndustriALL en charge du nucl\u00e9aire et pr\u00e9sident du syndicat ukrainien Atomprofspilka, a d\u00e9clar\u00e9 :<\/p><blockquote><p>&ldquo;Il est extr\u00eamement important de discuter des priorit\u00e9s des travailleurs de l&#039;\u00e9nergie nucl\u00e9aire, des questions d&#039;environnement, d&#039;apprendre des erreurs et d&#039;utiliser les technologies pour emp\u00eacher de telles trag\u00e9dies et prot\u00e9ger les travailleurs des centrales nucl\u00e9aires et les populations environnantes.&rdquo;<\/p><\/blockquote><p>160.000 r\u00e9sidents ont \u00e9t\u00e9 \u00e9vacu\u00e9s lorsque la fuite radioactive a \u00e9t\u00e9 d\u00e9tect\u00e9e dans les r\u00e9acteurs de Daiichi, apr\u00e8s que le tsunami et ses vagues de 15 m\u00e8tres de haut mirent le syst\u00e8me de refroidissement hors d&#039;usage.<\/p><p>Depuis dix ans, des travailleurs japonais du nucl\u00e9aire sont en premi\u00e8re ligne dans les travaux de d\u00e9blaiement, \u00e9vacuant les restes de carburant des r\u00e9acteurs, d\u00e9contaminant les eaux et surveillant la c\u00e9mentation des terres contamin\u00e9es.<\/p><p>La F\u00e9d\u00e9ration des syndicats de travailleurs de l&#039;industrie&nbsp; apparent\u00e9e \u00e0 l&#039;\u00e9nergie \u00e9lectrique du Japon (DENRYOKU SOREN) et la Conf\u00e9d\u00e9ration des syndicats du Japon (RENGO) ont envoy\u00e9 des volontaires pour participer aux travaux de rel\u00e8vement communautaire.<\/p><p>La Tokyo Electric Power Company Holdings (TEPCO) a renforc\u00e9 les mesures de pr\u00e9vention des catastrophes en \u00e9difiant une digue de 22 m\u00e8tres pour arr\u00eater les tsunamis, en installant des g\u00e9n\u00e9rateurs \u00e9lectriques de secours hors site et diverses installations doivent r\u00e9sister aux tremblements de terre, aux ouragans, aux explosions d&#039;hydrog\u00e8ne et aux attaques terroristes.<\/p><p>Koji Sakata, le pr\u00e9sident de DENRYOKU SOREN, d\u00e9clare :<\/p><blockquote><p>&ldquo;Nous sommes reconnaissants pour les messages d&#039;encouragement et les dons re\u00e7us de la communaut\u00e9 internationale. Les travaux de d\u00e9mant\u00e8lement posent de grands d\u00e9fis aux travailleurs du nucl\u00e9aire \u00e0 Fukushima, en particulier pour ce qui est de l&#039;\u00e9limination des eaux purifi\u00e9es dont les capacit\u00e9s de stockage sont d\u00e9pass\u00e9es. Nous avons besoin de votre soutien.&rdquo;<\/p><\/blockquote><p>La catastrophe de Fukushima a entra\u00een\u00e9 des changements \u00e9normes dans les strat\u00e9gies nucl\u00e9aires de tous les pays. Les 75 syndicalistes d&#039;Espagne, de France, de Turquie, de Belgique, du Royaume-Uni et d&#039;Ukraine se sont r\u00e9jouis du renforcement des mesures de s\u00e9curit\u00e9 et ont indiqu\u00e9 qu&#039;en Europe, les exploitants ont redoubl\u00e9 d&#039;efforts pour pr\u00e9venir les accidents nucl\u00e9aires. En Ukraine, ils ont proc\u00e9d\u00e9 \u00e0 des simulations de crise dans toutes les centrales nucl\u00e9aires.<\/p><p>Eu Europe, les travailleurs du nucl\u00e9aire sollicitent leurs gouvernements et le grand public sur la question du d\u00e9mant\u00e8lement des centrales nucl\u00e9aires. Ils r\u00e9clament une Transition juste pour amortir l&#039;incidence des pertes d&#039;emplois que causera le passage des pays europ\u00e9ens aux \u00e9nergies renouvelables.<\/p><p>Pour Diana Junquera Curiel, la directrice d&#039;IndustriALL en charge de l&#039;\u00e9nergie :&nbsp;<\/p><blockquote><p>&ldquo;Malgr\u00e9 l&#039;importance des investissements dans les \u00e9nergies renouvelables, un bouquet \u00e9nerg\u00e9tique s&#039;impose pour garantir la s\u00e9curit\u00e9 de l&#039;approvisionnement. Les pays qui ont choisi de sortir du nucl\u00e9aire doivent se donner des plans de Transition juste afin d&#039;assurer un avenir aux travailleurs du nucl\u00e9aire.&rdquo;<\/p><\/blockquote><p>Les gouvernements doivent tenir compte du fait que des centrales sont situ\u00e9es dans des zones \u00e9loign\u00e9es. Pour les mettre \u00e0 l&#039;arr\u00eat et les d\u00e9manteler, ils doivent miser sur l&#039;industrialisation, laquelle sera d\u00e9finie par le march\u00e9 et par les gouvernements eux-m\u00eames.<\/p><blockquote><p>&ldquo;IndustriALL \u00e9labore actuellement des recommandations concr\u00e8tes pour une Transition juste dans les secteurs de l&#039;\u00e9nergie, de la mine et de la m\u00e9canique. Nous ne pouvons pas demander aux travailleurs d&#039;arr\u00eater ce qu&#039;ils font aujourd&#039;hui sans leur dire ce qu&#039;ils feront demain,&rdquo;<\/p><\/blockquote><p>a d\u00e9clar\u00e9 le secr\u00e9taire g\u00e9n\u00e9ral adjoint d&#039;IndustriALL Kemal \u00d6zkan.<\/p>","protected":false},"featured_media":0,"template":"","issues":[420,425],"companies":[],"regions":[168],"sectors":[483],"article_tags":[],"class_list":["post-144832","article","type-article","status-publish","hentry","issues-solidarity","issues-workers-rights","regions-japan","sectors-energy-oil-gas-electricity-and-nuclear"],"acf":[],"yoast_head":"<!-- This site is optimized with the Yoast SEO Premium plugin v27.1 (Yoast SEO v27.1) - https:\/\/yoast.com\/product\/yoast-seo-premium-wordpress\/ -->\n<title>Les travailleurs du nucl\u00e9aire du monde entier comm\u00e9morent la catastrophe de Fukushima - industriall-union<\/title>\n<meta name=\"description\" content=\"Dans ses propos liminaires, Valery Matov, vice-copr\u00e9sident du secteur de l&#039;\u00e9nergie d&#039;IndustriALL en charge du nucl\u00e9aire et pr\u00e9sident du syndicat\" \/>\n<meta name=\"robots\" content=\"index, follow, max-snippet:-1, max-image-preview:large, max-video-preview:-1\" \/>\n<link rel=\"canonical\" href=\"https:\/\/admin.industriall-union.org\/fr\/les-travailleurs-du-nucleaire-du-monde-entier-commemorent-la-catastrophe-de-fukushima\/\" \/>\n<meta property=\"og:locale\" content=\"fr_FR\" \/>\n<meta property=\"og:type\" content=\"article\" \/>\n<meta property=\"og:title\" content=\"Les travailleurs du nucl\u00e9aire du monde entier comm\u00e9morent la catastrophe de Fukushima\" \/>\n<meta property=\"og:description\" content=\"Dans ses propos liminaires, Valery Matov, vice-copr\u00e9sident du secteur de l&#039;\u00e9nergie d&#039;IndustriALL en charge du nucl\u00e9aire et pr\u00e9sident du syndicat\" \/>\n<meta property=\"og:url\" content=\"https:\/\/admin.industriall-union.org\/fr\/les-travailleurs-du-nucleaire-du-monde-entier-commemorent-la-catastrophe-de-fukushima\/\" \/>\n<meta property=\"og:site_name\" content=\"industriall-union\" \/>\n<meta property=\"article:modified_time\" content=\"2025-01-28T19:29:50+00:00\" \/>\n<meta name=\"twitter:card\" content=\"summary_large_image\" \/>\n<meta name=\"twitter:label1\" content=\"Est. reading time\" \/>\n\t<meta name=\"twitter:data1\" content=\"3 minutes\" \/>\n<script type=\"application\/ld+json\" class=\"yoast-schema-graph\">{\"@context\":\"https:\/\/schema.org\",\"@graph\":[{\"@type\":\"WebPage\",\"@id\":\"https:\/\/admin.industriall-union.org\/fr\/les-travailleurs-du-nucleaire-du-monde-entier-commemorent-la-catastrophe-de-fukushima\/\",\"url\":\"https:\/\/admin.industriall-union.org\/fr\/les-travailleurs-du-nucleaire-du-monde-entier-commemorent-la-catastrophe-de-fukushima\/\",\"name\":\"Les travailleurs du nucl\u00e9aire du monde entier comm\u00e9morent la catastrophe de Fukushima - industriall-union\",\"isPartOf\":{\"@id\":\"https:\/\/admin.industriall-union.org\/#website\"},\"datePublished\":\"2021-04-01T10:49:58+00:00\",\"dateModified\":\"2025-01-28T19:29:50+00:00\",\"description\":\"Dans ses propos liminaires, Valery Matov, vice-copr\u00e9sident du secteur de l&#039;\u00e9nergie d&#039;IndustriALL en charge du nucl\u00e9aire et pr\u00e9sident du syndicat\",\"breadcrumb\":{\"@id\":\"https:\/\/admin.industriall-union.org\/fr\/les-travailleurs-du-nucleaire-du-monde-entier-commemorent-la-catastrophe-de-fukushima\/#breadcrumb\"},\"inLanguage\":\"fr-FR\",\"potentialAction\":[{\"@type\":\"ReadAction\",\"target\":[\"https:\/\/admin.industriall-union.org\/fr\/les-travailleurs-du-nucleaire-du-monde-entier-commemorent-la-catastrophe-de-fukushima\/\"]}]},{\"@type\":\"BreadcrumbList\",\"@id\":\"https:\/\/admin.industriall-union.org\/fr\/les-travailleurs-du-nucleaire-du-monde-entier-commemorent-la-catastrophe-de-fukushima\/#breadcrumb\",\"itemListElement\":[{\"@type\":\"ListItem\",\"position\":1,\"name\":\"Home\",\"item\":\"https:\/\/admin.industriall-union.org\/\"},{\"@type\":\"ListItem\",\"position\":2,\"name\":\"Articles\",\"item\":\"https:\/\/admin.industriall-union.org\/article\/\"},{\"@type\":\"ListItem\",\"position\":3,\"name\":\"Les travailleurs du nucl\u00e9aire du monde entier comm\u00e9morent la catastrophe de Fukushima\"}]},{\"@type\":\"WebSite\",\"@id\":\"https:\/\/admin.industriall-union.org\/#website\",\"url\":\"https:\/\/admin.industriall-union.org\/\",\"name\":\"industriall-union\",\"description\":\"\",\"potentialAction\":[{\"@type\":\"SearchAction\",\"target\":{\"@type\":\"EntryPoint\",\"urlTemplate\":\"https:\/\/admin.industriall-union.org\/?s={search_term_string}\"},\"query-input\":{\"@type\":\"PropertyValueSpecification\",\"valueRequired\":true,\"valueName\":\"search_term_string\"}}],\"inLanguage\":\"fr-FR\"}]}<\/script>\n<!-- \/ Yoast SEO Premium plugin. -->","yoast_head_json":{"title":"Les travailleurs du nucl\u00e9aire du monde entier comm\u00e9morent la catastrophe de Fukushima - industriall-union","description":"Dans ses propos liminaires, Valery Matov, vice-copr\u00e9sident du secteur de l&#039;\u00e9nergie d&#039;IndustriALL en charge du nucl\u00e9aire et pr\u00e9sident du syndicat","robots":{"index":"index","follow":"follow","max-snippet":"max-snippet:-1","max-image-preview":"max-image-preview:large","max-video-preview":"max-video-preview:-1"},"canonical":"https:\/\/admin.industriall-union.org\/fr\/les-travailleurs-du-nucleaire-du-monde-entier-commemorent-la-catastrophe-de-fukushima\/","og_locale":"fr_FR","og_type":"article","og_title":"Les travailleurs du nucl\u00e9aire du monde entier comm\u00e9morent la catastrophe de Fukushima","og_description":"Dans ses propos liminaires, Valery Matov, vice-copr\u00e9sident du secteur de l&#039;\u00e9nergie d&#039;IndustriALL en charge du nucl\u00e9aire et pr\u00e9sident du syndicat","og_url":"https:\/\/admin.industriall-union.org\/fr\/les-travailleurs-du-nucleaire-du-monde-entier-commemorent-la-catastrophe-de-fukushima\/","og_site_name":"industriall-union","article_modified_time":"2025-01-28T19:29:50+00:00","twitter_card":"summary_large_image","twitter_misc":{"Est. reading time":"3 minutes"},"schema":{"@context":"https:\/\/schema.org","@graph":[{"@type":"WebPage","@id":"https:\/\/admin.industriall-union.org\/fr\/les-travailleurs-du-nucleaire-du-monde-entier-commemorent-la-catastrophe-de-fukushima\/","url":"https:\/\/admin.industriall-union.org\/fr\/les-travailleurs-du-nucleaire-du-monde-entier-commemorent-la-catastrophe-de-fukushima\/","name":"Les travailleurs du nucl\u00e9aire du monde entier comm\u00e9morent la catastrophe de Fukushima - industriall-union","isPartOf":{"@id":"https:\/\/admin.industriall-union.org\/#website"},"datePublished":"2021-04-01T10:49:58+00:00","dateModified":"2025-01-28T19:29:50+00:00","description":"Dans ses propos liminaires, Valery Matov, vice-copr\u00e9sident du secteur de l&#039;\u00e9nergie d&#039;IndustriALL en charge du nucl\u00e9aire et pr\u00e9sident du syndicat","breadcrumb":{"@id":"https:\/\/admin.industriall-union.org\/fr\/les-travailleurs-du-nucleaire-du-monde-entier-commemorent-la-catastrophe-de-fukushima\/#breadcrumb"},"inLanguage":"fr-FR","potentialAction":[{"@type":"ReadAction","target":["https:\/\/admin.industriall-union.org\/fr\/les-travailleurs-du-nucleaire-du-monde-entier-commemorent-la-catastrophe-de-fukushima\/"]}]},{"@type":"BreadcrumbList","@id":"https:\/\/admin.industriall-union.org\/fr\/les-travailleurs-du-nucleaire-du-monde-entier-commemorent-la-catastrophe-de-fukushima\/#breadcrumb","itemListElement":[{"@type":"ListItem","position":1,"name":"Home","item":"https:\/\/admin.industriall-union.org\/"},{"@type":"ListItem","position":2,"name":"Articles","item":"https:\/\/admin.industriall-union.org\/article\/"},{"@type":"ListItem","position":3,"name":"Les travailleurs du nucl\u00e9aire du monde entier comm\u00e9morent la catastrophe de Fukushima"}]},{"@type":"WebSite","@id":"https:\/\/admin.industriall-union.org\/#website","url":"https:\/\/admin.industriall-union.org\/","name":"industriall-union","description":"","potentialAction":[{"@type":"SearchAction","target":{"@type":"EntryPoint","urlTemplate":"https:\/\/admin.industriall-union.org\/?s={search_term_string}"},"query-input":{"@type":"PropertyValueSpecification","valueRequired":true,"valueName":"search_term_string"}}],"inLanguage":"fr-FR"}]}},"_links":{"self":[{"href":"https:\/\/admin.industriall-union.org\/fr\/wp-json\/wp\/v2\/article\/144832","targetHints":{"allow":["GET"]}}],"collection":[{"href":"https:\/\/admin.industriall-union.org\/fr\/wp-json\/wp\/v2\/article"}],"about":[{"href":"https:\/\/admin.industriall-union.org\/fr\/wp-json\/wp\/v2\/types\/article"}],"wp:attachment":[{"href":"https:\/\/admin.industriall-union.org\/fr\/wp-json\/wp\/v2\/media?parent=144832"}],"wp:term":[{"taxonomy":"issues","embeddable":true,"href":"https:\/\/admin.industriall-union.org\/fr\/wp-json\/wp\/v2\/issues?post=144832"},{"taxonomy":"companies","embeddable":true,"href":"https:\/\/admin.industriall-union.org\/fr\/wp-json\/wp\/v2\/companies?post=144832"},{"taxonomy":"regions","embeddable":true,"href":"https:\/\/admin.industriall-union.org\/fr\/wp-json\/wp\/v2\/regions?post=144832"},{"taxonomy":"sectors","embeddable":true,"href":"https:\/\/admin.industriall-union.org\/fr\/wp-json\/wp\/v2\/sectors?post=144832"},{"taxonomy":"article_tags","embeddable":true,"href":"https:\/\/admin.industriall-union.org\/fr\/wp-json\/wp\/v2\/article_tags?post=144832"}],"curies":[{"name":"wp","href":"https:\/\/api.w.org\/{rel}","templated":true}]}}