{"id":144810,"date":"2021-04-15T10:21:19","date_gmt":"2021-04-15T10:21:19","guid":{"rendered":"https:\/\/admin.industriall-union.org\/il-faut-pour-les-travailleurs-et-travailleuses-de-la-confection-des-usines-sures\/"},"modified":"2025-01-28T18:50:28","modified_gmt":"2025-01-28T18:50:28","slug":"il-faut-pour-les-travailleurs-et-travailleuses-de-la-confection-des-usines-sures","status":"publish","type":"article","link":"https:\/\/admin.industriall-union.org\/fr\/il-faut-pour-les-travailleurs-et-travailleuses-de-la-confection-des-usines-sures\/","title":{"rendered":"Il faut pour les travailleurs et travailleuses de la confection des usines s\u00fbres"},"content":{"rendered":"<p>Ce 24 avril marquera les huit ans de l&rsquo;homicide industriel que repr\u00e9sente la trag\u00e9die du Rana Plaza, qui a tu\u00e9 plus de 1.000 travailleurs et travailleuses de la confection et en a bless\u00e9 davantage encore.<\/p><p>Et pourtant, les travailleurs et travailleuses de la confection doivent encore se faire entendre pour exiger des usines s\u00fbres&nbsp;; rien qu&rsquo;au cours du mois de mars, plus de 40 personnes occup\u00e9es dans la confection ont perdu la vie au Maroc et en \u00c9gypte \u00e0 cause d&rsquo;usines non s\u00e9curis\u00e9es.<\/p><p>IndustriALL continue de faire campagne pour d\u00e9fendre les droits des travailleurs et renforcer le pouvoir des syndicats dans le secteur du textile et de la confection et nous vous demandons de vous joindre \u00e0 nous pour agir la semaine prochaine.<\/p><p>Voici ce que vous pouvez faire&nbsp;:<\/p><ul><li>Mettez \u00e0 jour votre photo de profil Facebook avec <a href=\"https:\/\/www.facebook.com\/profilepicframes\/?selected_overlay_id=293815715446489\">un cadre appelant \u00e0 la s\u00e9curit\u00e9 des usines<\/a><\/li><li><a href=\"\/wp-content\/uploads\/documents\/2021\/safe_factories1.pdf\">T\u00e9l\u00e9chargez l&rsquo;affiche ci-jointe<\/a>, prenez une photo, publiez-la sur les m\u00e9dias sociaux en identifiant IndustriALL Global Union sur <a href=\"https:\/\/www.facebook.com\/IndustriALLGlobalUnion\">Facebook<\/a>, <a href=\"https:\/\/twitter.com\/IndustriALL_GU\">Twitter<\/a> ou Instagram&nbsp;: @industriALL_gu<\/li><li>Utilisez SVP les hashtags&nbsp;: #GarmentWorkersNeedUnions, #IMadeYourClothes, #RPNeverAgain.<\/li><li>Participez \u00e0 notre <a href=\"https:\/\/www.facebook.com\/IndustriALLGlobalUnion\">d\u00e9bat Facebook<\/a> en direct sur les usines s\u00fbres, le 23 avril \u00e0 11 heures CET, avec H&amp;M, ASOS, Tchibo et Esprit.<\/li><\/ul><p>La semaine d&rsquo;action co\u00efncide avec la <a href=\"https:\/\/www.fashionrevolution.org\/about\/get-involved\/\">Fashion Revolution week<\/a>, alors soutenez leur message #IMadeYourClothes. Vous pouvez t\u00e9l\u00e9charger les supports de Fashion Revolution pour y participer.<\/p><p>Faites-nous savoir ce que vous faites en envoyant les photos de vos actions \u00e0 l&rsquo;adresse <a href=\"mailto:press@industriall-union.org\">press@industriall-union.org<\/a>. Faites-nous part de vos commentaires, identifiez-nous et utilisez nos hashtags&nbsp;!<\/p>","protected":false},"featured_media":0,"template":"","issues":[414,402,425],"companies":[],"regions":[],"sectors":[464],"article_tags":[],"class_list":["post-144810","article","type-article","status-publish","hentry","issues-action-on-bangladesh","issues-health-and-safety","issues-workers-rights","sectors-textile-leather-garment-shoes-and-textile-services"],"acf":[],"yoast_head":"<!-- This site is optimized with the Yoast SEO Premium plugin v27.1 (Yoast SEO v27.1) - https:\/\/yoast.com\/product\/yoast-seo-premium-wordpress\/ -->\n<title>Il faut pour les travailleurs et travailleuses de la confection des usines s\u00fbres - industriall-union<\/title>\n<meta name=\"description\" content=\"Ce 24 avril marquera les huit ans de l&rsquo;homicide industriel que repr\u00e9sente la trag\u00e9die du Rana Plaza, qui a tu\u00e9 plus de 1.000 travailleurs et\" \/>\n<meta name=\"robots\" content=\"index, follow, max-snippet:-1, max-image-preview:large, max-video-preview:-1\" \/>\n<link rel=\"canonical\" href=\"https:\/\/admin.industriall-union.org\/fr\/il-faut-pour-les-travailleurs-et-travailleuses-de-la-confection-des-usines-sures\/\" \/>\n<meta property=\"og:locale\" content=\"fr_FR\" \/>\n<meta property=\"og:type\" content=\"article\" \/>\n<meta property=\"og:title\" content=\"Il faut pour les travailleurs et travailleuses de la confection des usines s\u00fbres\" \/>\n<meta property=\"og:description\" content=\"Ce 24 avril marquera les huit ans de l&rsquo;homicide industriel que repr\u00e9sente la trag\u00e9die du Rana Plaza, qui a tu\u00e9 plus de 1.000 travailleurs et\" \/>\n<meta property=\"og:url\" content=\"https:\/\/admin.industriall-union.org\/fr\/il-faut-pour-les-travailleurs-et-travailleuses-de-la-confection-des-usines-sures\/\" \/>\n<meta property=\"og:site_name\" content=\"industriall-union\" \/>\n<meta property=\"article:modified_time\" content=\"2025-01-28T18:50:28+00:00\" \/>\n<meta name=\"twitter:card\" content=\"summary_large_image\" \/>\n<meta name=\"twitter:label1\" content=\"Est. reading time\" \/>\n\t<meta name=\"twitter:data1\" content=\"1 minute\" \/>\n<script type=\"application\/ld+json\" class=\"yoast-schema-graph\">{\"@context\":\"https:\/\/schema.org\",\"@graph\":[{\"@type\":\"WebPage\",\"@id\":\"https:\/\/admin.industriall-union.org\/fr\/il-faut-pour-les-travailleurs-et-travailleuses-de-la-confection-des-usines-sures\/\",\"url\":\"https:\/\/admin.industriall-union.org\/fr\/il-faut-pour-les-travailleurs-et-travailleuses-de-la-confection-des-usines-sures\/\",\"name\":\"Il faut pour les travailleurs et travailleuses de la confection des usines s\u00fbres - industriall-union\",\"isPartOf\":{\"@id\":\"https:\/\/admin.industriall-union.org\/#website\"},\"datePublished\":\"2021-04-15T10:21:19+00:00\",\"dateModified\":\"2025-01-28T18:50:28+00:00\",\"description\":\"Ce 24 avril marquera les huit ans de l&rsquo;homicide industriel que repr\u00e9sente la trag\u00e9die du Rana Plaza, qui a tu\u00e9 plus de 1.000 travailleurs et\",\"breadcrumb\":{\"@id\":\"https:\/\/admin.industriall-union.org\/fr\/il-faut-pour-les-travailleurs-et-travailleuses-de-la-confection-des-usines-sures\/#breadcrumb\"},\"inLanguage\":\"fr-FR\",\"potentialAction\":[{\"@type\":\"ReadAction\",\"target\":[\"https:\/\/admin.industriall-union.org\/fr\/il-faut-pour-les-travailleurs-et-travailleuses-de-la-confection-des-usines-sures\/\"]}]},{\"@type\":\"BreadcrumbList\",\"@id\":\"https:\/\/admin.industriall-union.org\/fr\/il-faut-pour-les-travailleurs-et-travailleuses-de-la-confection-des-usines-sures\/#breadcrumb\",\"itemListElement\":[{\"@type\":\"ListItem\",\"position\":1,\"name\":\"Home\",\"item\":\"https:\/\/admin.industriall-union.org\/\"},{\"@type\":\"ListItem\",\"position\":2,\"name\":\"Articles\",\"item\":\"https:\/\/admin.industriall-union.org\/article\/\"},{\"@type\":\"ListItem\",\"position\":3,\"name\":\"Il faut pour les travailleurs et travailleuses de la confection des usines s\u00fbres\"}]},{\"@type\":\"WebSite\",\"@id\":\"https:\/\/admin.industriall-union.org\/#website\",\"url\":\"https:\/\/admin.industriall-union.org\/\",\"name\":\"industriall-union\",\"description\":\"\",\"potentialAction\":[{\"@type\":\"SearchAction\",\"target\":{\"@type\":\"EntryPoint\",\"urlTemplate\":\"https:\/\/admin.industriall-union.org\/?s={search_term_string}\"},\"query-input\":{\"@type\":\"PropertyValueSpecification\",\"valueRequired\":true,\"valueName\":\"search_term_string\"}}],\"inLanguage\":\"fr-FR\"}]}<\/script>\n<!-- \/ Yoast SEO Premium plugin. -->","yoast_head_json":{"title":"Il faut pour les travailleurs et travailleuses de la confection des usines s\u00fbres - industriall-union","description":"Ce 24 avril marquera les huit ans de l&rsquo;homicide industriel que repr\u00e9sente la trag\u00e9die du Rana Plaza, qui a tu\u00e9 plus de 1.000 travailleurs et","robots":{"index":"index","follow":"follow","max-snippet":"max-snippet:-1","max-image-preview":"max-image-preview:large","max-video-preview":"max-video-preview:-1"},"canonical":"https:\/\/admin.industriall-union.org\/fr\/il-faut-pour-les-travailleurs-et-travailleuses-de-la-confection-des-usines-sures\/","og_locale":"fr_FR","og_type":"article","og_title":"Il faut pour les travailleurs et travailleuses de la confection des usines s\u00fbres","og_description":"Ce 24 avril marquera les huit ans de l&rsquo;homicide industriel que repr\u00e9sente la trag\u00e9die du Rana Plaza, qui a tu\u00e9 plus de 1.000 travailleurs et","og_url":"https:\/\/admin.industriall-union.org\/fr\/il-faut-pour-les-travailleurs-et-travailleuses-de-la-confection-des-usines-sures\/","og_site_name":"industriall-union","article_modified_time":"2025-01-28T18:50:28+00:00","twitter_card":"summary_large_image","twitter_misc":{"Est. reading time":"1 minute"},"schema":{"@context":"https:\/\/schema.org","@graph":[{"@type":"WebPage","@id":"https:\/\/admin.industriall-union.org\/fr\/il-faut-pour-les-travailleurs-et-travailleuses-de-la-confection-des-usines-sures\/","url":"https:\/\/admin.industriall-union.org\/fr\/il-faut-pour-les-travailleurs-et-travailleuses-de-la-confection-des-usines-sures\/","name":"Il faut pour les travailleurs et travailleuses de la confection des usines s\u00fbres - industriall-union","isPartOf":{"@id":"https:\/\/admin.industriall-union.org\/#website"},"datePublished":"2021-04-15T10:21:19+00:00","dateModified":"2025-01-28T18:50:28+00:00","description":"Ce 24 avril marquera les huit ans de l&rsquo;homicide industriel que repr\u00e9sente la trag\u00e9die du Rana Plaza, qui a tu\u00e9 plus de 1.000 travailleurs et","breadcrumb":{"@id":"https:\/\/admin.industriall-union.org\/fr\/il-faut-pour-les-travailleurs-et-travailleuses-de-la-confection-des-usines-sures\/#breadcrumb"},"inLanguage":"fr-FR","potentialAction":[{"@type":"ReadAction","target":["https:\/\/admin.industriall-union.org\/fr\/il-faut-pour-les-travailleurs-et-travailleuses-de-la-confection-des-usines-sures\/"]}]},{"@type":"BreadcrumbList","@id":"https:\/\/admin.industriall-union.org\/fr\/il-faut-pour-les-travailleurs-et-travailleuses-de-la-confection-des-usines-sures\/#breadcrumb","itemListElement":[{"@type":"ListItem","position":1,"name":"Home","item":"https:\/\/admin.industriall-union.org\/"},{"@type":"ListItem","position":2,"name":"Articles","item":"https:\/\/admin.industriall-union.org\/article\/"},{"@type":"ListItem","position":3,"name":"Il faut pour les travailleurs et travailleuses de la confection des usines s\u00fbres"}]},{"@type":"WebSite","@id":"https:\/\/admin.industriall-union.org\/#website","url":"https:\/\/admin.industriall-union.org\/","name":"industriall-union","description":"","potentialAction":[{"@type":"SearchAction","target":{"@type":"EntryPoint","urlTemplate":"https:\/\/admin.industriall-union.org\/?s={search_term_string}"},"query-input":{"@type":"PropertyValueSpecification","valueRequired":true,"valueName":"search_term_string"}}],"inLanguage":"fr-FR"}]}},"_links":{"self":[{"href":"https:\/\/admin.industriall-union.org\/fr\/wp-json\/wp\/v2\/article\/144810","targetHints":{"allow":["GET"]}}],"collection":[{"href":"https:\/\/admin.industriall-union.org\/fr\/wp-json\/wp\/v2\/article"}],"about":[{"href":"https:\/\/admin.industriall-union.org\/fr\/wp-json\/wp\/v2\/types\/article"}],"wp:attachment":[{"href":"https:\/\/admin.industriall-union.org\/fr\/wp-json\/wp\/v2\/media?parent=144810"}],"wp:term":[{"taxonomy":"issues","embeddable":true,"href":"https:\/\/admin.industriall-union.org\/fr\/wp-json\/wp\/v2\/issues?post=144810"},{"taxonomy":"companies","embeddable":true,"href":"https:\/\/admin.industriall-union.org\/fr\/wp-json\/wp\/v2\/companies?post=144810"},{"taxonomy":"regions","embeddable":true,"href":"https:\/\/admin.industriall-union.org\/fr\/wp-json\/wp\/v2\/regions?post=144810"},{"taxonomy":"sectors","embeddable":true,"href":"https:\/\/admin.industriall-union.org\/fr\/wp-json\/wp\/v2\/sectors?post=144810"},{"taxonomy":"article_tags","embeddable":true,"href":"https:\/\/admin.industriall-union.org\/fr\/wp-json\/wp\/v2\/article_tags?post=144810"}],"curies":[{"name":"wp","href":"https:\/\/api.w.org\/{rel}","templated":true}]}}