{"id":144788,"date":"2021-04-21T15:02:57","date_gmt":"2021-04-21T15:02:57","guid":{"rendered":"https:\/\/admin.industriall-union.org\/la-solidarite-sud-sud-contre-les-defis-de-la-transition-energetique\/"},"modified":"2025-01-28T18:31:31","modified_gmt":"2025-01-28T18:31:31","slug":"la-solidarite-sud-sud-contre-les-defis-de-la-transition-energetique","status":"publish","type":"article","link":"https:\/\/admin.industriall-union.org\/fr\/la-solidarite-sud-sud-contre-les-defis-de-la-transition-energetique\/","title":{"rendered":"La solidarit\u00e9 Sud-Sud contre les d\u00e9fis de la transition \u00e9nerg\u00e9tique"},"content":{"rendered":"<p>La transition \u00e9nerg\u00e9tique met les deux h\u00e9misph\u00e8res face aux m\u00eames difficult\u00e9s, les gouvernements poursuivant des politiques \u00e9conomiques n\u00e9olib\u00e9rales qui marginalisent les travailleurs et les communaut\u00e9s pauvres. Le Chili a \u00e9t\u00e9 cit\u00e9 comme l&#039;exemple d&#039;un pays riche en ressources alors que sa population est majoritairement pauvre. Il en va de m\u00eame pour la plupart des pays d&#039;Afrique subsaharienne, riches en combustibles fossiles, en p\u00e9trole et en gaz, alors que la plupart des habitants vivent dans la pauvret\u00e9.<\/p><p>Les participants ont discut\u00e9 des potentialit\u00e9s de la transition \u00e9nerg\u00e9tique qui peut stimuler l&#039;industrialisation et le d\u00e9veloppement \u00e9conomique dans ces r\u00e9gions. Ils jugent que le d\u00e9bat sur l&#039;\u00e9nergie doit s&#039;inscrire dans le contexte de l&#039;\u00e9conomie politique des continents. La construction de centrales renouvelables est possible, mais elle doit se faire dans la protection des int\u00e9r\u00eats des travailleurs.<\/p><p>Ils ont aussi discut\u00e9 du potentiel \u00e9norme des deux r\u00e9gions en sources d&#039;\u00e9nergie renouvelables, avec l&#039;hydro\u00e9lectricit\u00e9, l&#039;\u00e9olien, le solaire et la biomasse, la g\u00e9othermie et les combustibles fossiles.<\/p><p>Les syndicats du Br\u00e9sil, du Chili, de Colombie et du Mexique veulent une transition \u00e9nerg\u00e9tique juste, avec de meilleures conditions de travail et le respect des droits des travailleurs. Ils ont \u00e9voqu\u00e9 l&#039;importance du dialogue social pour la promotion de politiques industrielles durables et d&#039;une transition juste, avec la participation des gouvernements, des entreprises, des syndicats et des communaut\u00e9s concern\u00e9es.<\/p><p>Le secr\u00e9taire de Sintracarb\u00f3n en charge de l&#039;\u00e9ducation, Fredys Fern\u00e1ndez, a mentionn\u00e9 l&#039;initiative lanc\u00e9e en 2015 par les syndicats colombiens USO, Sintracarb\u00f3n et Sintraelecol, appel\u00e9e &quot;Table sociale, mini\u00e8re-\u00e9nerg\u00e9tique et environnementale&quot; Ils d\u00e9battent avec la communaut\u00e9, les pouvoirs publics, et des hommes d&#039;affaires de la transition \u00e9nerg\u00e9tique et de l&#039;\u00e9laboration d&#039;une politique \u00e9nerg\u00e9tique durable pour la Colombie.<\/p><p>De l&#039;autre c\u00f4t\u00e9 de l&#039;Atlantique, des syndicats du Ghana, d&#039;Afrique du Sud et du Zimbabwe, membres du R\u00e9seau de l&#039;\u00e9nergie d&#039;Afrique subsaharienne, luttent contre la privatisation des compagnies d&#039;\u00e9lectricit\u00e9 publiques qui se solde souvent par des hausses du co\u00fbt de l&#039;\u00e9lectricit\u00e9.<\/p><blockquote><p>&quot;Nous sommes oppos\u00e9s \u00e0 la privatisation de la compagnie publique d&#039;\u00e9lectricit\u00e9 ESKOM que propose le gouvernement. Nous pr\u00e9f\u00e9rons un distributeur d&#039;\u00e9lectricit\u00e9 \u00e0 capitaux publics et g\u00e9r\u00e9 dans l&#039;int\u00e9r\u00eat du public et non dans un but lucratif, ce qui rendrait l&#039;\u00e9nergie inabordable et inaccessible aux communaut\u00e9s pauvres. S&#039;agissant de l&#039;\u00e9nergie renouvelable, nous pr\u00e9conisons la propri\u00e9t\u00e9 collective des sources d&#039;\u00e9nergie renouvelables,&quot;<\/p><\/blockquote><p>a d\u00e9clar\u00e9 Enos Mbodi, du National Union of Mineworkers d&#039;Afrique du Sud.<\/p><p>Kemal \u00d6zkan, secr\u00e9taire g\u00e9n\u00e9ral adjoint d&#039;IndustriALL, a d\u00e9clar\u00e9 :<\/p><blockquote><p>&quot;Nous avons besoin d&#039;un mod\u00e8le de transition \u00e9nerg\u00e9tique global qui promeuve l&#039;industrialisation, des emplois verts d\u00e9cents et les int\u00e9r\u00eats des travailleurs et des communaut\u00e9s. Ce n&#039;est possible que si les pays de l&#039;h\u00e9misph\u00e8re sud adoptent des plans industriels et \u00e9nerg\u00e9tiques durables.&quot;&nbsp;<\/p><\/blockquote>","protected":false},"featured_media":0,"template":"","issues":[393,425],"companies":[],"regions":[254,311],"sectors":[],"article_tags":[],"class_list":["post-144788","article","type-article","status-publish","hentry","issues-climate-change-just-transition","issues-workers-rights","regions-latin-america-and-the-caribbean","regions-sub-saharan-africa"],"acf":[],"yoast_head":"<!-- This site is optimized with the Yoast SEO Premium plugin v27.1 (Yoast SEO v27.1) - https:\/\/yoast.com\/product\/yoast-seo-premium-wordpress\/ -->\n<title>La solidarit\u00e9 Sud-Sud contre les d\u00e9fis de la transition \u00e9nerg\u00e9tique - industriall-union<\/title>\n<meta name=\"description\" content=\"La transition \u00e9nerg\u00e9tique met les deux h\u00e9misph\u00e8res face aux m\u00eames difficult\u00e9s, les gouvernements poursuivant des politiques \u00e9conomiques n\u00e9olib\u00e9rales qui\" \/>\n<meta name=\"robots\" content=\"index, follow, max-snippet:-1, max-image-preview:large, max-video-preview:-1\" \/>\n<link rel=\"canonical\" href=\"https:\/\/admin.industriall-union.org\/fr\/la-solidarite-sud-sud-contre-les-defis-de-la-transition-energetique\/\" \/>\n<meta property=\"og:locale\" content=\"fr_FR\" \/>\n<meta property=\"og:type\" content=\"article\" \/>\n<meta property=\"og:title\" content=\"La solidarit\u00e9 Sud-Sud contre les d\u00e9fis de la transition \u00e9nerg\u00e9tique\" \/>\n<meta property=\"og:description\" content=\"La transition \u00e9nerg\u00e9tique met les deux h\u00e9misph\u00e8res face aux m\u00eames difficult\u00e9s, les gouvernements poursuivant des politiques \u00e9conomiques n\u00e9olib\u00e9rales qui\" \/>\n<meta property=\"og:url\" content=\"https:\/\/admin.industriall-union.org\/fr\/la-solidarite-sud-sud-contre-les-defis-de-la-transition-energetique\/\" \/>\n<meta property=\"og:site_name\" content=\"industriall-union\" \/>\n<meta property=\"article:modified_time\" content=\"2025-01-28T18:31:31+00:00\" \/>\n<meta name=\"twitter:card\" content=\"summary_large_image\" \/>\n<meta name=\"twitter:label1\" content=\"Est. reading time\" \/>\n\t<meta name=\"twitter:data1\" content=\"3 minutes\" \/>\n<script type=\"application\/ld+json\" class=\"yoast-schema-graph\">{\"@context\":\"https:\/\/schema.org\",\"@graph\":[{\"@type\":\"WebPage\",\"@id\":\"https:\/\/admin.industriall-union.org\/fr\/la-solidarite-sud-sud-contre-les-defis-de-la-transition-energetique\/\",\"url\":\"https:\/\/admin.industriall-union.org\/fr\/la-solidarite-sud-sud-contre-les-defis-de-la-transition-energetique\/\",\"name\":\"La solidarit\u00e9 Sud-Sud contre les d\u00e9fis de la transition \u00e9nerg\u00e9tique - industriall-union\",\"isPartOf\":{\"@id\":\"https:\/\/admin.industriall-union.org\/ru\/#website\"},\"datePublished\":\"2021-04-21T15:02:57+00:00\",\"dateModified\":\"2025-01-28T18:31:31+00:00\",\"description\":\"La transition \u00e9nerg\u00e9tique met les deux h\u00e9misph\u00e8res face aux m\u00eames difficult\u00e9s, les gouvernements poursuivant des politiques \u00e9conomiques n\u00e9olib\u00e9rales qui\",\"breadcrumb\":{\"@id\":\"https:\/\/admin.industriall-union.org\/fr\/la-solidarite-sud-sud-contre-les-defis-de-la-transition-energetique\/#breadcrumb\"},\"inLanguage\":\"fr-FR\",\"potentialAction\":[{\"@type\":\"ReadAction\",\"target\":[\"https:\/\/admin.industriall-union.org\/fr\/la-solidarite-sud-sud-contre-les-defis-de-la-transition-energetique\/\"]}]},{\"@type\":\"BreadcrumbList\",\"@id\":\"https:\/\/admin.industriall-union.org\/fr\/la-solidarite-sud-sud-contre-les-defis-de-la-transition-energetique\/#breadcrumb\",\"itemListElement\":[{\"@type\":\"ListItem\",\"position\":1,\"name\":\"Home\",\"item\":\"https:\/\/admin.industriall-union.org\/ru\/\"},{\"@type\":\"ListItem\",\"position\":2,\"name\":\"Articles\",\"item\":\"https:\/\/admin.industriall-union.org\/ru\/article\/\"},{\"@type\":\"ListItem\",\"position\":3,\"name\":\"La solidarit\u00e9 Sud-Sud contre les d\u00e9fis de la transition \u00e9nerg\u00e9tique\"}]},{\"@type\":\"WebSite\",\"@id\":\"https:\/\/admin.industriall-union.org\/ru\/#website\",\"url\":\"https:\/\/admin.industriall-union.org\/ru\/\",\"name\":\"industriall-union\",\"description\":\"\",\"potentialAction\":[{\"@type\":\"SearchAction\",\"target\":{\"@type\":\"EntryPoint\",\"urlTemplate\":\"https:\/\/admin.industriall-union.org\/ru\/?s={search_term_string}\"},\"query-input\":{\"@type\":\"PropertyValueSpecification\",\"valueRequired\":true,\"valueName\":\"search_term_string\"}}],\"inLanguage\":\"fr-FR\"}]}<\/script>\n<!-- \/ Yoast SEO Premium plugin. -->","yoast_head_json":{"title":"La solidarit\u00e9 Sud-Sud contre les d\u00e9fis de la transition \u00e9nerg\u00e9tique - industriall-union","description":"La transition \u00e9nerg\u00e9tique met les deux h\u00e9misph\u00e8res face aux m\u00eames difficult\u00e9s, les gouvernements poursuivant des politiques \u00e9conomiques n\u00e9olib\u00e9rales qui","robots":{"index":"index","follow":"follow","max-snippet":"max-snippet:-1","max-image-preview":"max-image-preview:large","max-video-preview":"max-video-preview:-1"},"canonical":"https:\/\/admin.industriall-union.org\/fr\/la-solidarite-sud-sud-contre-les-defis-de-la-transition-energetique\/","og_locale":"fr_FR","og_type":"article","og_title":"La solidarit\u00e9 Sud-Sud contre les d\u00e9fis de la transition \u00e9nerg\u00e9tique","og_description":"La transition \u00e9nerg\u00e9tique met les deux h\u00e9misph\u00e8res face aux m\u00eames difficult\u00e9s, les gouvernements poursuivant des politiques \u00e9conomiques n\u00e9olib\u00e9rales qui","og_url":"https:\/\/admin.industriall-union.org\/fr\/la-solidarite-sud-sud-contre-les-defis-de-la-transition-energetique\/","og_site_name":"industriall-union","article_modified_time":"2025-01-28T18:31:31+00:00","twitter_card":"summary_large_image","twitter_misc":{"Est. reading time":"3 minutes"},"schema":{"@context":"https:\/\/schema.org","@graph":[{"@type":"WebPage","@id":"https:\/\/admin.industriall-union.org\/fr\/la-solidarite-sud-sud-contre-les-defis-de-la-transition-energetique\/","url":"https:\/\/admin.industriall-union.org\/fr\/la-solidarite-sud-sud-contre-les-defis-de-la-transition-energetique\/","name":"La solidarit\u00e9 Sud-Sud contre les d\u00e9fis de la transition \u00e9nerg\u00e9tique - industriall-union","isPartOf":{"@id":"https:\/\/admin.industriall-union.org\/ru\/#website"},"datePublished":"2021-04-21T15:02:57+00:00","dateModified":"2025-01-28T18:31:31+00:00","description":"La transition \u00e9nerg\u00e9tique met les deux h\u00e9misph\u00e8res face aux m\u00eames difficult\u00e9s, les gouvernements poursuivant des politiques \u00e9conomiques n\u00e9olib\u00e9rales qui","breadcrumb":{"@id":"https:\/\/admin.industriall-union.org\/fr\/la-solidarite-sud-sud-contre-les-defis-de-la-transition-energetique\/#breadcrumb"},"inLanguage":"fr-FR","potentialAction":[{"@type":"ReadAction","target":["https:\/\/admin.industriall-union.org\/fr\/la-solidarite-sud-sud-contre-les-defis-de-la-transition-energetique\/"]}]},{"@type":"BreadcrumbList","@id":"https:\/\/admin.industriall-union.org\/fr\/la-solidarite-sud-sud-contre-les-defis-de-la-transition-energetique\/#breadcrumb","itemListElement":[{"@type":"ListItem","position":1,"name":"Home","item":"https:\/\/admin.industriall-union.org\/ru\/"},{"@type":"ListItem","position":2,"name":"Articles","item":"https:\/\/admin.industriall-union.org\/ru\/article\/"},{"@type":"ListItem","position":3,"name":"La solidarit\u00e9 Sud-Sud contre les d\u00e9fis de la transition \u00e9nerg\u00e9tique"}]},{"@type":"WebSite","@id":"https:\/\/admin.industriall-union.org\/ru\/#website","url":"https:\/\/admin.industriall-union.org\/ru\/","name":"industriall-union","description":"","potentialAction":[{"@type":"SearchAction","target":{"@type":"EntryPoint","urlTemplate":"https:\/\/admin.industriall-union.org\/ru\/?s={search_term_string}"},"query-input":{"@type":"PropertyValueSpecification","valueRequired":true,"valueName":"search_term_string"}}],"inLanguage":"fr-FR"}]}},"_links":{"self":[{"href":"https:\/\/admin.industriall-union.org\/fr\/wp-json\/wp\/v2\/article\/144788","targetHints":{"allow":["GET"]}}],"collection":[{"href":"https:\/\/admin.industriall-union.org\/fr\/wp-json\/wp\/v2\/article"}],"about":[{"href":"https:\/\/admin.industriall-union.org\/fr\/wp-json\/wp\/v2\/types\/article"}],"wp:attachment":[{"href":"https:\/\/admin.industriall-union.org\/fr\/wp-json\/wp\/v2\/media?parent=144788"}],"wp:term":[{"taxonomy":"issues","embeddable":true,"href":"https:\/\/admin.industriall-union.org\/fr\/wp-json\/wp\/v2\/issues?post=144788"},{"taxonomy":"companies","embeddable":true,"href":"https:\/\/admin.industriall-union.org\/fr\/wp-json\/wp\/v2\/companies?post=144788"},{"taxonomy":"regions","embeddable":true,"href":"https:\/\/admin.industriall-union.org\/fr\/wp-json\/wp\/v2\/regions?post=144788"},{"taxonomy":"sectors","embeddable":true,"href":"https:\/\/admin.industriall-union.org\/fr\/wp-json\/wp\/v2\/sectors?post=144788"},{"taxonomy":"article_tags","embeddable":true,"href":"https:\/\/admin.industriall-union.org\/fr\/wp-json\/wp\/v2\/article_tags?post=144788"}],"curies":[{"name":"wp","href":"https:\/\/api.w.org\/{rel}","templated":true}]}}