{"id":144749,"date":"2021-04-28T11:35:18","date_gmt":"2021-04-28T11:35:18","guid":{"rendered":"https:\/\/admin.industriall-union.org\/philippines-des-dirigeants-syndicaux-reintegres\/"},"modified":"2025-01-28T18:17:00","modified_gmt":"2025-01-28T18:17:00","slug":"philippines-des-dirigeants-syndicaux-reintegres","status":"publish","type":"article","link":"https:\/\/admin.industriall-union.org\/fr\/philippines-des-dirigeants-syndicaux-reintegres\/","title":{"rendered":"Philippines : des dirigeants syndicaux r\u00e9int\u00e9gr\u00e9s"},"content":{"rendered":"<p>En mars 2019, la F\u00e9d\u00e9ration des industries du commerce de l&#039;habillement, du textile, de la chaussure, du plastique, du cuir et secteurs apparent\u00e9s (TF2-FFW), affili\u00e9e \u00e0 IndustriALL, a cr\u00e9\u00e9 une section locale chez Charter Link Clark Inc., une firme de v\u00eatements de Hong Kong, fournisseuse de Lululemon, install\u00e9e dans la zone franche de Clark, \u00e0 Pampanga, aux Philippines.<\/p><p>Le nouveau syndicat a subi l&#039;antisyndicalisme de la direction de l&#039;entreprise, lorsque quatre responsables syndicaux ont \u00e9t\u00e9 licenci\u00e9s et que les travailleurs ont d\u00fb r\u00e9pondre \u00e0 une enqu\u00eate dans laquelle ils devaient choisir entre un syndicat et un comit\u00e9 de gestion du travail qui avait la faveur de la direction. Les travailleurs qui ne participaient pas ont \u00e9t\u00e9 suspendus sans salaire.<\/p><p>Lorsque le syndicat a obtenu la majorit\u00e9 des signatures n\u00e9cessaire \u00e0 se reconnaissance comme agent de n\u00e9gociation unique et exclusif (SEBA), l&#039;entreprise a rapidement constitu\u00e9 un syndicat jaune pour concurrencer sa reconnaissance. Quoi qu&#039;il en soit, la TF2-FFW a remport\u00e9 le scrutin et obtenu le certificat SEBA en juillet 2019.<\/p><p>Pour torpiller la n\u00e9gociation d&#039;une convention collective, la direction a utilis\u00e9 le pr\u00e9texte de la Covid-19 pour forcer plus d&#039;une centaine de travailleurs, dont tous les responsables syndicaux, \u00e0 prendre un cong\u00e9 \u00e0 dur\u00e9e ind\u00e9termin\u00e9e sans r\u00e9mun\u00e9ration. Le syndicat a d\u00e9pos\u00e9 des plaintes pour licenciements abusifs et suspensions ill\u00e9gales aupr\u00e8s du minist\u00e8re de l&#039;Emploi et du Travail.<\/p><p>IndustriALL a \u00e9crit \u00e0 l&#039;entreprise pour r\u00e9clamer la r\u00e9int\u00e9gration de tous les responsables syndicaux. Lululemon a envoy\u00e9 un expert pour enqu\u00eater sur ces pratiques d\u00e9loyales.<\/p><p>Une m\u00e9diation qui a tra\u00een\u00e9 en longueur et des recours devant la juridiction du travail ont finalement obtenu la r\u00e9int\u00e9gration de huit dirigeants syndicaux, avec arri\u00e9r\u00e9 de salaire, et la signature d&#039;une convention collective le 26 mars de cette ann\u00e9e.<\/p><blockquote><p>&quot;Le combat pour les droits des travailleurs de Charter Link Clark est impressionnant et la signature de cette convention collective est une grande r\u00e9alisation. TF2-FFW est d\u00e9termin\u00e9e \u00e0 continuer de renforcer ses capacit\u00e9s pour obtenir du travail d\u00e9cent,&quot;<\/p><\/blockquote><p>a d\u00e9clar\u00e9 Laudica Casana, la pr\u00e9sidente de la TF2-FFW.<\/p><p>La convention collective garantit la s\u00e9curit\u00e9 d&#039;emploi et pr\u00e9voit une assurance de groupe contre les accidents pour les travailleurs syndiqu\u00e9s. Les travailleurs obtiennent des aides m\u00e9dicales, des primes d&#039;assiduit\u00e9, un cong\u00e9 syndical r\u00e9mun\u00e9r\u00e9, des \u00e9quipements de protection individuelle. Le syndicat peut dor\u00e9navant utiliser en toute l\u00e9galit\u00e9 les infrastructures de l&#039;usine pour des activit\u00e9s syndicales.<\/p><blockquote><p>&quot;La force et la d\u00e9termination des travailleurs l&#039;ont emport\u00e9 chez Charter Link Clark, et la solidarit\u00e9 internationale organis\u00e9e par IndustriALL et ses affili\u00e9s ont contribu\u00e9 \u00e0 cette victoire syndicale,&quot;<\/p><\/blockquote><p>a d\u00e9clar\u00e9 Christina Hajagos-Clausen, la directrice d&#039;IndustriALL en charge de l&#039;industrie textile.&nbsp;&nbsp;<\/p>","protected":false},"featured_media":0,"template":"","issues":[396,398,425],"companies":[],"regions":[184],"sectors":[464],"article_tags":[],"class_list":["post-144749","article","type-article","status-publish","hentry","issues-building-strong-unions","issues-union-win","issues-workers-rights","regions-philippines","sectors-textile-leather-garment-shoes-and-textile-services"],"acf":[],"yoast_head":"<!-- This site is optimized with the Yoast SEO Premium plugin v27.1 (Yoast SEO v27.1) - https:\/\/yoast.com\/product\/yoast-seo-premium-wordpress\/ -->\n<title>Philippines : des dirigeants syndicaux r\u00e9int\u00e9gr\u00e9s - industriall-union<\/title>\n<meta name=\"description\" content=\"En mars 2019, la F\u00e9d\u00e9ration des industries du commerce de l&#039;habillement, du textile, de la chaussure, du plastique, du cuir et secteurs apparent\u00e9s\" \/>\n<meta name=\"robots\" content=\"index, follow, max-snippet:-1, max-image-preview:large, max-video-preview:-1\" \/>\n<link rel=\"canonical\" href=\"https:\/\/admin.industriall-union.org\/fr\/philippines-des-dirigeants-syndicaux-reintegres\/\" \/>\n<meta property=\"og:locale\" content=\"fr_FR\" \/>\n<meta property=\"og:type\" content=\"article\" \/>\n<meta property=\"og:title\" content=\"Philippines : des dirigeants syndicaux r\u00e9int\u00e9gr\u00e9s\" \/>\n<meta property=\"og:description\" content=\"En mars 2019, la F\u00e9d\u00e9ration des industries du commerce de l&#039;habillement, du textile, de la chaussure, du plastique, du cuir et secteurs apparent\u00e9s\" \/>\n<meta property=\"og:url\" content=\"https:\/\/admin.industriall-union.org\/fr\/philippines-des-dirigeants-syndicaux-reintegres\/\" \/>\n<meta property=\"og:site_name\" content=\"industriall-union\" \/>\n<meta property=\"article:modified_time\" content=\"2025-01-28T18:17:00+00:00\" \/>\n<meta name=\"twitter:card\" content=\"summary_large_image\" \/>\n<meta name=\"twitter:label1\" content=\"Est. reading time\" \/>\n\t<meta name=\"twitter:data1\" content=\"3 minutes\" \/>\n<script type=\"application\/ld+json\" class=\"yoast-schema-graph\">{\"@context\":\"https:\/\/schema.org\",\"@graph\":[{\"@type\":\"WebPage\",\"@id\":\"https:\/\/admin.industriall-union.org\/fr\/philippines-des-dirigeants-syndicaux-reintegres\/\",\"url\":\"https:\/\/admin.industriall-union.org\/fr\/philippines-des-dirigeants-syndicaux-reintegres\/\",\"name\":\"Philippines : des dirigeants syndicaux r\u00e9int\u00e9gr\u00e9s - industriall-union\",\"isPartOf\":{\"@id\":\"https:\/\/admin.industriall-union.org\/#website\"},\"datePublished\":\"2021-04-28T11:35:18+00:00\",\"dateModified\":\"2025-01-28T18:17:00+00:00\",\"description\":\"En mars 2019, la F\u00e9d\u00e9ration des industries du commerce de l&#039;habillement, du textile, de la chaussure, du plastique, du cuir et secteurs apparent\u00e9s\",\"breadcrumb\":{\"@id\":\"https:\/\/admin.industriall-union.org\/fr\/philippines-des-dirigeants-syndicaux-reintegres\/#breadcrumb\"},\"inLanguage\":\"fr-FR\",\"potentialAction\":[{\"@type\":\"ReadAction\",\"target\":[\"https:\/\/admin.industriall-union.org\/fr\/philippines-des-dirigeants-syndicaux-reintegres\/\"]}]},{\"@type\":\"BreadcrumbList\",\"@id\":\"https:\/\/admin.industriall-union.org\/fr\/philippines-des-dirigeants-syndicaux-reintegres\/#breadcrumb\",\"itemListElement\":[{\"@type\":\"ListItem\",\"position\":1,\"name\":\"Home\",\"item\":\"https:\/\/admin.industriall-union.org\/\"},{\"@type\":\"ListItem\",\"position\":2,\"name\":\"Articles\",\"item\":\"https:\/\/admin.industriall-union.org\/article\/\"},{\"@type\":\"ListItem\",\"position\":3,\"name\":\"Philippines : des dirigeants syndicaux r\u00e9int\u00e9gr\u00e9s\"}]},{\"@type\":\"WebSite\",\"@id\":\"https:\/\/admin.industriall-union.org\/#website\",\"url\":\"https:\/\/admin.industriall-union.org\/\",\"name\":\"industriall-union\",\"description\":\"\",\"potentialAction\":[{\"@type\":\"SearchAction\",\"target\":{\"@type\":\"EntryPoint\",\"urlTemplate\":\"https:\/\/admin.industriall-union.org\/?s={search_term_string}\"},\"query-input\":{\"@type\":\"PropertyValueSpecification\",\"valueRequired\":true,\"valueName\":\"search_term_string\"}}],\"inLanguage\":\"fr-FR\"}]}<\/script>\n<!-- \/ Yoast SEO Premium plugin. -->","yoast_head_json":{"title":"Philippines : des dirigeants syndicaux r\u00e9int\u00e9gr\u00e9s - industriall-union","description":"En mars 2019, la F\u00e9d\u00e9ration des industries du commerce de l&#039;habillement, du textile, de la chaussure, du plastique, du cuir et secteurs apparent\u00e9s","robots":{"index":"index","follow":"follow","max-snippet":"max-snippet:-1","max-image-preview":"max-image-preview:large","max-video-preview":"max-video-preview:-1"},"canonical":"https:\/\/admin.industriall-union.org\/fr\/philippines-des-dirigeants-syndicaux-reintegres\/","og_locale":"fr_FR","og_type":"article","og_title":"Philippines : des dirigeants syndicaux r\u00e9int\u00e9gr\u00e9s","og_description":"En mars 2019, la F\u00e9d\u00e9ration des industries du commerce de l&#039;habillement, du textile, de la chaussure, du plastique, du cuir et secteurs apparent\u00e9s","og_url":"https:\/\/admin.industriall-union.org\/fr\/philippines-des-dirigeants-syndicaux-reintegres\/","og_site_name":"industriall-union","article_modified_time":"2025-01-28T18:17:00+00:00","twitter_card":"summary_large_image","twitter_misc":{"Est. reading time":"3 minutes"},"schema":{"@context":"https:\/\/schema.org","@graph":[{"@type":"WebPage","@id":"https:\/\/admin.industriall-union.org\/fr\/philippines-des-dirigeants-syndicaux-reintegres\/","url":"https:\/\/admin.industriall-union.org\/fr\/philippines-des-dirigeants-syndicaux-reintegres\/","name":"Philippines : des dirigeants syndicaux r\u00e9int\u00e9gr\u00e9s - industriall-union","isPartOf":{"@id":"https:\/\/admin.industriall-union.org\/#website"},"datePublished":"2021-04-28T11:35:18+00:00","dateModified":"2025-01-28T18:17:00+00:00","description":"En mars 2019, la F\u00e9d\u00e9ration des industries du commerce de l&#039;habillement, du textile, de la chaussure, du plastique, du cuir et secteurs apparent\u00e9s","breadcrumb":{"@id":"https:\/\/admin.industriall-union.org\/fr\/philippines-des-dirigeants-syndicaux-reintegres\/#breadcrumb"},"inLanguage":"fr-FR","potentialAction":[{"@type":"ReadAction","target":["https:\/\/admin.industriall-union.org\/fr\/philippines-des-dirigeants-syndicaux-reintegres\/"]}]},{"@type":"BreadcrumbList","@id":"https:\/\/admin.industriall-union.org\/fr\/philippines-des-dirigeants-syndicaux-reintegres\/#breadcrumb","itemListElement":[{"@type":"ListItem","position":1,"name":"Home","item":"https:\/\/admin.industriall-union.org\/"},{"@type":"ListItem","position":2,"name":"Articles","item":"https:\/\/admin.industriall-union.org\/article\/"},{"@type":"ListItem","position":3,"name":"Philippines : des dirigeants syndicaux r\u00e9int\u00e9gr\u00e9s"}]},{"@type":"WebSite","@id":"https:\/\/admin.industriall-union.org\/#website","url":"https:\/\/admin.industriall-union.org\/","name":"industriall-union","description":"","potentialAction":[{"@type":"SearchAction","target":{"@type":"EntryPoint","urlTemplate":"https:\/\/admin.industriall-union.org\/?s={search_term_string}"},"query-input":{"@type":"PropertyValueSpecification","valueRequired":true,"valueName":"search_term_string"}}],"inLanguage":"fr-FR"}]}},"_links":{"self":[{"href":"https:\/\/admin.industriall-union.org\/fr\/wp-json\/wp\/v2\/article\/144749","targetHints":{"allow":["GET"]}}],"collection":[{"href":"https:\/\/admin.industriall-union.org\/fr\/wp-json\/wp\/v2\/article"}],"about":[{"href":"https:\/\/admin.industriall-union.org\/fr\/wp-json\/wp\/v2\/types\/article"}],"wp:attachment":[{"href":"https:\/\/admin.industriall-union.org\/fr\/wp-json\/wp\/v2\/media?parent=144749"}],"wp:term":[{"taxonomy":"issues","embeddable":true,"href":"https:\/\/admin.industriall-union.org\/fr\/wp-json\/wp\/v2\/issues?post=144749"},{"taxonomy":"companies","embeddable":true,"href":"https:\/\/admin.industriall-union.org\/fr\/wp-json\/wp\/v2\/companies?post=144749"},{"taxonomy":"regions","embeddable":true,"href":"https:\/\/admin.industriall-union.org\/fr\/wp-json\/wp\/v2\/regions?post=144749"},{"taxonomy":"sectors","embeddable":true,"href":"https:\/\/admin.industriall-union.org\/fr\/wp-json\/wp\/v2\/sectors?post=144749"},{"taxonomy":"article_tags","embeddable":true,"href":"https:\/\/admin.industriall-union.org\/fr\/wp-json\/wp\/v2\/article_tags?post=144749"}],"curies":[{"name":"wp","href":"https:\/\/api.w.org\/{rel}","templated":true}]}}