{"id":144748,"date":"2021-04-28T15:29:09","date_gmt":"2021-04-28T15:29:09","guid":{"rendered":"https:\/\/admin.industriall-union.org\/profil-soutenir-les-travailleurs-suedois-du-secteur-de-la-pate-et-du-papier\/"},"modified":"2025-01-28T18:15:43","modified_gmt":"2025-01-28T18:15:43","slug":"profil-soutenir-les-travailleurs-suedois-du-secteur-de-la-pate-et-du-papier","status":"publish","type":"article","link":"https:\/\/admin.industriall-union.org\/fr\/profil-soutenir-les-travailleurs-suedois-du-secteur-de-la-pate-et-du-papier\/","title":{"rendered":"PROFIL : Soutenir les travailleurs su\u00e9dois du secteur de la p\u00e2te et du papier"},"content":{"rendered":"<table border=\"1\" cellpadding=\"1\" cellspacing=\"1\" style=\"width:500px\"><tbody><tr><td colspan=\"2\"><p><strong>PROFIL<\/strong><\/p><p>Global Worker No. 1 avril 2021<\/p><\/td><\/tr><tr><td><img decoding=\"async\" alt=\"\" src=\"\" style=\"width: 300px;height: 426px\" \/><\/td><td><p><strong>Pays : <\/strong>Su\u00e8de<\/p><p><strong>Syndicat : <\/strong>Pappers, repr\u00e9sente les travailleurs et travailleuses de l&#039;industrie de la p\u00e2te et du papier<\/p><strong>Adh\u00e9rents : <\/strong>13.500<\/td><\/tr><\/tbody><\/table><blockquote><p>&ldquo;Les grands syndicats su\u00e9dois ont traditionnellement une grande influence politique, mais notre avantage est que nous connaissons r\u00e9ellement nos membres&rdquo;, d\u00e9clare Pontus Georgsson, Pr\u00e9sident de Pappers. &ldquo;Nous travaillons dur pour rester proches d&#039;eux et \u00eatre un partenaire pertinent.&rdquo;<\/p><\/blockquote><p>Pontus Georgsson est depuis 2019 le Pr\u00e9sident de ce syndicat vieux de 101 ans. Il a travaill\u00e9 22 ans dans une papeterie, dont une bonne partie en tant que repr\u00e9sentant syndical \u00e0 plein temps.<\/p><p>Dans les ann\u00e9es 1980, l&#039;industrie su\u00e9doise de la p\u00e2te et du papier employait 50.000 personnes. Aujourd&#039;hui, ce nombre est tomb\u00e9 \u00e0 13.000.&nbsp;<\/p><blockquote><p>&ldquo;En tant que syndicat, nous avons d\u00fb relever le d\u00e9fi de maintenir et de faire \u00e9voluer notre r\u00f4le afin de continuer \u00e0 repr\u00e9senter nos membres alors que l&#039;industrie subissait une transformation massive avec des fermetures d&#039;usines et des licenciements,&rdquo;<\/p><\/blockquote><p>confie Pontus Georgsson.<\/p><p>Depuis 2015, l&#039;industrie su\u00e9doise de la p\u00e2te et du papier a connu de nouvelles grandes transformations. Elle b\u00e9n\u00e9ficie d\u00e9sormais d&#039;investissements importants qui conduisent \u00e0 de meilleurs produits et \u00e0 une augmentation des capacit\u00e9s. La production de papier pour les journaux est en baisse, mais la Su\u00e8de est un important producteur de cartons et de papier pour les emballages. Environ 90 % de la production est export\u00e9e vers le reste de l&#039;Europe ou les \u00c9tats-Unis.<\/p><p>L&#039;industrie de la p\u00e2te et du papier est caract\u00e9ris\u00e9e par de grandes machineries, des v\u00e9hicules imposants et des produits chimiques puissants. En 2019, on a recens\u00e9 317 accidents du travail n\u00e9cessitant un cong\u00e9 m\u00e9dical. Pontus Georgsson affirme que la sant\u00e9 et la s\u00e9curit\u00e9 au travail restent la pierre angulaire du travail du syndicat.<\/p><p>Pappers emploie 15 personnes au niveau de son si\u00e8ge social de Stockholm, o\u00f9 le Pr\u00e9sident et deux autres \u00e9lus travaillent \u00e9galement \u00e0 temps plein. La l\u00e9gislation su\u00e9doise du travail autorise les activit\u00e9s syndicales pendant les heures de travail et la plupart des t\u00e2ches syndicales, notamment en mati\u00e8re de sant\u00e9 et de s\u00e9curit\u00e9, sont men\u00e9es par des repr\u00e9sentants syndicaux sur le lieu de travail.<\/p><p>La pand\u00e9mie de Covid-19 a fait des ravages dans de nombreuses industries un peu partout dans le monde, mais l&#039;industrie su\u00e9doise de la p\u00e2te \u00e0 papier et du papier reste relativement \u00e9pargn\u00e9e. Pontus Georgsson cite l&#039;exemple d&#039;une papeterie su\u00e9doise qui a d\u00fb fermer, une petite usine qui est l&#039;une des deux seules en Europe \u00e0 fabriquer la p\u00e2te \u00e0 papier n\u00e9cessaire \u00e0 la fabrication des sous-bocks. Le secteur de l&#039;h\u00f4tellerie et de la restauration a \u00e9t\u00e9 durement touch\u00e9 par le confinement et la fermeture des bars a eu pour cons\u00e9quence de r\u00e9duire le besoin en sous-verres.<\/p><p>La production de serviettes de table et d&#039;essuie-tout a \u00e9galement plus ou moins cess\u00e9. Le papier toilette, en revanche, a connu une hausse de production avant les confinements.<\/p><p>&ldquo;Lorsque la pand\u00e9mie a frapp\u00e9, le gouvernement su\u00e9dois a mis en place des programmes de mise au ch\u00f4mage technique. Cela signifie que les emplois ont \u00e9t\u00e9 sauv\u00e9s dans les usines o\u00f9 la production a diminu\u00e9,&rdquo; indique Pontus Georgsson.<\/p><figure class=\"imageArticle imageFull\"><img decoding=\"async\" alt=\"\" src=\"\" style=\"width: 1500px;height: 1041px\" \/><figcaption class=\"imageContent\"><div class=\"imageTitle\"><h1>Faire face \u00e0 l&#039;avenir<\/h1><\/div><\/figcaption><\/figure><p>Pappers continue \u00e0 recruter les travailleurs et travailleuses avec succ\u00e8s, bien qu&#039;il soit plus difficile d&#039;inciter les jeunes \u00e0 adh\u00e9rer au syndicat. Avant l&#039;apparition de la pand\u00e9mie de Covid-19, Pappers avait lanc\u00e9 l&#039;une des plus grandes campagnes syndicales de Su\u00e8de pour recruter de jeunes travailleurs et travailleuses. Ces projets ont d\u00fb \u00eatre mis en veilleuse mais devraient reprendre en 2022.<\/p><figure class=\"imageArticle imageMedium colorOverlay\"><img decoding=\"async\" alt=\"\" src=\"\" style=\"width: 600px;height: 612px\" \/><figcaption class=\"imageContent\"><div class=\"imageTitle\"><h1 style=\"text-align: right\">Pontus Georgsson<\/h1><\/div><\/figcaption><\/figure><blockquote><p>&ldquo;Nous devons faire un effort&quot;,<\/p><\/blockquote><p>d\u00e9clare Pontus Georgsson.<\/p><blockquote><p>&ldquo;Nous avons d\u00fb nous adapter aux circonstances et avons d\u00e8s lors fait participer 80 jeunes ambassadeurs \u00e0 des discussions et \u00e0 de la planification, afin de cr\u00e9er un engagement. Nous avons \u00e9galement visit\u00e9 les 54 papeteries de Su\u00e8de pour y rencontrer les jeunes travailleurs et travailleuses.&rdquo;<\/p><\/blockquote><p>Les femmes constituent environ 16 % de la main-d&#039;\u0153uvre totale de l&#039;industrie de la p\u00e2te et du papier. Toutefois, ce chiffre est l\u00e9g\u00e8rement plus \u00e9lev\u00e9 pour les femmes de moins de 30 ans, o\u00f9 il avoisine les 30 pour cent.<\/p><blockquote><p>&ldquo;Les choses vont dans le bon sens. Mais le faible pourcentage de femmes se refl\u00e8te parmi nos militants syndicaux. Ce nombre doit augmenter ; Pappers doit \u00eatre un syndicat attrayant pour les femmes.<\/p><p>Cela signifie, entre autres, que nous devons adapter nos conventions collectives \u00e0 la vie familiale moderne. La vie en elle-m\u00eame est plus importante que le travail et, en tant que syndicat, nous repr\u00e9sentons l&#039;ensemble de la main-d&rsquo;\u0153uvre,&rdquo;<\/p><\/blockquote><p>conclut Pontus Georgsson.<\/p>","protected":false},"featured_media":0,"template":"","issues":[408],"companies":[],"regions":[247],"sectors":[474],"article_tags":[],"class_list":["post-144748","article","type-article","status-publish","hentry","issues-global-worker","regions-sweden","sectors-pulp-and-paper"],"acf":[],"yoast_head":"<!-- This site is optimized with the Yoast SEO Premium plugin v27.1 (Yoast SEO v27.1) - https:\/\/yoast.com\/product\/yoast-seo-premium-wordpress\/ -->\n<title>PROFIL : Soutenir les travailleurs su\u00e9dois du secteur de la p\u00e2te et du papier - industriall-union<\/title>\n<meta name=\"description\" content=\"PROFILGlobal Worker No. 1 avril 2021Pays : Su\u00e8deSyndicat : Pappers, repr\u00e9sente les travailleurs et travailleuses de l&#039;industrie de la p\u00e2te et du\" \/>\n<meta name=\"robots\" content=\"index, follow, max-snippet:-1, max-image-preview:large, max-video-preview:-1\" \/>\n<link rel=\"canonical\" href=\"https:\/\/admin.industriall-union.org\/fr\/profil-soutenir-les-travailleurs-suedois-du-secteur-de-la-pate-et-du-papier\/\" \/>\n<meta property=\"og:locale\" content=\"fr_FR\" \/>\n<meta property=\"og:type\" content=\"article\" \/>\n<meta property=\"og:title\" content=\"PROFIL : Soutenir les travailleurs su\u00e9dois du secteur de la p\u00e2te et du papier\" \/>\n<meta property=\"og:description\" content=\"PROFILGlobal Worker No. 1 avril 2021Pays : Su\u00e8deSyndicat : Pappers, repr\u00e9sente les travailleurs et travailleuses de l&#039;industrie de la p\u00e2te et du\" \/>\n<meta property=\"og:url\" content=\"https:\/\/admin.industriall-union.org\/fr\/profil-soutenir-les-travailleurs-suedois-du-secteur-de-la-pate-et-du-papier\/\" \/>\n<meta property=\"og:site_name\" content=\"industriall-union\" \/>\n<meta property=\"article:modified_time\" content=\"2025-01-28T18:15:43+00:00\" \/>\n<meta name=\"twitter:card\" content=\"summary_large_image\" \/>\n<meta name=\"twitter:label1\" content=\"Est. reading time\" \/>\n\t<meta name=\"twitter:data1\" content=\"4 minutes\" \/>\n<script type=\"application\/ld+json\" class=\"yoast-schema-graph\">{\"@context\":\"https:\/\/schema.org\",\"@graph\":[{\"@type\":\"WebPage\",\"@id\":\"https:\/\/admin.industriall-union.org\/fr\/profil-soutenir-les-travailleurs-suedois-du-secteur-de-la-pate-et-du-papier\/\",\"url\":\"https:\/\/admin.industriall-union.org\/fr\/profil-soutenir-les-travailleurs-suedois-du-secteur-de-la-pate-et-du-papier\/\",\"name\":\"PROFIL : Soutenir les travailleurs su\u00e9dois du secteur de la p\u00e2te et du papier - industriall-union\",\"isPartOf\":{\"@id\":\"https:\/\/admin.industriall-union.org\/#website\"},\"datePublished\":\"2021-04-28T15:29:09+00:00\",\"dateModified\":\"2025-01-28T18:15:43+00:00\",\"description\":\"PROFILGlobal Worker No. 1 avril 2021Pays : Su\u00e8deSyndicat : Pappers, repr\u00e9sente les travailleurs et travailleuses de l&#039;industrie de la p\u00e2te et du\",\"breadcrumb\":{\"@id\":\"https:\/\/admin.industriall-union.org\/fr\/profil-soutenir-les-travailleurs-suedois-du-secteur-de-la-pate-et-du-papier\/#breadcrumb\"},\"inLanguage\":\"fr-FR\",\"potentialAction\":[{\"@type\":\"ReadAction\",\"target\":[\"https:\/\/admin.industriall-union.org\/fr\/profil-soutenir-les-travailleurs-suedois-du-secteur-de-la-pate-et-du-papier\/\"]}]},{\"@type\":\"BreadcrumbList\",\"@id\":\"https:\/\/admin.industriall-union.org\/fr\/profil-soutenir-les-travailleurs-suedois-du-secteur-de-la-pate-et-du-papier\/#breadcrumb\",\"itemListElement\":[{\"@type\":\"ListItem\",\"position\":1,\"name\":\"Home\",\"item\":\"https:\/\/admin.industriall-union.org\/\"},{\"@type\":\"ListItem\",\"position\":2,\"name\":\"Articles\",\"item\":\"https:\/\/admin.industriall-union.org\/article\/\"},{\"@type\":\"ListItem\",\"position\":3,\"name\":\"PROFIL : Soutenir les travailleurs su\u00e9dois du secteur de la p\u00e2te et du papier\"}]},{\"@type\":\"WebSite\",\"@id\":\"https:\/\/admin.industriall-union.org\/#website\",\"url\":\"https:\/\/admin.industriall-union.org\/\",\"name\":\"industriall-union\",\"description\":\"\",\"potentialAction\":[{\"@type\":\"SearchAction\",\"target\":{\"@type\":\"EntryPoint\",\"urlTemplate\":\"https:\/\/admin.industriall-union.org\/?s={search_term_string}\"},\"query-input\":{\"@type\":\"PropertyValueSpecification\",\"valueRequired\":true,\"valueName\":\"search_term_string\"}}],\"inLanguage\":\"fr-FR\"}]}<\/script>\n<!-- \/ Yoast SEO Premium plugin. -->","yoast_head_json":{"title":"PROFIL : Soutenir les travailleurs su\u00e9dois du secteur de la p\u00e2te et du papier - industriall-union","description":"PROFILGlobal Worker No. 1 avril 2021Pays : Su\u00e8deSyndicat : Pappers, repr\u00e9sente les travailleurs et travailleuses de l&#039;industrie de la p\u00e2te et du","robots":{"index":"index","follow":"follow","max-snippet":"max-snippet:-1","max-image-preview":"max-image-preview:large","max-video-preview":"max-video-preview:-1"},"canonical":"https:\/\/admin.industriall-union.org\/fr\/profil-soutenir-les-travailleurs-suedois-du-secteur-de-la-pate-et-du-papier\/","og_locale":"fr_FR","og_type":"article","og_title":"PROFIL : Soutenir les travailleurs su\u00e9dois du secteur de la p\u00e2te et du papier","og_description":"PROFILGlobal Worker No. 1 avril 2021Pays : Su\u00e8deSyndicat : Pappers, repr\u00e9sente les travailleurs et travailleuses de l&#039;industrie de la p\u00e2te et du","og_url":"https:\/\/admin.industriall-union.org\/fr\/profil-soutenir-les-travailleurs-suedois-du-secteur-de-la-pate-et-du-papier\/","og_site_name":"industriall-union","article_modified_time":"2025-01-28T18:15:43+00:00","twitter_card":"summary_large_image","twitter_misc":{"Est. reading time":"4 minutes"},"schema":{"@context":"https:\/\/schema.org","@graph":[{"@type":"WebPage","@id":"https:\/\/admin.industriall-union.org\/fr\/profil-soutenir-les-travailleurs-suedois-du-secteur-de-la-pate-et-du-papier\/","url":"https:\/\/admin.industriall-union.org\/fr\/profil-soutenir-les-travailleurs-suedois-du-secteur-de-la-pate-et-du-papier\/","name":"PROFIL : Soutenir les travailleurs su\u00e9dois du secteur de la p\u00e2te et du papier - industriall-union","isPartOf":{"@id":"https:\/\/admin.industriall-union.org\/#website"},"datePublished":"2021-04-28T15:29:09+00:00","dateModified":"2025-01-28T18:15:43+00:00","description":"PROFILGlobal Worker No. 1 avril 2021Pays : Su\u00e8deSyndicat : Pappers, repr\u00e9sente les travailleurs et travailleuses de l&#039;industrie de la p\u00e2te et du","breadcrumb":{"@id":"https:\/\/admin.industriall-union.org\/fr\/profil-soutenir-les-travailleurs-suedois-du-secteur-de-la-pate-et-du-papier\/#breadcrumb"},"inLanguage":"fr-FR","potentialAction":[{"@type":"ReadAction","target":["https:\/\/admin.industriall-union.org\/fr\/profil-soutenir-les-travailleurs-suedois-du-secteur-de-la-pate-et-du-papier\/"]}]},{"@type":"BreadcrumbList","@id":"https:\/\/admin.industriall-union.org\/fr\/profil-soutenir-les-travailleurs-suedois-du-secteur-de-la-pate-et-du-papier\/#breadcrumb","itemListElement":[{"@type":"ListItem","position":1,"name":"Home","item":"https:\/\/admin.industriall-union.org\/"},{"@type":"ListItem","position":2,"name":"Articles","item":"https:\/\/admin.industriall-union.org\/article\/"},{"@type":"ListItem","position":3,"name":"PROFIL : Soutenir les travailleurs su\u00e9dois du secteur de la p\u00e2te et du papier"}]},{"@type":"WebSite","@id":"https:\/\/admin.industriall-union.org\/#website","url":"https:\/\/admin.industriall-union.org\/","name":"industriall-union","description":"","potentialAction":[{"@type":"SearchAction","target":{"@type":"EntryPoint","urlTemplate":"https:\/\/admin.industriall-union.org\/?s={search_term_string}"},"query-input":{"@type":"PropertyValueSpecification","valueRequired":true,"valueName":"search_term_string"}}],"inLanguage":"fr-FR"}]}},"_links":{"self":[{"href":"https:\/\/admin.industriall-union.org\/fr\/wp-json\/wp\/v2\/article\/144748","targetHints":{"allow":["GET"]}}],"collection":[{"href":"https:\/\/admin.industriall-union.org\/fr\/wp-json\/wp\/v2\/article"}],"about":[{"href":"https:\/\/admin.industriall-union.org\/fr\/wp-json\/wp\/v2\/types\/article"}],"wp:attachment":[{"href":"https:\/\/admin.industriall-union.org\/fr\/wp-json\/wp\/v2\/media?parent=144748"}],"wp:term":[{"taxonomy":"issues","embeddable":true,"href":"https:\/\/admin.industriall-union.org\/fr\/wp-json\/wp\/v2\/issues?post=144748"},{"taxonomy":"companies","embeddable":true,"href":"https:\/\/admin.industriall-union.org\/fr\/wp-json\/wp\/v2\/companies?post=144748"},{"taxonomy":"regions","embeddable":true,"href":"https:\/\/admin.industriall-union.org\/fr\/wp-json\/wp\/v2\/regions?post=144748"},{"taxonomy":"sectors","embeddable":true,"href":"https:\/\/admin.industriall-union.org\/fr\/wp-json\/wp\/v2\/sectors?post=144748"},{"taxonomy":"article_tags","embeddable":true,"href":"https:\/\/admin.industriall-union.org\/fr\/wp-json\/wp\/v2\/article_tags?post=144748"}],"curies":[{"name":"wp","href":"https:\/\/api.w.org\/{rel}","templated":true}]}}