{"id":144728,"date":"2021-05-03T13:21:40","date_gmt":"2021-05-03T13:21:40","guid":{"rendered":"https:\/\/admin.industriall-union.org\/lafargeholcim-engagez-vous-concretement-en-faveur-des-droits-des-travailleurs\/"},"modified":"2025-01-28T17:55:12","modified_gmt":"2025-01-28T17:55:12","slug":"lafargeholcim-engagez-vous-concretement-en-faveur-des-droits-des-travailleurs","status":"publish","type":"article","link":"https:\/\/admin.industriall-union.org\/fr\/lafargeholcim-engagez-vous-concretement-en-faveur-des-droits-des-travailleurs\/","title":{"rendered":"LafargeHolcim, engagez-vous concr\u00e8tement en faveur des droits des travailleurs !"},"content":{"rendered":"<p>Dans le sillage des bons r\u00e9sultats financiers engrang\u00e9s en 2020, LafargeHolcim a r\u00e9cemment annonc\u00e9 que ses actionnaires seraient grassement r\u00e9tribu\u00e9s. Pourtant, sans les milliers de travailleurs oeuvrant chaque jour d&rsquo;arrache-pied \u00e0 son service, le groupe n&rsquo;aurait enregistr\u00e9 aucun b\u00e9n\u00e9fice. Beaucoup d&rsquo;entre eux ne sont m\u00eame pas reconnus en tant qu&rsquo;employ\u00e9s du groupe, et travaillent dans l&rsquo;ombre en tant que soustraitants ou travailleurs tiers.<\/p><p>Avant la fusion en 2015, l&rsquo;effectif combin\u00e9 de LafargeHolcim \u00e9tait estim\u00e9 \u00e0 plus de 140 000 salari\u00e9s directs. Un peu moins de six ans plus tard, LafargeHolcim pr\u00e9tend n&rsquo;employer que 67 000 personnes. L&rsquo;utilisation \u00e0 outrance du travail contractuel explique cette r\u00e9duction drastique de la main-d&rsquo;oeuvre. En Asie du Sud, on compte pr\u00e8s de neuf travailleurs en sous-traitance pour un employ\u00e9 permanent.<\/p><p>Malgr\u00e9 l&rsquo;annonce de sa strat\u00e9gie Ambition &laquo; 0 &raquo;, qui vise un objectif de z\u00e9ro accident professionnel, la maind&rsquo;oeuvre de LafargeHolcim continue d&rsquo;\u00e9voluer dans des conditions dangereuses et certains travailleurs y perdent m\u00eame la vie. La grande majorit\u00e9 des victimes sont des travailleurs sous-trait\u00e9s ou des travailleurs tiers.<\/p><p>Ces mauvaises pratiques de travail doivent changer ! Nous exigeons de LafargeHolcim :<\/p><ul><li>La reconnaissance des syndicats mondiaux en tant que partenaires l\u00e9gitimes et l&rsquo;engagement d&rsquo;un v\u00e9ritable dialogue en vue de signer un accordcadre mondial sur les droits des travailleurs ainsi que sur leur sant\u00e9 et leur s\u00e9curit\u00e9 au travail.<\/li><li>Le respect des normes de sant\u00e9 et de s\u00e9curit\u00e9 de l&rsquo;OIT reconnues \u00e0 l&rsquo;international et une garantie d&rsquo;acc\u00e8s, pour les syndicats, aux lieux de travail, notamment \u00e0 des fins d&rsquo;inspection, tout en permettant aux travailleurs de refuser un travail jug\u00e9 dangereux.<\/li><li>La r\u00e9glementation de la sous-traitance au sein de l&rsquo;entreprise et l&rsquo;assurance d&rsquo;une bonne protection en faveur des travailleurs sous-trait\u00e9s et des travailleurs tiers, en particulier durant la pand\u00e9mie de Covid-19 et au cours de la p\u00e9riode post-pand\u00e9mie.<\/li><li>L&rsquo;inclusion d&rsquo;une dimension sociale dans les politiques de l&rsquo;entreprise relatives \u00e0 l&rsquo;att\u00e9nuation du changement climatique et \u00e0 la num\u00e9risation et la garantie de conditions d&rsquo;emploi d\u00e9centes et d&rsquo;une transition juste.<\/li><\/ul><p>T\u00e9l\u00e9chargez les tracts de campagne en bas:<\/p>","protected":false},"featured_media":0,"template":"","issues":[],"companies":[87],"regions":[],"sectors":[449],"article_tags":[],"class_list":["post-144728","article","type-article","status-publish","hentry","companies-lafargeholcim","sectors-verres-ciment-ceramique-et-industries-associees"],"acf":[],"yoast_head":"<!-- This site is optimized with the Yoast SEO Premium plugin v27.1 (Yoast SEO v27.1) - https:\/\/yoast.com\/product\/yoast-seo-premium-wordpress\/ -->\n<title>LafargeHolcim, engagez-vous concr\u00e8tement en faveur des droits des travailleurs ! - industriall-union<\/title>\n<meta name=\"description\" content=\"Dans le sillage des bons r\u00e9sultats financiers engrang\u00e9s en 2020, LafargeHolcim a r\u00e9cemment annonc\u00e9 que ses actionnaires seraient grassement r\u00e9tribu\u00e9s.\" \/>\n<meta name=\"robots\" content=\"index, follow, max-snippet:-1, max-image-preview:large, max-video-preview:-1\" \/>\n<link rel=\"canonical\" href=\"https:\/\/admin.industriall-union.org\/fr\/lafargeholcim-engagez-vous-concretement-en-faveur-des-droits-des-travailleurs\/\" \/>\n<meta property=\"og:locale\" content=\"fr_FR\" \/>\n<meta property=\"og:type\" content=\"article\" \/>\n<meta property=\"og:title\" content=\"LafargeHolcim, engagez-vous concr\u00e8tement en faveur des droits des travailleurs !\" \/>\n<meta property=\"og:description\" content=\"Dans le sillage des bons r\u00e9sultats financiers engrang\u00e9s en 2020, LafargeHolcim a r\u00e9cemment annonc\u00e9 que ses actionnaires seraient grassement r\u00e9tribu\u00e9s.\" \/>\n<meta property=\"og:url\" content=\"https:\/\/admin.industriall-union.org\/fr\/lafargeholcim-engagez-vous-concretement-en-faveur-des-droits-des-travailleurs\/\" \/>\n<meta property=\"og:site_name\" content=\"industriall-union\" \/>\n<meta property=\"article:modified_time\" content=\"2025-01-28T17:55:12+00:00\" \/>\n<meta name=\"twitter:card\" content=\"summary_large_image\" \/>\n<meta name=\"twitter:label1\" content=\"Est. reading time\" \/>\n\t<meta name=\"twitter:data1\" content=\"2 minutes\" \/>\n<script type=\"application\/ld+json\" class=\"yoast-schema-graph\">{\"@context\":\"https:\/\/schema.org\",\"@graph\":[{\"@type\":\"WebPage\",\"@id\":\"https:\/\/admin.industriall-union.org\/fr\/lafargeholcim-engagez-vous-concretement-en-faveur-des-droits-des-travailleurs\/\",\"url\":\"https:\/\/admin.industriall-union.org\/fr\/lafargeholcim-engagez-vous-concretement-en-faveur-des-droits-des-travailleurs\/\",\"name\":\"LafargeHolcim, engagez-vous concr\u00e8tement en faveur des droits des travailleurs ! - industriall-union\",\"isPartOf\":{\"@id\":\"https:\/\/admin.industriall-union.org\/#website\"},\"datePublished\":\"2021-05-03T13:21:40+00:00\",\"dateModified\":\"2025-01-28T17:55:12+00:00\",\"description\":\"Dans le sillage des bons r\u00e9sultats financiers engrang\u00e9s en 2020, LafargeHolcim a r\u00e9cemment annonc\u00e9 que ses actionnaires seraient grassement r\u00e9tribu\u00e9s.\",\"breadcrumb\":{\"@id\":\"https:\/\/admin.industriall-union.org\/fr\/lafargeholcim-engagez-vous-concretement-en-faveur-des-droits-des-travailleurs\/#breadcrumb\"},\"inLanguage\":\"fr-FR\",\"potentialAction\":[{\"@type\":\"ReadAction\",\"target\":[\"https:\/\/admin.industriall-union.org\/fr\/lafargeholcim-engagez-vous-concretement-en-faveur-des-droits-des-travailleurs\/\"]}]},{\"@type\":\"BreadcrumbList\",\"@id\":\"https:\/\/admin.industriall-union.org\/fr\/lafargeholcim-engagez-vous-concretement-en-faveur-des-droits-des-travailleurs\/#breadcrumb\",\"itemListElement\":[{\"@type\":\"ListItem\",\"position\":1,\"name\":\"Home\",\"item\":\"https:\/\/admin.industriall-union.org\/\"},{\"@type\":\"ListItem\",\"position\":2,\"name\":\"Articles\",\"item\":\"https:\/\/admin.industriall-union.org\/article\/\"},{\"@type\":\"ListItem\",\"position\":3,\"name\":\"LafargeHolcim, engagez-vous concr\u00e8tement en faveur des droits des travailleurs !\"}]},{\"@type\":\"WebSite\",\"@id\":\"https:\/\/admin.industriall-union.org\/#website\",\"url\":\"https:\/\/admin.industriall-union.org\/\",\"name\":\"industriall-union\",\"description\":\"\",\"potentialAction\":[{\"@type\":\"SearchAction\",\"target\":{\"@type\":\"EntryPoint\",\"urlTemplate\":\"https:\/\/admin.industriall-union.org\/?s={search_term_string}\"},\"query-input\":{\"@type\":\"PropertyValueSpecification\",\"valueRequired\":true,\"valueName\":\"search_term_string\"}}],\"inLanguage\":\"fr-FR\"}]}<\/script>\n<!-- \/ Yoast SEO Premium plugin. -->","yoast_head_json":{"title":"LafargeHolcim, engagez-vous concr\u00e8tement en faveur des droits des travailleurs ! - industriall-union","description":"Dans le sillage des bons r\u00e9sultats financiers engrang\u00e9s en 2020, LafargeHolcim a r\u00e9cemment annonc\u00e9 que ses actionnaires seraient grassement r\u00e9tribu\u00e9s.","robots":{"index":"index","follow":"follow","max-snippet":"max-snippet:-1","max-image-preview":"max-image-preview:large","max-video-preview":"max-video-preview:-1"},"canonical":"https:\/\/admin.industriall-union.org\/fr\/lafargeholcim-engagez-vous-concretement-en-faveur-des-droits-des-travailleurs\/","og_locale":"fr_FR","og_type":"article","og_title":"LafargeHolcim, engagez-vous concr\u00e8tement en faveur des droits des travailleurs !","og_description":"Dans le sillage des bons r\u00e9sultats financiers engrang\u00e9s en 2020, LafargeHolcim a r\u00e9cemment annonc\u00e9 que ses actionnaires seraient grassement r\u00e9tribu\u00e9s.","og_url":"https:\/\/admin.industriall-union.org\/fr\/lafargeholcim-engagez-vous-concretement-en-faveur-des-droits-des-travailleurs\/","og_site_name":"industriall-union","article_modified_time":"2025-01-28T17:55:12+00:00","twitter_card":"summary_large_image","twitter_misc":{"Est. reading time":"2 minutes"},"schema":{"@context":"https:\/\/schema.org","@graph":[{"@type":"WebPage","@id":"https:\/\/admin.industriall-union.org\/fr\/lafargeholcim-engagez-vous-concretement-en-faveur-des-droits-des-travailleurs\/","url":"https:\/\/admin.industriall-union.org\/fr\/lafargeholcim-engagez-vous-concretement-en-faveur-des-droits-des-travailleurs\/","name":"LafargeHolcim, engagez-vous concr\u00e8tement en faveur des droits des travailleurs ! - industriall-union","isPartOf":{"@id":"https:\/\/admin.industriall-union.org\/#website"},"datePublished":"2021-05-03T13:21:40+00:00","dateModified":"2025-01-28T17:55:12+00:00","description":"Dans le sillage des bons r\u00e9sultats financiers engrang\u00e9s en 2020, LafargeHolcim a r\u00e9cemment annonc\u00e9 que ses actionnaires seraient grassement r\u00e9tribu\u00e9s.","breadcrumb":{"@id":"https:\/\/admin.industriall-union.org\/fr\/lafargeholcim-engagez-vous-concretement-en-faveur-des-droits-des-travailleurs\/#breadcrumb"},"inLanguage":"fr-FR","potentialAction":[{"@type":"ReadAction","target":["https:\/\/admin.industriall-union.org\/fr\/lafargeholcim-engagez-vous-concretement-en-faveur-des-droits-des-travailleurs\/"]}]},{"@type":"BreadcrumbList","@id":"https:\/\/admin.industriall-union.org\/fr\/lafargeholcim-engagez-vous-concretement-en-faveur-des-droits-des-travailleurs\/#breadcrumb","itemListElement":[{"@type":"ListItem","position":1,"name":"Home","item":"https:\/\/admin.industriall-union.org\/"},{"@type":"ListItem","position":2,"name":"Articles","item":"https:\/\/admin.industriall-union.org\/article\/"},{"@type":"ListItem","position":3,"name":"LafargeHolcim, engagez-vous concr\u00e8tement en faveur des droits des travailleurs !"}]},{"@type":"WebSite","@id":"https:\/\/admin.industriall-union.org\/#website","url":"https:\/\/admin.industriall-union.org\/","name":"industriall-union","description":"","potentialAction":[{"@type":"SearchAction","target":{"@type":"EntryPoint","urlTemplate":"https:\/\/admin.industriall-union.org\/?s={search_term_string}"},"query-input":{"@type":"PropertyValueSpecification","valueRequired":true,"valueName":"search_term_string"}}],"inLanguage":"fr-FR"}]}},"_links":{"self":[{"href":"https:\/\/admin.industriall-union.org\/fr\/wp-json\/wp\/v2\/article\/144728","targetHints":{"allow":["GET"]}}],"collection":[{"href":"https:\/\/admin.industriall-union.org\/fr\/wp-json\/wp\/v2\/article"}],"about":[{"href":"https:\/\/admin.industriall-union.org\/fr\/wp-json\/wp\/v2\/types\/article"}],"wp:attachment":[{"href":"https:\/\/admin.industriall-union.org\/fr\/wp-json\/wp\/v2\/media?parent=144728"}],"wp:term":[{"taxonomy":"issues","embeddable":true,"href":"https:\/\/admin.industriall-union.org\/fr\/wp-json\/wp\/v2\/issues?post=144728"},{"taxonomy":"companies","embeddable":true,"href":"https:\/\/admin.industriall-union.org\/fr\/wp-json\/wp\/v2\/companies?post=144728"},{"taxonomy":"regions","embeddable":true,"href":"https:\/\/admin.industriall-union.org\/fr\/wp-json\/wp\/v2\/regions?post=144728"},{"taxonomy":"sectors","embeddable":true,"href":"https:\/\/admin.industriall-union.org\/fr\/wp-json\/wp\/v2\/sectors?post=144728"},{"taxonomy":"article_tags","embeddable":true,"href":"https:\/\/admin.industriall-union.org\/fr\/wp-json\/wp\/v2\/article_tags?post=144728"}],"curies":[{"name":"wp","href":"https:\/\/api.w.org\/{rel}","templated":true}]}}