{"id":144722,"date":"2021-05-10T15:23:23","date_gmt":"2021-05-10T15:23:23","guid":{"rendered":"https:\/\/admin.industriall-union.org\/industriall-et-anglo-american-fixent-le-cadre-d-039-un-dialogue-mondial\/"},"modified":"2025-01-28T17:26:29","modified_gmt":"2025-01-28T17:26:29","slug":"industriall-et-anglo-american-fixent-le-cadre-d-039-un-dialogue-mondial","status":"publish","type":"article","link":"https:\/\/admin.industriall-union.org\/fr\/industriall-et-anglo-american-fixent-le-cadre-d-039-un-dialogue-mondial\/","title":{"rendered":"IndustriALL et Anglo American fixent le cadre d&#039;un dialogue mondial"},"content":{"rendered":"<p>Anglo American reconna\u00eet IndustriALL comme interlocuteur mondial et d\u00e9clare son attachement aux droits fondamentaux au travail d\u00e9finis par l&#039;OIT, et met en place des m\u00e9canismes de contr\u00f4le permanent pour faire en sorte que les travailleurs jouissent effectivement de ces droits fondamentaux.<\/p><p>Le m\u00e9canisme de dialogue mondial sera activ\u00e9 au moins deux fois par an.<\/p><p>Il pr\u00e9voit notamment :<\/p><ul><li>l&#039;identification de possibilit\u00e9s de collaboration sur les questions de sant\u00e9 et s\u00e9curit\u00e9 au travail, y compris la violence fond\u00e9e sur le genre;<\/li><\/ul><ul><li>la possibilit\u00e9 de discuter du code de conduite d&#039;Anglo American et d&#039;un cadre permettant d&#039;agir sur des questions de politique d&#039;int\u00e9r\u00eat commun, comme par exemple la gestion de l&#039;introduction de nouvelles technologies;<\/li><\/ul><ul><li>un dialogue continu et une action commune sur les r\u00e9ponses au Covid-19 destin\u00e9es \u00e0 att\u00e9nuer l&#039;impact sur les travailleurs et les communaut\u00e9s;<\/li><\/ul><ul><li>un dialogue sur la mani\u00e8re de mener \u00e0 bien une Transition juste pour les travailleurs de l&#039;industrie charbonni\u00e8re;<\/li><\/ul><ul><li>un engagement commun en faveur de l&#039;Initiative for Responsible Mining Assurance (IRMA).<\/li><\/ul><p>Selon le P-DG d&#039;Anglo American, Mark Cutifiani,<\/p><blockquote><p>&quot;L&#039;ann\u00e9e derni\u00e8re nous a rappel\u00e9 une fois de plus la valeur de la collaboration dans toute l&#039;industrie mini\u00e8re. Alors que les \u00e9conomies repartent et que nous nous orientons vers un avenir \u00e0 faible carbone, le dialogue avec nos salari\u00e9s et leurs repr\u00e9sentants n&#039;a jamais autant compt\u00e9. C&#039;est pourquoi je me f\u00e9licite de cette chance que nous avons de poursuivre le dialogue avec IndustriALL et me r\u00e9jouis d&#039;une coop\u00e9ration future productive.&quot;<\/p><\/blockquote><p>La signature de ce m\u00e9morandum d&#039;accord est l&#039;aboutissement d&#039;un processus entam\u00e9 au plus fort de la crise des mati\u00e8res premi\u00e8res, alors que, partout dans l&#039;industrie mini\u00e8re, les travailleurs perdaient leurs emplois et que protestations et gr\u00e8ves marquaient les relations professionnelles. Le Covid-19 a aussi \u00e9t\u00e9 \u00e9prouvant pour l&#039;industrie mini\u00e8re mais il a \u00e9t\u00e9 l&#039;occasion de poursuivre le dialogue et la collaboration entre les deux parties.<\/p><p>Le secr\u00e9taire g\u00e9n\u00e9ral d&#039;IndustriALL, Valter Sanches, a d\u00e9clar\u00e9 :<\/p><blockquote><p>&quot;Ce m\u00e9morandum d&#039;accord fera date dans l&#039;industrie mini\u00e8re et ouvre, avec Anglo American, des pistes pour am\u00e9liorer les processus de r\u00e8glement des conflits. Cet engagement va au-del\u00e0 d&#039;un acc\u00e8s effectif aux droits fondamentaux au travail et s&#039;\u00e9tend \u00e0 la sant\u00e9 et la s\u00e9curit\u00e9, \u00e0 la gestion de l&#039;introduction des nouvelles technologies et \u00e0 une Transition juste pour les mineurs de charbon et les communaut\u00e9s proches des activit\u00e9s d&#039;Anglo American.&quot;<\/p><\/blockquote><p>Anglo American est le premier producteur mondial de platine, avec 40 pour cent de la production mondiale, et un gros producteur de diamants, de cuivre, de nickel, de minerai de fer et de charbon m\u00e9tallurgique et thermique. Il emploie plus de 90.000 personnes. &nbsp;<\/p><figure class=\"imageArticle imageFull\"><img decoding=\"async\" alt=\"\" src=\"\" style=\"width: 1200px;height: 593px\" \/><figcaption class=\"imageContent\">&nbsp;<\/figcaption><\/figure><figure class=\"imageArticle imageFull\"><figcaption class=\"imageContent\">&nbsp;<\/figcaption><\/figure><figure class=\"imageArticle imageFull\"><figcaption class=\"imageContent\">&nbsp;<\/figcaption><\/figure>","protected":false},"featured_media":0,"template":"","issues":[407,425],"companies":[],"regions":[248,251],"sectors":[494],"article_tags":[],"class_list":["post-144722","article","type-article","status-publish","hentry","issues-global-framework-agreements","issues-workers-rights","regions-switzerland","regions-united-kingdom","sectors-mining-and-dgojp"],"acf":[],"yoast_head":"<!-- This site is optimized with the Yoast SEO Premium plugin v27.1 (Yoast SEO v27.1) - https:\/\/yoast.com\/product\/yoast-seo-premium-wordpress\/ -->\n<title>IndustriALL et Anglo American fixent le cadre d&#039;un dialogue mondial - industriall-union<\/title>\n<meta name=\"description\" content=\"Anglo American reconna\u00eet IndustriALL comme interlocuteur mondial et d\u00e9clare son attachement aux droits fondamentaux au travail d\u00e9finis par l&#039;OIT, et\" \/>\n<meta name=\"robots\" content=\"index, follow, max-snippet:-1, max-image-preview:large, max-video-preview:-1\" \/>\n<link rel=\"canonical\" href=\"https:\/\/admin.industriall-union.org\/fr\/industriall-et-anglo-american-fixent-le-cadre-d-039-un-dialogue-mondial\/\" \/>\n<meta property=\"og:locale\" content=\"fr_FR\" \/>\n<meta property=\"og:type\" content=\"article\" \/>\n<meta property=\"og:title\" content=\"IndustriALL et Anglo American fixent le cadre d&#039;un dialogue mondial\" \/>\n<meta property=\"og:description\" content=\"Anglo American reconna\u00eet IndustriALL comme interlocuteur mondial et d\u00e9clare son attachement aux droits fondamentaux au travail d\u00e9finis par l&#039;OIT, et\" \/>\n<meta property=\"og:url\" content=\"https:\/\/admin.industriall-union.org\/fr\/industriall-et-anglo-american-fixent-le-cadre-d-039-un-dialogue-mondial\/\" \/>\n<meta property=\"og:site_name\" content=\"industriall-union\" \/>\n<meta property=\"article:modified_time\" content=\"2025-01-28T17:26:29+00:00\" \/>\n<meta name=\"twitter:card\" content=\"summary_large_image\" \/>\n<meta name=\"twitter:label1\" content=\"Est. reading time\" \/>\n\t<meta name=\"twitter:data1\" content=\"2 minutes\" \/>\n<script type=\"application\/ld+json\" class=\"yoast-schema-graph\">{\"@context\":\"https:\/\/schema.org\",\"@graph\":[{\"@type\":\"WebPage\",\"@id\":\"https:\/\/admin.industriall-union.org\/fr\/industriall-et-anglo-american-fixent-le-cadre-d-039-un-dialogue-mondial\/\",\"url\":\"https:\/\/admin.industriall-union.org\/fr\/industriall-et-anglo-american-fixent-le-cadre-d-039-un-dialogue-mondial\/\",\"name\":\"IndustriALL et Anglo American fixent le cadre d&#039;un dialogue mondial - industriall-union\",\"isPartOf\":{\"@id\":\"https:\/\/admin.industriall-union.org\/#website\"},\"datePublished\":\"2021-05-10T15:23:23+00:00\",\"dateModified\":\"2025-01-28T17:26:29+00:00\",\"description\":\"Anglo American reconna\u00eet IndustriALL comme interlocuteur mondial et d\u00e9clare son attachement aux droits fondamentaux au travail d\u00e9finis par l&#039;OIT, et\",\"breadcrumb\":{\"@id\":\"https:\/\/admin.industriall-union.org\/fr\/industriall-et-anglo-american-fixent-le-cadre-d-039-un-dialogue-mondial\/#breadcrumb\"},\"inLanguage\":\"fr-FR\",\"potentialAction\":[{\"@type\":\"ReadAction\",\"target\":[\"https:\/\/admin.industriall-union.org\/fr\/industriall-et-anglo-american-fixent-le-cadre-d-039-un-dialogue-mondial\/\"]}]},{\"@type\":\"BreadcrumbList\",\"@id\":\"https:\/\/admin.industriall-union.org\/fr\/industriall-et-anglo-american-fixent-le-cadre-d-039-un-dialogue-mondial\/#breadcrumb\",\"itemListElement\":[{\"@type\":\"ListItem\",\"position\":1,\"name\":\"Home\",\"item\":\"https:\/\/admin.industriall-union.org\/\"},{\"@type\":\"ListItem\",\"position\":2,\"name\":\"Articles\",\"item\":\"https:\/\/admin.industriall-union.org\/article\/\"},{\"@type\":\"ListItem\",\"position\":3,\"name\":\"IndustriALL et Anglo American fixent le cadre d&#039;un dialogue mondial\"}]},{\"@type\":\"WebSite\",\"@id\":\"https:\/\/admin.industriall-union.org\/#website\",\"url\":\"https:\/\/admin.industriall-union.org\/\",\"name\":\"industriall-union\",\"description\":\"\",\"potentialAction\":[{\"@type\":\"SearchAction\",\"target\":{\"@type\":\"EntryPoint\",\"urlTemplate\":\"https:\/\/admin.industriall-union.org\/?s={search_term_string}\"},\"query-input\":{\"@type\":\"PropertyValueSpecification\",\"valueRequired\":true,\"valueName\":\"search_term_string\"}}],\"inLanguage\":\"fr-FR\"}]}<\/script>\n<!-- \/ Yoast SEO Premium plugin. -->","yoast_head_json":{"title":"IndustriALL et Anglo American fixent le cadre d&#039;un dialogue mondial - industriall-union","description":"Anglo American reconna\u00eet IndustriALL comme interlocuteur mondial et d\u00e9clare son attachement aux droits fondamentaux au travail d\u00e9finis par l&#039;OIT, et","robots":{"index":"index","follow":"follow","max-snippet":"max-snippet:-1","max-image-preview":"max-image-preview:large","max-video-preview":"max-video-preview:-1"},"canonical":"https:\/\/admin.industriall-union.org\/fr\/industriall-et-anglo-american-fixent-le-cadre-d-039-un-dialogue-mondial\/","og_locale":"fr_FR","og_type":"article","og_title":"IndustriALL et Anglo American fixent le cadre d&#039;un dialogue mondial","og_description":"Anglo American reconna\u00eet IndustriALL comme interlocuteur mondial et d\u00e9clare son attachement aux droits fondamentaux au travail d\u00e9finis par l&#039;OIT, et","og_url":"https:\/\/admin.industriall-union.org\/fr\/industriall-et-anglo-american-fixent-le-cadre-d-039-un-dialogue-mondial\/","og_site_name":"industriall-union","article_modified_time":"2025-01-28T17:26:29+00:00","twitter_card":"summary_large_image","twitter_misc":{"Est. reading time":"2 minutes"},"schema":{"@context":"https:\/\/schema.org","@graph":[{"@type":"WebPage","@id":"https:\/\/admin.industriall-union.org\/fr\/industriall-et-anglo-american-fixent-le-cadre-d-039-un-dialogue-mondial\/","url":"https:\/\/admin.industriall-union.org\/fr\/industriall-et-anglo-american-fixent-le-cadre-d-039-un-dialogue-mondial\/","name":"IndustriALL et Anglo American fixent le cadre d&#039;un dialogue mondial - industriall-union","isPartOf":{"@id":"https:\/\/admin.industriall-union.org\/#website"},"datePublished":"2021-05-10T15:23:23+00:00","dateModified":"2025-01-28T17:26:29+00:00","description":"Anglo American reconna\u00eet IndustriALL comme interlocuteur mondial et d\u00e9clare son attachement aux droits fondamentaux au travail d\u00e9finis par l&#039;OIT, et","breadcrumb":{"@id":"https:\/\/admin.industriall-union.org\/fr\/industriall-et-anglo-american-fixent-le-cadre-d-039-un-dialogue-mondial\/#breadcrumb"},"inLanguage":"fr-FR","potentialAction":[{"@type":"ReadAction","target":["https:\/\/admin.industriall-union.org\/fr\/industriall-et-anglo-american-fixent-le-cadre-d-039-un-dialogue-mondial\/"]}]},{"@type":"BreadcrumbList","@id":"https:\/\/admin.industriall-union.org\/fr\/industriall-et-anglo-american-fixent-le-cadre-d-039-un-dialogue-mondial\/#breadcrumb","itemListElement":[{"@type":"ListItem","position":1,"name":"Home","item":"https:\/\/admin.industriall-union.org\/"},{"@type":"ListItem","position":2,"name":"Articles","item":"https:\/\/admin.industriall-union.org\/article\/"},{"@type":"ListItem","position":3,"name":"IndustriALL et Anglo American fixent le cadre d&#039;un dialogue mondial"}]},{"@type":"WebSite","@id":"https:\/\/admin.industriall-union.org\/#website","url":"https:\/\/admin.industriall-union.org\/","name":"industriall-union","description":"","potentialAction":[{"@type":"SearchAction","target":{"@type":"EntryPoint","urlTemplate":"https:\/\/admin.industriall-union.org\/?s={search_term_string}"},"query-input":{"@type":"PropertyValueSpecification","valueRequired":true,"valueName":"search_term_string"}}],"inLanguage":"fr-FR"}]}},"_links":{"self":[{"href":"https:\/\/admin.industriall-union.org\/fr\/wp-json\/wp\/v2\/article\/144722","targetHints":{"allow":["GET"]}}],"collection":[{"href":"https:\/\/admin.industriall-union.org\/fr\/wp-json\/wp\/v2\/article"}],"about":[{"href":"https:\/\/admin.industriall-union.org\/fr\/wp-json\/wp\/v2\/types\/article"}],"wp:attachment":[{"href":"https:\/\/admin.industriall-union.org\/fr\/wp-json\/wp\/v2\/media?parent=144722"}],"wp:term":[{"taxonomy":"issues","embeddable":true,"href":"https:\/\/admin.industriall-union.org\/fr\/wp-json\/wp\/v2\/issues?post=144722"},{"taxonomy":"companies","embeddable":true,"href":"https:\/\/admin.industriall-union.org\/fr\/wp-json\/wp\/v2\/companies?post=144722"},{"taxonomy":"regions","embeddable":true,"href":"https:\/\/admin.industriall-union.org\/fr\/wp-json\/wp\/v2\/regions?post=144722"},{"taxonomy":"sectors","embeddable":true,"href":"https:\/\/admin.industriall-union.org\/fr\/wp-json\/wp\/v2\/sectors?post=144722"},{"taxonomy":"article_tags","embeddable":true,"href":"https:\/\/admin.industriall-union.org\/fr\/wp-json\/wp\/v2\/article_tags?post=144722"}],"curies":[{"name":"wp","href":"https:\/\/api.w.org\/{rel}","templated":true}]}}