{"id":144686,"date":"2021-06-02T13:18:22","date_gmt":"2021-06-02T13:18:22","guid":{"rendered":"https:\/\/admin.industriall-union.org\/le-tribunal-statue-que-shell-doit-reduire-ses-emissions-de-gaz-a-effet-de-serre\/"},"modified":"2025-01-28T16:26:53","modified_gmt":"2025-01-28T16:26:53","slug":"le-tribunal-statue-que-shell-doit-reduire-ses-emissions-de-gaz-a-effet-de-serre","status":"publish","type":"article","link":"https:\/\/admin.industriall-union.org\/fr\/le-tribunal-statue-que-shell-doit-reduire-ses-emissions-de-gaz-a-effet-de-serre\/","title":{"rendered":"Le tribunal statue que Shell doit r\u00e9duire ses \u00e9missions de gaz \u00e0 effet de serre"},"content":{"rendered":"<p>Cette avanc\u00e9e remarquable vers la responsabilisation des entreprises est intervenue apr\u00e8s que des groupes militants ont intent\u00e9 une action en justice en avril 2019 au nom de plus de 17.000 citoyens n\u00e9erlandais, all\u00e9guant que les investissements ininterrompus de Shell dans les combustibles fossiles repr\u00e9sentent une menace pour les droits de l&rsquo;homme. Le tribunal, consid\u00e9rant que &ldquo;la politique climatique de Shell n&rsquo;est pas concr\u00e8te et pleine de conditions (&#8230;) ce qui n&rsquo;est pas suffisant&rdquo;, a ordonn\u00e9 \u00e0 l&rsquo;entreprise de r\u00e9duire ses \u00e9missions de carbone d&rsquo;un pourcentage consid\u00e9rable de 45 % d&rsquo;ici 2030.<\/p><p>Ce jugement cr\u00e9e un pr\u00e9c\u00e9dent important, car il ouvre la voie \u00e0 des proc\u00e8s sur le changement climatique \u00e0 l&rsquo;encontre d&rsquo;autres entreprises du secteur de l&rsquo;\u00e9nergie, telles que Total, BP, Exxon ou Chevron, les obligeant \u00e0 aller plus loin dans leurs plans de r\u00e9duction des \u00e9missions et leur mise en \u0153uvre.<\/p><p>Shell a d\u00e9clar\u00e9 qu&rsquo;elle ferait appel de la d\u00e9cision et qu&rsquo;elle avait fix\u00e9 pour objectif de devenir neutre en carbone d&rsquo;ici \u00e0 2050.<\/p><p>Cependant, lors d&rsquo;une r\u00e9cente interview sur les objectifs en mati\u00e8re d&rsquo;\u00e9nergie propre, le PDG de Shell, Ben Van Beurden, a d\u00e9clar\u00e9 que l&rsquo;entreprise se concentrait sur la demande et esp\u00e9rait que la demande de p\u00e9trole et de gaz existerait encore tr\u00e8s longtemps. Ainsi, tant que la demande de p\u00e9trole et de gaz persistera, Shell continuera \u00e0 forer, ce qui rend ses compromis non-vraisemblables.<\/p><p>Valter Sanches, Secr\u00e9taire g\u00e9n\u00e9ral d&rsquo;IndustriALL Global Union, a d\u00e9clar\u00e9&nbsp;:<\/p><blockquote><p>&ldquo;Shell a failli \u00e0 sa responsabilit\u00e9 de diligence raisonnable en vertu de la loi n\u00e9erlandaise, car ses politiques et ses \u00e9missions contribuent \u00e0 un changement climatique dangereux. Nous attendons et exigeons que ce jugement oblige Shell et les autres compagnies p\u00e9troli\u00e8res \u00e0 d\u00e9velopper de v\u00e9ritables plans pour r\u00e9duire leurs \u00e9missions de carbone et investir dans des \u00e9nergies et des produits verts accompagn\u00e9s d&rsquo;une Transition juste, socialement acceptable. La transition doit se faire en consultation avec les travailleurs et leurs syndicats afin d&rsquo;atteindre la justice sur les lieux de travail et au sein des communaut\u00e9s.&rdquo;<\/p><\/blockquote><p>IndustriALL Global Union dispose d&rsquo;un r\u00e9seau de syndicats avec la participation de ses affili\u00e9s concern\u00e9s, qui a men\u00e9 une campagne demandant \u00e0 Shell d&rsquo;appliquer \u00e0 ses activit\u00e9s les m\u00eames normes de haut niveau partout, y compris chez ses fournisseurs. Mais l&rsquo;entreprise reste hostile aux syndicats et ne parvient pas \u00e0 s&rsquo;engager avec eux au niveau mondial pour limiter le travail pr\u00e9caire et am\u00e9liorer la sant\u00e9 et la s\u00e9curit\u00e9. R\u00e9cemment, aux \u00c9tats-Unis, Shell a soudainement d\u00e9cid\u00e9 de se retirer du secteur du raffinage en vendant la raffinerie de Puget \u00e0 HollyFrontier et celle de Deer Park \u00e0 la compagnie p\u00e9troli\u00e8re publique mexicaine Pemex et ce, bien que cette entit\u00e9 a toujours \u00e9t\u00e9 pr\u00e9sent\u00e9e comme la raffinerie phare de Shell aux \u00c9tats-Unis. Les travailleurs et travailleuses de cette raffinerie sont membres de l&rsquo;USW, affili\u00e9 \u00e0 IndustriALL.<\/p>","protected":false},"featured_media":0,"template":"","issues":[395],"companies":[123],"regions":[],"sectors":[483],"article_tags":[],"class_list":["post-144686","article","type-article","status-publish","hentry","issues-shell","companies-shell","sectors-energy-oil-gas-electricity-and-nuclear"],"acf":[],"yoast_head":"<!-- This site is optimized with the Yoast SEO Premium plugin v27.1 (Yoast SEO v27.1) - https:\/\/yoast.com\/product\/yoast-seo-premium-wordpress\/ -->\n<title>Le tribunal statue que Shell doit r\u00e9duire ses \u00e9missions de gaz \u00e0 effet de serre - industriall-union<\/title>\n<meta name=\"description\" content=\"Cette avanc\u00e9e remarquable vers la responsabilisation des entreprises est intervenue apr\u00e8s que des groupes militants ont intent\u00e9 une action en justice en\" \/>\n<meta name=\"robots\" content=\"index, follow, max-snippet:-1, max-image-preview:large, max-video-preview:-1\" \/>\n<link rel=\"canonical\" href=\"https:\/\/admin.industriall-union.org\/fr\/le-tribunal-statue-que-shell-doit-reduire-ses-emissions-de-gaz-a-effet-de-serre\/\" \/>\n<meta property=\"og:locale\" content=\"fr_FR\" \/>\n<meta property=\"og:type\" content=\"article\" \/>\n<meta property=\"og:title\" content=\"Le tribunal statue que Shell doit r\u00e9duire ses \u00e9missions de gaz \u00e0 effet de serre\" \/>\n<meta property=\"og:description\" content=\"Cette avanc\u00e9e remarquable vers la responsabilisation des entreprises est intervenue apr\u00e8s que des groupes militants ont intent\u00e9 une action en justice en\" \/>\n<meta property=\"og:url\" content=\"https:\/\/admin.industriall-union.org\/fr\/le-tribunal-statue-que-shell-doit-reduire-ses-emissions-de-gaz-a-effet-de-serre\/\" \/>\n<meta property=\"og:site_name\" content=\"industriall-union\" \/>\n<meta property=\"article:modified_time\" content=\"2025-01-28T16:26:53+00:00\" \/>\n<meta name=\"twitter:card\" content=\"summary_large_image\" \/>\n<meta name=\"twitter:label1\" content=\"Est. reading time\" \/>\n\t<meta name=\"twitter:data1\" content=\"3 minutes\" \/>\n<script type=\"application\/ld+json\" class=\"yoast-schema-graph\">{\"@context\":\"https:\/\/schema.org\",\"@graph\":[{\"@type\":\"WebPage\",\"@id\":\"https:\/\/admin.industriall-union.org\/fr\/le-tribunal-statue-que-shell-doit-reduire-ses-emissions-de-gaz-a-effet-de-serre\/\",\"url\":\"https:\/\/admin.industriall-union.org\/fr\/le-tribunal-statue-que-shell-doit-reduire-ses-emissions-de-gaz-a-effet-de-serre\/\",\"name\":\"Le tribunal statue que Shell doit r\u00e9duire ses \u00e9missions de gaz \u00e0 effet de serre - industriall-union\",\"isPartOf\":{\"@id\":\"https:\/\/admin.industriall-union.org\/#website\"},\"datePublished\":\"2021-06-02T13:18:22+00:00\",\"dateModified\":\"2025-01-28T16:26:53+00:00\",\"description\":\"Cette avanc\u00e9e remarquable vers la responsabilisation des entreprises est intervenue apr\u00e8s que des groupes militants ont intent\u00e9 une action en justice en\",\"breadcrumb\":{\"@id\":\"https:\/\/admin.industriall-union.org\/fr\/le-tribunal-statue-que-shell-doit-reduire-ses-emissions-de-gaz-a-effet-de-serre\/#breadcrumb\"},\"inLanguage\":\"fr-FR\",\"potentialAction\":[{\"@type\":\"ReadAction\",\"target\":[\"https:\/\/admin.industriall-union.org\/fr\/le-tribunal-statue-que-shell-doit-reduire-ses-emissions-de-gaz-a-effet-de-serre\/\"]}]},{\"@type\":\"BreadcrumbList\",\"@id\":\"https:\/\/admin.industriall-union.org\/fr\/le-tribunal-statue-que-shell-doit-reduire-ses-emissions-de-gaz-a-effet-de-serre\/#breadcrumb\",\"itemListElement\":[{\"@type\":\"ListItem\",\"position\":1,\"name\":\"Home\",\"item\":\"https:\/\/admin.industriall-union.org\/\"},{\"@type\":\"ListItem\",\"position\":2,\"name\":\"Articles\",\"item\":\"https:\/\/admin.industriall-union.org\/article\/\"},{\"@type\":\"ListItem\",\"position\":3,\"name\":\"Le tribunal statue que Shell doit r\u00e9duire ses \u00e9missions de gaz \u00e0 effet de serre\"}]},{\"@type\":\"WebSite\",\"@id\":\"https:\/\/admin.industriall-union.org\/#website\",\"url\":\"https:\/\/admin.industriall-union.org\/\",\"name\":\"industriall-union\",\"description\":\"\",\"potentialAction\":[{\"@type\":\"SearchAction\",\"target\":{\"@type\":\"EntryPoint\",\"urlTemplate\":\"https:\/\/admin.industriall-union.org\/?s={search_term_string}\"},\"query-input\":{\"@type\":\"PropertyValueSpecification\",\"valueRequired\":true,\"valueName\":\"search_term_string\"}}],\"inLanguage\":\"fr-FR\"}]}<\/script>\n<!-- \/ Yoast SEO Premium plugin. -->","yoast_head_json":{"title":"Le tribunal statue que Shell doit r\u00e9duire ses \u00e9missions de gaz \u00e0 effet de serre - industriall-union","description":"Cette avanc\u00e9e remarquable vers la responsabilisation des entreprises est intervenue apr\u00e8s que des groupes militants ont intent\u00e9 une action en justice en","robots":{"index":"index","follow":"follow","max-snippet":"max-snippet:-1","max-image-preview":"max-image-preview:large","max-video-preview":"max-video-preview:-1"},"canonical":"https:\/\/admin.industriall-union.org\/fr\/le-tribunal-statue-que-shell-doit-reduire-ses-emissions-de-gaz-a-effet-de-serre\/","og_locale":"fr_FR","og_type":"article","og_title":"Le tribunal statue que Shell doit r\u00e9duire ses \u00e9missions de gaz \u00e0 effet de serre","og_description":"Cette avanc\u00e9e remarquable vers la responsabilisation des entreprises est intervenue apr\u00e8s que des groupes militants ont intent\u00e9 une action en justice en","og_url":"https:\/\/admin.industriall-union.org\/fr\/le-tribunal-statue-que-shell-doit-reduire-ses-emissions-de-gaz-a-effet-de-serre\/","og_site_name":"industriall-union","article_modified_time":"2025-01-28T16:26:53+00:00","twitter_card":"summary_large_image","twitter_misc":{"Est. reading time":"3 minutes"},"schema":{"@context":"https:\/\/schema.org","@graph":[{"@type":"WebPage","@id":"https:\/\/admin.industriall-union.org\/fr\/le-tribunal-statue-que-shell-doit-reduire-ses-emissions-de-gaz-a-effet-de-serre\/","url":"https:\/\/admin.industriall-union.org\/fr\/le-tribunal-statue-que-shell-doit-reduire-ses-emissions-de-gaz-a-effet-de-serre\/","name":"Le tribunal statue que Shell doit r\u00e9duire ses \u00e9missions de gaz \u00e0 effet de serre - industriall-union","isPartOf":{"@id":"https:\/\/admin.industriall-union.org\/#website"},"datePublished":"2021-06-02T13:18:22+00:00","dateModified":"2025-01-28T16:26:53+00:00","description":"Cette avanc\u00e9e remarquable vers la responsabilisation des entreprises est intervenue apr\u00e8s que des groupes militants ont intent\u00e9 une action en justice en","breadcrumb":{"@id":"https:\/\/admin.industriall-union.org\/fr\/le-tribunal-statue-que-shell-doit-reduire-ses-emissions-de-gaz-a-effet-de-serre\/#breadcrumb"},"inLanguage":"fr-FR","potentialAction":[{"@type":"ReadAction","target":["https:\/\/admin.industriall-union.org\/fr\/le-tribunal-statue-que-shell-doit-reduire-ses-emissions-de-gaz-a-effet-de-serre\/"]}]},{"@type":"BreadcrumbList","@id":"https:\/\/admin.industriall-union.org\/fr\/le-tribunal-statue-que-shell-doit-reduire-ses-emissions-de-gaz-a-effet-de-serre\/#breadcrumb","itemListElement":[{"@type":"ListItem","position":1,"name":"Home","item":"https:\/\/admin.industriall-union.org\/"},{"@type":"ListItem","position":2,"name":"Articles","item":"https:\/\/admin.industriall-union.org\/article\/"},{"@type":"ListItem","position":3,"name":"Le tribunal statue que Shell doit r\u00e9duire ses \u00e9missions de gaz \u00e0 effet de serre"}]},{"@type":"WebSite","@id":"https:\/\/admin.industriall-union.org\/#website","url":"https:\/\/admin.industriall-union.org\/","name":"industriall-union","description":"","potentialAction":[{"@type":"SearchAction","target":{"@type":"EntryPoint","urlTemplate":"https:\/\/admin.industriall-union.org\/?s={search_term_string}"},"query-input":{"@type":"PropertyValueSpecification","valueRequired":true,"valueName":"search_term_string"}}],"inLanguage":"fr-FR"}]}},"_links":{"self":[{"href":"https:\/\/admin.industriall-union.org\/fr\/wp-json\/wp\/v2\/article\/144686","targetHints":{"allow":["GET"]}}],"collection":[{"href":"https:\/\/admin.industriall-union.org\/fr\/wp-json\/wp\/v2\/article"}],"about":[{"href":"https:\/\/admin.industriall-union.org\/fr\/wp-json\/wp\/v2\/types\/article"}],"wp:attachment":[{"href":"https:\/\/admin.industriall-union.org\/fr\/wp-json\/wp\/v2\/media?parent=144686"}],"wp:term":[{"taxonomy":"issues","embeddable":true,"href":"https:\/\/admin.industriall-union.org\/fr\/wp-json\/wp\/v2\/issues?post=144686"},{"taxonomy":"companies","embeddable":true,"href":"https:\/\/admin.industriall-union.org\/fr\/wp-json\/wp\/v2\/companies?post=144686"},{"taxonomy":"regions","embeddable":true,"href":"https:\/\/admin.industriall-union.org\/fr\/wp-json\/wp\/v2\/regions?post=144686"},{"taxonomy":"sectors","embeddable":true,"href":"https:\/\/admin.industriall-union.org\/fr\/wp-json\/wp\/v2\/sectors?post=144686"},{"taxonomy":"article_tags","embeddable":true,"href":"https:\/\/admin.industriall-union.org\/fr\/wp-json\/wp\/v2\/article_tags?post=144686"}],"curies":[{"name":"wp","href":"https:\/\/api.w.org\/{rel}","templated":true}]}}