{"id":144679,"date":"2021-06-03T22:53:31","date_gmt":"2021-06-03T22:53:31","guid":{"rendered":"https:\/\/admin.industriall-union.org\/principes-et-lignes-directrices-d-industriall-sur-le-teletravail\/"},"modified":"2025-01-28T16:15:59","modified_gmt":"2025-01-28T16:15:59","slug":"principes-et-lignes-directrices-d-industriall-sur-le-teletravail","status":"publish","type":"article","link":"https:\/\/admin.industriall-union.org\/fr\/principes-et-lignes-directrices-d-industriall-sur-le-teletravail\/","title":{"rendered":"Principes et lignes directrices d\u2019IndustriALL sur le t\u00e9l\u00e9travail"},"content":{"rendered":"<table border=\"1\" cellpadding=\"1\" cellspacing=\"1\" style=\"width:100%\"><tbody><tr><td colspan=\"3\" style=\"text-align: center\"><strong>Guidelines<\/strong><\/td><\/tr><tr><td><a href=\"\/wp-content\/uploads\/documents\/Telework\/en_guidelines_collective_bargaining_telework_layout.pdf\"><img decoding=\"async\" alt=\"\" src=\"\/wp-content\/uploads\/images\/publications\/Telework\/guide_eng.png\" style=\"width: 200px;height: 288px\" \/><\/a><\/td><td><a href=\"\/wp-content\/uploads\/documents\/Telework\/sp_guidelines_collective_bargaining_telework_210518.pdf\"><img decoding=\"async\" alt=\"\" src=\"\/wp-content\/uploads\/images\/publications\/Telework\/guide_esp.png\" style=\"width: 200px;height: 289px\" \/><\/a><\/td><td><a href=\"\/wp-content\/uploads\/documents\/Telework\/fr_guidelines_collective_bargaining_telework_210518.pdf\"><img decoding=\"async\" alt=\"\" src=\"\/wp-content\/uploads\/images\/publications\/Telework\/guide_fra.png\" style=\"width: 200px;height: 287px\" \/><\/a><\/td><\/tr><tr><td style=\"text-align: center\"><a href=\"\/wp-content\/uploads\/documents\/Telework\/en_guidelines_collective_bargaining_telework_layout.pdf\">ENG<\/a><\/td><td style=\"text-align: center\"><a href=\"\/wp-content\/uploads\/documents\/Telework\/sp_guidelines_collective_bargaining_telework_210518.pdf\">ESP<\/a><\/td><td style=\"text-align: center\"><a href=\"\/wp-content\/uploads\/documents\/Telework\/fr_guidelines_collective_bargaining_telework_210518.pdf\">FRA<\/a><\/td><\/tr><\/tbody><\/table><table border=\"1\" cellpadding=\"1\" cellspacing=\"1\" style=\"width:100%\"><tbody><tr><td colspan=\"3\" style=\"text-align: center\"><strong>Recommendations<\/strong><\/td><\/tr><tr><td><a href=\"\/wp-content\/uploads\/documents\/Telework\/recommendations_and_principles_en_final.pdf\"><img decoding=\"async\" alt=\"\" src=\"\/wp-content\/uploads\/images\/publications\/Telework\/recom_eng.png\" style=\"width: 200px;height: 284px\" \/><\/a><\/td><td><a href=\"\/wp-content\/uploads\/documents\/Telework\/recommendations_and_principles_es_final.pdf\"><img decoding=\"async\" alt=\"\" src=\"\/wp-content\/uploads\/images\/publications\/Telework\/recom_esp.png\" style=\"width: 200px;height: 283px\" \/><\/a><\/td><td><a href=\"\/wp-content\/uploads\/documents\/Telework\/recommendations_and_principles_fr_final.pdf\"><img decoding=\"async\" alt=\"\" src=\"\/wp-content\/uploads\/images\/publications\/Telework\/recom_fra.png\" style=\"width: 200px;height: 283px\" \/><\/a><\/td><\/tr><tr><td style=\"text-align: center\"><a href=\"\/wp-content\/uploads\/documents\/Telework\/recommendations_and_principles_en_final.pdf\">ENG<\/a><\/td><td style=\"text-align: center\"><a href=\"\/wp-content\/uploads\/documents\/Telework\/recommendations_and_principles_es_final.pdf\">ESP<\/a><\/td><td style=\"text-align: center\"><a href=\"\/wp-content\/uploads\/documents\/Telework\/recommendations_and_principles_fr_final.pdf\">FRA<\/a><\/td><\/tr><\/tbody><\/table><div dir=\"ltr\"><blockquote><p>&ldquo;Nos lignes directrices sur le t\u00e9l\u00e9travail sont le reflet de ce que nous consid\u00e9rons comme les principaux d\u00e9fis \u00e0 relever et de ce qui est n\u00e9cessaire pour n\u00e9gocier une bonne protection des travailleurs et travailleuses. Nous sommes conscients que le t\u00e9l\u00e9travail est une forme d&rsquo;organisation du travail en expansion. Une r\u00e9flexion et une discussion approfondies, bas\u00e9es sur les bonnes pratiques et l&rsquo;\u00e9valuation de l&rsquo;exp\u00e9rience, doivent se poursuivre parmi et entre les syndicats, les effectifs salari\u00e9s et les employeurs, afin de surmonter les d\u00e9fis et d&rsquo;assurer une protection optimale des travailleurs et travailleuses. Notre intention est de d\u00e9velopper ce mat\u00e9riel en fonction des \u00e9volutions observ\u00e9es,&rdquo;<\/p><\/blockquote><p>indique Atle H\u00f8ie, Secr\u00e9taire g\u00e9n\u00e9ral adjoint d&rsquo;IndustriALL.<\/p><p>Le t\u00e9l\u00e9travail n&rsquo;a rien de nouveau et s&rsquo;est d\u00e9velopp\u00e9 progressivement au fil des ans, parall\u00e8lement au d\u00e9veloppement des nouvelles technologies et des outils num\u00e9riques. Selon l&rsquo;OCDE, en 2015 d\u00e9j\u00e0, 25 % des travailleurs et travailleuses de l&rsquo;industrie manufacturi\u00e8re prestaient \u00e0 distance au moins une partie du temps, mais ces chiffres ont consid\u00e9rablement augment\u00e9 pendant la pand\u00e9mie. Selon les chiffres de l&rsquo;Union europ\u00e9enne, alors qu&rsquo;en 2019, seuls 5,4 % des travailleurs et travailleuses de l&rsquo;UE prestaient habituellement \u00e0 domicile, pr\u00e8s de 40 % des travailleurs et travailleuses de l&rsquo;UE ont commenc\u00e9 \u00e0 t\u00e9l\u00e9travailler \u00e0 temps plein \u00e0 la suite de la pand\u00e9mie.<\/p><p>Avec le saut technologique et la num\u00e9risation des processus de production, la part des cols blancs dans l&rsquo;industrie augmente, ce qui accro\u00eet la part de la main-d&rsquo;\u0153uvre pouvant effectuer son travail \u00e0 distance.<\/p><blockquote><p>&ldquo;Ceci constitue une tr\u00e8s bonne initiative. Nous sommes impatients de la pr\u00e9senter aux affili\u00e9s d&rsquo;IndustriALL. Elle deviendra un instrument important dans notre lutte syndicale pour les droits des travailleurs et travailleuses en mati\u00e8re de t\u00e9l\u00e9travail et d&rsquo;am\u00e9lioration de l&rsquo;\u00e9quilibre entre vie professionnelle et vie priv\u00e9e,&rdquo;<\/p><\/blockquote><p>a indiqu\u00e9 Anne-Catherine Cudennec, de la CFE-CGC et copr\u00e9sidente de la section des cols blancs d&rsquo;IndustriALL.<\/p><p>Le travail \u00e0 distance restera une caract\u00e9ristique permanente du monde du travail, m\u00eame une fois la crise de Covid-19 pass\u00e9e. Le t\u00e9l\u00e9travail peut pr\u00e9senter de nombreux <a href=\"http:\/\/www.industriall-union.org\/report-why-telework-needs-institutional-regulation-and-collective-bargaining\">avantages<\/a> pour les travailleurs et travailleuses, notamment une plus grande autonomie et flexibilit\u00e9, mais il pr\u00e9sente \u00e9galement un certain niveau de risques pour les salari\u00e9s et leurs syndicats.<\/p><p>Pour pr\u00e9venir ces risques, le t\u00e9l\u00e9travail doit \u00eatre n\u00e9goci\u00e9 et les employeurs ainsi que les gouvernements doivent garantir ce droit. Il jouera un r\u00f4le important dans la d\u00e9finition de l&rsquo;avenir du travail et contribuera \u00e0 remodeler nos soci\u00e9t\u00e9s. Les syndicats doivent participer activement \u00e0 l&rsquo;\u00e9laboration de la nouvelle l\u00e9gislation dans ce domaine. La n\u00e9gociation collective au niveau du secteur, de l&rsquo;entreprise et du lieu de travail doit jouer un r\u00f4le cl\u00e9 dans la r\u00e9glementation du t\u00e9l\u00e9travail, en particulier lorsque la l\u00e9gislation est m\u00e9diocre.<\/p><p>Au niveau des entreprises, la crise sanitaire a acc\u00e9l\u00e9r\u00e9 la n\u00e9gociation d&rsquo;accords et de politiques sur le t\u00e9l\u00e9travail. IndustriALL a rassembl\u00e9 certaines <a href=\"\/wp-content\/uploads\/documents\/Telework\/examples_legal_prov_clauses_cba_telework.pdf\">clauses existantes<\/a> dans les conventions collectives sur le t\u00e9l\u00e9travail, ainsi que des dispositions l\u00e9gales, en compl\u00e9ment des lignes directrices.<\/p><blockquote><p>&ldquo;Ces lignes directrices et ces principes ont pour but de soutenir les syndicats dans leurs processus de n\u00e9gociation afin de garantir que le t\u00e9l\u00e9travail soit une opportunit\u00e9 d&rsquo;am\u00e9liorer la qualit\u00e9 du travail et de la vie des travailleurs et travailleuses, et que la flexibilit\u00e9 n&rsquo;entra\u00eene pas une absence de protection et de s\u00e9curit\u00e9. J&rsquo;esp\u00e8re qu&rsquo;ils seront largement utilis\u00e9s et qu&rsquo;ils seront b\u00e9n\u00e9fiques pour nos affili\u00e9s et leurs membres,&rdquo;<\/p><\/blockquote><p>a d\u00e9clar\u00e9 le Secr\u00e9taire g\u00e9n\u00e9ral d&rsquo;IndustriALL Valter Sanches.<\/p><\/div>","protected":false},"featured_media":0,"template":"","issues":[],"companies":[],"regions":[],"sectors":[],"article_tags":[],"class_list":["post-144679","article","type-article","status-publish","hentry"],"acf":[],"yoast_head":"<!-- This site is optimized with the Yoast SEO Premium plugin v27.1 (Yoast SEO v27.1) - https:\/\/yoast.com\/product\/yoast-seo-premium-wordpress\/ -->\n<title>Principes et lignes directrices d\u2019IndustriALL sur le t\u00e9l\u00e9travail - industriall-union<\/title>\n<meta name=\"description\" content=\"GuidelinesENGESPFRARecommendationsENGESPFRA&ldquo;Nos lignes directrices sur le t\u00e9l\u00e9travail sont le reflet de ce que nous consid\u00e9rons comme les principaux\" \/>\n<meta name=\"robots\" content=\"index, follow, max-snippet:-1, max-image-preview:large, max-video-preview:-1\" \/>\n<link rel=\"canonical\" href=\"https:\/\/admin.industriall-union.org\/fr\/principes-et-lignes-directrices-d-industriall-sur-le-teletravail\/\" \/>\n<meta property=\"og:locale\" content=\"fr_FR\" \/>\n<meta property=\"og:type\" content=\"article\" \/>\n<meta property=\"og:title\" content=\"Principes et lignes directrices d\u2019IndustriALL sur le t\u00e9l\u00e9travail\" \/>\n<meta property=\"og:description\" content=\"GuidelinesENGESPFRARecommendationsENGESPFRA&ldquo;Nos lignes directrices sur le t\u00e9l\u00e9travail sont le reflet de ce que nous consid\u00e9rons comme les principaux\" \/>\n<meta property=\"og:url\" content=\"https:\/\/admin.industriall-union.org\/fr\/principes-et-lignes-directrices-d-industriall-sur-le-teletravail\/\" \/>\n<meta property=\"og:site_name\" content=\"industriall-union\" \/>\n<meta property=\"article:modified_time\" content=\"2025-01-28T16:15:59+00:00\" \/>\n<meta name=\"twitter:card\" content=\"summary_large_image\" \/>\n<meta name=\"twitter:label1\" content=\"Est. reading time\" \/>\n\t<meta name=\"twitter:data1\" content=\"4 minutes\" \/>\n<script type=\"application\/ld+json\" class=\"yoast-schema-graph\">{\"@context\":\"https:\/\/schema.org\",\"@graph\":[{\"@type\":\"WebPage\",\"@id\":\"https:\/\/admin.industriall-union.org\/fr\/principes-et-lignes-directrices-d-industriall-sur-le-teletravail\/\",\"url\":\"https:\/\/admin.industriall-union.org\/fr\/principes-et-lignes-directrices-d-industriall-sur-le-teletravail\/\",\"name\":\"Principes et lignes directrices d\u2019IndustriALL sur le t\u00e9l\u00e9travail - industriall-union\",\"isPartOf\":{\"@id\":\"https:\/\/admin.industriall-union.org\/#website\"},\"datePublished\":\"2021-06-03T22:53:31+00:00\",\"dateModified\":\"2025-01-28T16:15:59+00:00\",\"description\":\"GuidelinesENGESPFRARecommendationsENGESPFRA&ldquo;Nos lignes directrices sur le t\u00e9l\u00e9travail sont le reflet de ce que nous consid\u00e9rons comme les principaux\",\"breadcrumb\":{\"@id\":\"https:\/\/admin.industriall-union.org\/fr\/principes-et-lignes-directrices-d-industriall-sur-le-teletravail\/#breadcrumb\"},\"inLanguage\":\"fr-FR\",\"potentialAction\":[{\"@type\":\"ReadAction\",\"target\":[\"https:\/\/admin.industriall-union.org\/fr\/principes-et-lignes-directrices-d-industriall-sur-le-teletravail\/\"]}]},{\"@type\":\"BreadcrumbList\",\"@id\":\"https:\/\/admin.industriall-union.org\/fr\/principes-et-lignes-directrices-d-industriall-sur-le-teletravail\/#breadcrumb\",\"itemListElement\":[{\"@type\":\"ListItem\",\"position\":1,\"name\":\"Home\",\"item\":\"https:\/\/admin.industriall-union.org\/\"},{\"@type\":\"ListItem\",\"position\":2,\"name\":\"Articles\",\"item\":\"https:\/\/admin.industriall-union.org\/article\/\"},{\"@type\":\"ListItem\",\"position\":3,\"name\":\"Principes et lignes directrices d\u2019IndustriALL sur le t\u00e9l\u00e9travail\"}]},{\"@type\":\"WebSite\",\"@id\":\"https:\/\/admin.industriall-union.org\/#website\",\"url\":\"https:\/\/admin.industriall-union.org\/\",\"name\":\"industriall-union\",\"description\":\"\",\"potentialAction\":[{\"@type\":\"SearchAction\",\"target\":{\"@type\":\"EntryPoint\",\"urlTemplate\":\"https:\/\/admin.industriall-union.org\/?s={search_term_string}\"},\"query-input\":{\"@type\":\"PropertyValueSpecification\",\"valueRequired\":true,\"valueName\":\"search_term_string\"}}],\"inLanguage\":\"fr-FR\"}]}<\/script>\n<!-- \/ Yoast SEO Premium plugin. -->","yoast_head_json":{"title":"Principes et lignes directrices d\u2019IndustriALL sur le t\u00e9l\u00e9travail - industriall-union","description":"GuidelinesENGESPFRARecommendationsENGESPFRA&ldquo;Nos lignes directrices sur le t\u00e9l\u00e9travail sont le reflet de ce que nous consid\u00e9rons comme les principaux","robots":{"index":"index","follow":"follow","max-snippet":"max-snippet:-1","max-image-preview":"max-image-preview:large","max-video-preview":"max-video-preview:-1"},"canonical":"https:\/\/admin.industriall-union.org\/fr\/principes-et-lignes-directrices-d-industriall-sur-le-teletravail\/","og_locale":"fr_FR","og_type":"article","og_title":"Principes et lignes directrices d\u2019IndustriALL sur le t\u00e9l\u00e9travail","og_description":"GuidelinesENGESPFRARecommendationsENGESPFRA&ldquo;Nos lignes directrices sur le t\u00e9l\u00e9travail sont le reflet de ce que nous consid\u00e9rons comme les principaux","og_url":"https:\/\/admin.industriall-union.org\/fr\/principes-et-lignes-directrices-d-industriall-sur-le-teletravail\/","og_site_name":"industriall-union","article_modified_time":"2025-01-28T16:15:59+00:00","twitter_card":"summary_large_image","twitter_misc":{"Est. reading time":"4 minutes"},"schema":{"@context":"https:\/\/schema.org","@graph":[{"@type":"WebPage","@id":"https:\/\/admin.industriall-union.org\/fr\/principes-et-lignes-directrices-d-industriall-sur-le-teletravail\/","url":"https:\/\/admin.industriall-union.org\/fr\/principes-et-lignes-directrices-d-industriall-sur-le-teletravail\/","name":"Principes et lignes directrices d\u2019IndustriALL sur le t\u00e9l\u00e9travail - industriall-union","isPartOf":{"@id":"https:\/\/admin.industriall-union.org\/#website"},"datePublished":"2021-06-03T22:53:31+00:00","dateModified":"2025-01-28T16:15:59+00:00","description":"GuidelinesENGESPFRARecommendationsENGESPFRA&ldquo;Nos lignes directrices sur le t\u00e9l\u00e9travail sont le reflet de ce que nous consid\u00e9rons comme les principaux","breadcrumb":{"@id":"https:\/\/admin.industriall-union.org\/fr\/principes-et-lignes-directrices-d-industriall-sur-le-teletravail\/#breadcrumb"},"inLanguage":"fr-FR","potentialAction":[{"@type":"ReadAction","target":["https:\/\/admin.industriall-union.org\/fr\/principes-et-lignes-directrices-d-industriall-sur-le-teletravail\/"]}]},{"@type":"BreadcrumbList","@id":"https:\/\/admin.industriall-union.org\/fr\/principes-et-lignes-directrices-d-industriall-sur-le-teletravail\/#breadcrumb","itemListElement":[{"@type":"ListItem","position":1,"name":"Home","item":"https:\/\/admin.industriall-union.org\/"},{"@type":"ListItem","position":2,"name":"Articles","item":"https:\/\/admin.industriall-union.org\/article\/"},{"@type":"ListItem","position":3,"name":"Principes et lignes directrices d\u2019IndustriALL sur le t\u00e9l\u00e9travail"}]},{"@type":"WebSite","@id":"https:\/\/admin.industriall-union.org\/#website","url":"https:\/\/admin.industriall-union.org\/","name":"industriall-union","description":"","potentialAction":[{"@type":"SearchAction","target":{"@type":"EntryPoint","urlTemplate":"https:\/\/admin.industriall-union.org\/?s={search_term_string}"},"query-input":{"@type":"PropertyValueSpecification","valueRequired":true,"valueName":"search_term_string"}}],"inLanguage":"fr-FR"}]}},"_links":{"self":[{"href":"https:\/\/admin.industriall-union.org\/fr\/wp-json\/wp\/v2\/article\/144679","targetHints":{"allow":["GET"]}}],"collection":[{"href":"https:\/\/admin.industriall-union.org\/fr\/wp-json\/wp\/v2\/article"}],"about":[{"href":"https:\/\/admin.industriall-union.org\/fr\/wp-json\/wp\/v2\/types\/article"}],"wp:attachment":[{"href":"https:\/\/admin.industriall-union.org\/fr\/wp-json\/wp\/v2\/media?parent=144679"}],"wp:term":[{"taxonomy":"issues","embeddable":true,"href":"https:\/\/admin.industriall-union.org\/fr\/wp-json\/wp\/v2\/issues?post=144679"},{"taxonomy":"companies","embeddable":true,"href":"https:\/\/admin.industriall-union.org\/fr\/wp-json\/wp\/v2\/companies?post=144679"},{"taxonomy":"regions","embeddable":true,"href":"https:\/\/admin.industriall-union.org\/fr\/wp-json\/wp\/v2\/regions?post=144679"},{"taxonomy":"sectors","embeddable":true,"href":"https:\/\/admin.industriall-union.org\/fr\/wp-json\/wp\/v2\/sectors?post=144679"},{"taxonomy":"article_tags","embeddable":true,"href":"https:\/\/admin.industriall-union.org\/fr\/wp-json\/wp\/v2\/article_tags?post=144679"}],"curies":[{"name":"wp","href":"https:\/\/api.w.org\/{rel}","templated":true}]}}