{"id":144658,"date":"2021-06-23T12:23:52","date_gmt":"2021-06-23T12:23:52","guid":{"rendered":"https:\/\/admin.industriall-union.org\/l-oit-adopte-une-resolution-appelant-a-un-retour-a-la-democratie-au-myanmar\/"},"modified":"2025-01-28T15:30:09","modified_gmt":"2025-01-28T15:30:09","slug":"l-oit-adopte-une-resolution-appelant-a-un-retour-a-la-democratie-au-myanmar","status":"publish","type":"article","link":"https:\/\/admin.industriall-union.org\/fr\/l-oit-adopte-une-resolution-appelant-a-un-retour-a-la-democratie-au-myanmar\/","title":{"rendered":"L\u2019OIT adopte une r\u00e9solution appelant \u00e0 un retour \u00e0 la d\u00e9mocratie au Myanmar"},"content":{"rendered":"<p>Le groupe des travailleurs aupr\u00e8s de l&rsquo;OIT, compos\u00e9 de plus d&rsquo;une centaine de conf\u00e9d\u00e9rations syndicales du monde entier, a pr\u00e9sent\u00e9 le 9 juin, en tant que question urgente, un projet de r\u00e9solution sur le Myanmar. La Commission de proposition de l&rsquo;OIT l&#039;a officiellement adopt\u00e9e le 19 juin.<\/p><p>Cette <a href=\"https:\/\/www.ilo.org\/wcmsp5\/groups\/public\/---ed_norm\/---relconf\/documents\/meetingdocument\/wcms_806089.pdf\">r\u00e9solution appelle le Myanmar<\/a> \u00e0 r\u00e9tablir l&rsquo;ordre d\u00e9mocratique et le r\u00e9gime civil, \u00e0 cesser toute attaque ou menace contre les travailleurs, les employeurs, leurs organisations et les citoyens impliqu\u00e9s dans les manifestations pacifiques du Mouvement de d\u00e9sob\u00e9issance civile.<\/p><p>En outre, elle exhorte le r\u00e9gime militaire \u00e0 mettre fin aux violations des droits de l&rsquo;homme, \u00e0 respecter la Convention 87 de l&rsquo;OIT sur la libert\u00e9 syndicale, \u00e0 mettre fin \u00e0 la violence et aux arrestations et d\u00e9tentions arbitraires. Il a \u00e9t\u00e9 recommand\u00e9 aux \u00c9tats membres de soutenir le retour \u00e0 la d\u00e9mocratie par le biais des Nations unies et d&rsquo;autres organismes multilat\u00e9raux et r\u00e9gionaux.<\/p><p>La r\u00e9pression militaire contre les militants pro-d\u00e9mocratie et les travailleurs et travailleuses se poursuit. \u00c0 ce jour, 871 personnes ont \u00e9t\u00e9 tu\u00e9es, 5.033 ont \u00e9t\u00e9 arr\u00eat\u00e9es, inculp\u00e9es ou condamn\u00e9es. L&rsquo;une d&rsquo;entre elles est Chan Myae Kyaw, un mineur membre de l&rsquo;affili\u00e9 d&rsquo;IndustriALL MWFM.<\/p><p>Le r\u00e9gime militaire a r\u00e9voqu\u00e9 les passeports des membres du Comit\u00e9 ex\u00e9cutif de la Conf\u00e9d\u00e9ration des syndicats du Myanmar (CTUM) et la plupart d&rsquo;entre eux ont \u00e9t\u00e9 contraints de se cacher. En d\u00e9pit de l&rsquo;intensification de la r\u00e9pression, la Secr\u00e9taire g\u00e9n\u00e9rale adjointe de la CTUM, Phyo Sandar, a \u00e9t\u00e9 \u00e9lue membre adjointe du Groupe des travailleurs du Conseil d&rsquo;administration de l&rsquo;OIT.<\/p><p>Valter Sanches, Secr\u00e9taire g\u00e9n\u00e9ral d&rsquo;IndustriALL, a d\u00e9clar\u00e9&nbsp;:<\/p><blockquote><p>&ldquo;Nous condamnons fermement la r\u00e9pression du peuple du Myanmar qui d\u00e9fend la d\u00e9mocratie. Le r\u00e9gime militaire doit d\u00e9missionner, r\u00e9tablir le gouvernement \u00e9lu et cesser les attaques contre la population et les syndicats. Je me r\u00e9jouis de l&rsquo;adoption de la r\u00e9solution \u00e0 la 109e CIT&nbsp;; il est maintenant temps pour les \u00c9tats membres de l&rsquo;OIT d&rsquo;exercer une pression sur le Myanmar et de cesser de reconna\u00eetre le r\u00e9gime ill\u00e9gitime.&rdquo;<\/p><\/blockquote><p>Depuis le coup d&rsquo;\u00c9tat de f\u00e9vrier, IndustriALL a affich\u00e9 sa solidarit\u00e9 avec les syndicats et les travailleurs et travailleuses du Myanmar en faisant pression sur les multinationales pour qu&rsquo;elles coupent leurs liens avec les entreprises li\u00e9es aux militaires et en mobilisant ses affili\u00e9s pour qu&rsquo;ils fassent des dons au fonds de gr\u00e8ve du Myanmar.<\/p><p>Lors de l&rsquo;intervention en pl\u00e9ni\u00e8re, la Pr\u00e9sidente du groupe des travailleurs, Catelene Passchier, a demand\u00e9 au Conseil d&rsquo;administration de l&rsquo;OIT d&rsquo;assurer le suivi de la mise en \u0153uvre de la r\u00e9solution lors de la CIT de l&rsquo;ann\u00e9e prochaine.<\/p>","protected":false},"featured_media":0,"template":"","issues":[423,420,424,425],"companies":[],"regions":[177,248],"sectors":[],"article_tags":[],"class_list":["post-144658","article","type-article","status-publish","hentry","issues-ilo-watch","issues-solidarity","issues-violation","issues-workers-rights","regions-myanmar","regions-switzerland"],"acf":[],"yoast_head":"<!-- This site is optimized with the Yoast SEO Premium plugin v27.1 (Yoast SEO v27.1) - https:\/\/yoast.com\/product\/yoast-seo-premium-wordpress\/ -->\n<title>L\u2019OIT adopte une r\u00e9solution appelant \u00e0 un retour \u00e0 la d\u00e9mocratie au Myanmar - industriall-union<\/title>\n<meta name=\"description\" content=\"Le groupe des travailleurs aupr\u00e8s de l&rsquo;OIT, compos\u00e9 de plus d&rsquo;une centaine de conf\u00e9d\u00e9rations syndicales du monde entier, a pr\u00e9sent\u00e9 le 9 juin,\" \/>\n<meta name=\"robots\" content=\"index, follow, max-snippet:-1, max-image-preview:large, max-video-preview:-1\" \/>\n<link rel=\"canonical\" href=\"https:\/\/admin.industriall-union.org\/fr\/l-oit-adopte-une-resolution-appelant-a-un-retour-a-la-democratie-au-myanmar\/\" \/>\n<meta property=\"og:locale\" content=\"fr_FR\" \/>\n<meta property=\"og:type\" content=\"article\" \/>\n<meta property=\"og:title\" content=\"L\u2019OIT adopte une r\u00e9solution appelant \u00e0 un retour \u00e0 la d\u00e9mocratie au Myanmar\" \/>\n<meta property=\"og:description\" content=\"Le groupe des travailleurs aupr\u00e8s de l&rsquo;OIT, compos\u00e9 de plus d&rsquo;une centaine de conf\u00e9d\u00e9rations syndicales du monde entier, a pr\u00e9sent\u00e9 le 9 juin,\" \/>\n<meta property=\"og:url\" content=\"https:\/\/admin.industriall-union.org\/fr\/l-oit-adopte-une-resolution-appelant-a-un-retour-a-la-democratie-au-myanmar\/\" \/>\n<meta property=\"og:site_name\" content=\"industriall-union\" \/>\n<meta property=\"article:modified_time\" content=\"2025-01-28T15:30:09+00:00\" \/>\n<meta name=\"twitter:card\" content=\"summary_large_image\" \/>\n<meta name=\"twitter:label1\" content=\"Est. reading time\" \/>\n\t<meta name=\"twitter:data1\" content=\"3 minutes\" \/>\n<script type=\"application\/ld+json\" class=\"yoast-schema-graph\">{\"@context\":\"https:\/\/schema.org\",\"@graph\":[{\"@type\":\"WebPage\",\"@id\":\"https:\/\/admin.industriall-union.org\/fr\/l-oit-adopte-une-resolution-appelant-a-un-retour-a-la-democratie-au-myanmar\/\",\"url\":\"https:\/\/admin.industriall-union.org\/fr\/l-oit-adopte-une-resolution-appelant-a-un-retour-a-la-democratie-au-myanmar\/\",\"name\":\"L\u2019OIT adopte une r\u00e9solution appelant \u00e0 un retour \u00e0 la d\u00e9mocratie au Myanmar - industriall-union\",\"isPartOf\":{\"@id\":\"https:\/\/admin.industriall-union.org\/#website\"},\"datePublished\":\"2021-06-23T12:23:52+00:00\",\"dateModified\":\"2025-01-28T15:30:09+00:00\",\"description\":\"Le groupe des travailleurs aupr\u00e8s de l&rsquo;OIT, compos\u00e9 de plus d&rsquo;une centaine de conf\u00e9d\u00e9rations syndicales du monde entier, a pr\u00e9sent\u00e9 le 9 juin,\",\"breadcrumb\":{\"@id\":\"https:\/\/admin.industriall-union.org\/fr\/l-oit-adopte-une-resolution-appelant-a-un-retour-a-la-democratie-au-myanmar\/#breadcrumb\"},\"inLanguage\":\"fr-FR\",\"potentialAction\":[{\"@type\":\"ReadAction\",\"target\":[\"https:\/\/admin.industriall-union.org\/fr\/l-oit-adopte-une-resolution-appelant-a-un-retour-a-la-democratie-au-myanmar\/\"]}]},{\"@type\":\"BreadcrumbList\",\"@id\":\"https:\/\/admin.industriall-union.org\/fr\/l-oit-adopte-une-resolution-appelant-a-un-retour-a-la-democratie-au-myanmar\/#breadcrumb\",\"itemListElement\":[{\"@type\":\"ListItem\",\"position\":1,\"name\":\"Home\",\"item\":\"https:\/\/admin.industriall-union.org\/\"},{\"@type\":\"ListItem\",\"position\":2,\"name\":\"Articles\",\"item\":\"https:\/\/admin.industriall-union.org\/article\/\"},{\"@type\":\"ListItem\",\"position\":3,\"name\":\"L\u2019OIT adopte une r\u00e9solution appelant \u00e0 un retour \u00e0 la d\u00e9mocratie au Myanmar\"}]},{\"@type\":\"WebSite\",\"@id\":\"https:\/\/admin.industriall-union.org\/#website\",\"url\":\"https:\/\/admin.industriall-union.org\/\",\"name\":\"industriall-union\",\"description\":\"\",\"potentialAction\":[{\"@type\":\"SearchAction\",\"target\":{\"@type\":\"EntryPoint\",\"urlTemplate\":\"https:\/\/admin.industriall-union.org\/?s={search_term_string}\"},\"query-input\":{\"@type\":\"PropertyValueSpecification\",\"valueRequired\":true,\"valueName\":\"search_term_string\"}}],\"inLanguage\":\"fr-FR\"}]}<\/script>\n<!-- \/ Yoast SEO Premium plugin. -->","yoast_head_json":{"title":"L\u2019OIT adopte une r\u00e9solution appelant \u00e0 un retour \u00e0 la d\u00e9mocratie au Myanmar - industriall-union","description":"Le groupe des travailleurs aupr\u00e8s de l&rsquo;OIT, compos\u00e9 de plus d&rsquo;une centaine de conf\u00e9d\u00e9rations syndicales du monde entier, a pr\u00e9sent\u00e9 le 9 juin,","robots":{"index":"index","follow":"follow","max-snippet":"max-snippet:-1","max-image-preview":"max-image-preview:large","max-video-preview":"max-video-preview:-1"},"canonical":"https:\/\/admin.industriall-union.org\/fr\/l-oit-adopte-une-resolution-appelant-a-un-retour-a-la-democratie-au-myanmar\/","og_locale":"fr_FR","og_type":"article","og_title":"L\u2019OIT adopte une r\u00e9solution appelant \u00e0 un retour \u00e0 la d\u00e9mocratie au Myanmar","og_description":"Le groupe des travailleurs aupr\u00e8s de l&rsquo;OIT, compos\u00e9 de plus d&rsquo;une centaine de conf\u00e9d\u00e9rations syndicales du monde entier, a pr\u00e9sent\u00e9 le 9 juin,","og_url":"https:\/\/admin.industriall-union.org\/fr\/l-oit-adopte-une-resolution-appelant-a-un-retour-a-la-democratie-au-myanmar\/","og_site_name":"industriall-union","article_modified_time":"2025-01-28T15:30:09+00:00","twitter_card":"summary_large_image","twitter_misc":{"Est. reading time":"3 minutes"},"schema":{"@context":"https:\/\/schema.org","@graph":[{"@type":"WebPage","@id":"https:\/\/admin.industriall-union.org\/fr\/l-oit-adopte-une-resolution-appelant-a-un-retour-a-la-democratie-au-myanmar\/","url":"https:\/\/admin.industriall-union.org\/fr\/l-oit-adopte-une-resolution-appelant-a-un-retour-a-la-democratie-au-myanmar\/","name":"L\u2019OIT adopte une r\u00e9solution appelant \u00e0 un retour \u00e0 la d\u00e9mocratie au Myanmar - industriall-union","isPartOf":{"@id":"https:\/\/admin.industriall-union.org\/#website"},"datePublished":"2021-06-23T12:23:52+00:00","dateModified":"2025-01-28T15:30:09+00:00","description":"Le groupe des travailleurs aupr\u00e8s de l&rsquo;OIT, compos\u00e9 de plus d&rsquo;une centaine de conf\u00e9d\u00e9rations syndicales du monde entier, a pr\u00e9sent\u00e9 le 9 juin,","breadcrumb":{"@id":"https:\/\/admin.industriall-union.org\/fr\/l-oit-adopte-une-resolution-appelant-a-un-retour-a-la-democratie-au-myanmar\/#breadcrumb"},"inLanguage":"fr-FR","potentialAction":[{"@type":"ReadAction","target":["https:\/\/admin.industriall-union.org\/fr\/l-oit-adopte-une-resolution-appelant-a-un-retour-a-la-democratie-au-myanmar\/"]}]},{"@type":"BreadcrumbList","@id":"https:\/\/admin.industriall-union.org\/fr\/l-oit-adopte-une-resolution-appelant-a-un-retour-a-la-democratie-au-myanmar\/#breadcrumb","itemListElement":[{"@type":"ListItem","position":1,"name":"Home","item":"https:\/\/admin.industriall-union.org\/"},{"@type":"ListItem","position":2,"name":"Articles","item":"https:\/\/admin.industriall-union.org\/article\/"},{"@type":"ListItem","position":3,"name":"L\u2019OIT adopte une r\u00e9solution appelant \u00e0 un retour \u00e0 la d\u00e9mocratie au Myanmar"}]},{"@type":"WebSite","@id":"https:\/\/admin.industriall-union.org\/#website","url":"https:\/\/admin.industriall-union.org\/","name":"industriall-union","description":"","potentialAction":[{"@type":"SearchAction","target":{"@type":"EntryPoint","urlTemplate":"https:\/\/admin.industriall-union.org\/?s={search_term_string}"},"query-input":{"@type":"PropertyValueSpecification","valueRequired":true,"valueName":"search_term_string"}}],"inLanguage":"fr-FR"}]}},"_links":{"self":[{"href":"https:\/\/admin.industriall-union.org\/fr\/wp-json\/wp\/v2\/article\/144658","targetHints":{"allow":["GET"]}}],"collection":[{"href":"https:\/\/admin.industriall-union.org\/fr\/wp-json\/wp\/v2\/article"}],"about":[{"href":"https:\/\/admin.industriall-union.org\/fr\/wp-json\/wp\/v2\/types\/article"}],"wp:attachment":[{"href":"https:\/\/admin.industriall-union.org\/fr\/wp-json\/wp\/v2\/media?parent=144658"}],"wp:term":[{"taxonomy":"issues","embeddable":true,"href":"https:\/\/admin.industriall-union.org\/fr\/wp-json\/wp\/v2\/issues?post=144658"},{"taxonomy":"companies","embeddable":true,"href":"https:\/\/admin.industriall-union.org\/fr\/wp-json\/wp\/v2\/companies?post=144658"},{"taxonomy":"regions","embeddable":true,"href":"https:\/\/admin.industriall-union.org\/fr\/wp-json\/wp\/v2\/regions?post=144658"},{"taxonomy":"sectors","embeddable":true,"href":"https:\/\/admin.industriall-union.org\/fr\/wp-json\/wp\/v2\/sectors?post=144658"},{"taxonomy":"article_tags","embeddable":true,"href":"https:\/\/admin.industriall-union.org\/fr\/wp-json\/wp\/v2\/article_tags?post=144658"}],"curies":[{"name":"wp","href":"https:\/\/api.w.org\/{rel}","templated":true}]}}