{"id":144652,"date":"2021-06-29T08:44:42","date_gmt":"2021-06-29T08:44:42","guid":{"rendered":"https:\/\/admin.industriall-union.org\/crh-travailleurs-et-syndicats-restent-forts-et-unis\/"},"modified":"2025-01-28T15:11:07","modified_gmt":"2025-01-28T15:11:07","slug":"crh-travailleurs-et-syndicats-restent-forts-et-unis","status":"publish","type":"article","link":"https:\/\/admin.industriall-union.org\/fr\/crh-travailleurs-et-syndicats-restent-forts-et-unis\/","title":{"rendered":"CRH : travailleurs et syndicats restent forts et unis"},"content":{"rendered":"<p>La r\u00e9union a \u00e9t\u00e9 convoqu\u00e9e par IndustriALL Global Union, l&rsquo;Internationale des travailleurs du b\u00e2timent et du bois (IBB) et la F\u00e9d\u00e9ration europ\u00e9enne des travailleurs du b\u00e2timent et du bois (FETBB) et s&rsquo;inscrivait dans la continuit\u00e9 du travail entam\u00e9 lors de la <a href=\"http:\/\/www.industriall-union.org\/trade-unions-start-network-at-building-materials-multinational-crh\">conf\u00e9rence de Dublin en 2019<\/a>, o\u00f9 le r\u00e9seau de repr\u00e9sentants syndicaux et de militants a \u00e9t\u00e9 constitu\u00e9.<\/p><p>Les participants ont \u00e9chang\u00e9 leurs points de vue sur les d\u00e9fis auxquels sont confront\u00e9s leurs syndicats et leurs membres face \u00e0 la pand\u00e9mie de COVID-19, la sous-traitance, la SST, le changement climatique, la n\u00e9cessit\u00e9 d&rsquo;une transition juste et l&rsquo;\u00e9tat du dialogue social dans les entit\u00e9s de CRH.<\/p><figure class=\"imageArticle imageMedium imageOverlay colorOverlay\"><img decoding=\"async\" alt=\"\" src=\"\/wp-content\/uploads\/images\/2021\/SWITZERLAND\/CRH\/screen_shot_2021-06-16_at_14.20.16.png\" style=\"width: 600px; height: 338px;\" \/><figcaption class=\"imageContent\"><div class=\"imageCaption\"><p>Ambet Yuson, Secr\u00e9taire g\u00e9n\u00e9ral de l&rsquo;IBB<\/p><\/div><\/figcaption><\/figure><blockquote><p>&ldquo;Au cours des cinq \u00e0 dix derni\u00e8res ann\u00e9es, CRH est devenu un acteur majeur de l&rsquo;industrie du ciment. La soci\u00e9t\u00e9 a \u00e9tabli de nouvelles activit\u00e9s dans les pays du Sud. Les travailleurs esp\u00e9raient que l&rsquo;arriv\u00e9e de CRH se ferait pour un mieux, s&rsquo;attendant \u00e0 des investissements, \u00e0 la modernisation et au d\u00e9veloppement.<\/p><p>Malheureusement, nous avons \u00e9t\u00e9 t\u00e9moins du contraire. Violation de la CCT en Ukraine, introduction de doubles \u00e9quipes au Br\u00e9sil en temps de COVID-19 et sous-traitance excessive aux Philippines. Ces pratiques ne sont pas conformes aux normes internationales en mati\u00e8re de droits de l&rsquo;homme et aux engagements pris par l&rsquo;entreprise dans le cadre des principes directeurs de l&rsquo;OCDE. Nous devons unir nos forces et combattre cette injustice.&rdquo;<\/p><\/blockquote><p>Les d\u00e9l\u00e9gu\u00e9s \u00e0 la conf\u00e9rence ont discut\u00e9 de l&rsquo;\u00e9tat d&rsquo;avancement des n\u00e9gociations visant \u00e0 conclure une nouvelle convention pour le Comit\u00e9 d&rsquo;entreprise europ\u00e9en de CRH et ont exprim\u00e9 leur soutien aux efforts d\u00e9ploy\u00e9s au niveau europ\u00e9en.<\/p><figure class=\"imageArticle imageMedium imageOverlay colorOverlay\"><img decoding=\"async\" alt=\"\" src=\"\/wp-content\/uploads\/images\/2021\/SWITZERLAND\/CRH\/screen_shot_2021-06-16_at_14.20.55.png\" style=\"width: 600px; height: 338px;\" \/><figcaption class=\"imageContent\"><div class=\"imageCaption\"><p>Tom Deleu, Secr\u00e9taire g\u00e9n\u00e9ral de la FETBB<\/p><\/div><\/figcaption><\/figure><p>Tom Deleu, Secr\u00e9taire g\u00e9n\u00e9ral de la FETBB a d\u00e9clar\u00e9&nbsp;:<\/p><blockquote><p>&ldquo;Chez CRH, nous avons du travail \u00e0 faire. Au niveau europ\u00e9en, nous disposons d&rsquo;un cadre l\u00e9gislatif clair concernant le dialogue social au sein des entreprises multinationales. CRH a conclu une convention volontaire, mais nous pensons qu&rsquo;elle ne r\u00e9pond pas aux normes. Ces derni\u00e8res ann\u00e9es, l&rsquo;entreprise est devenue un acteur mondial et elle doit maintenant s&rsquo;engager avec les syndicats au niveau local, europ\u00e9en et mondial. Nous visons \u00e0 am\u00e9liorer le dialogue dans le cadre des r\u00e8gles contraignantes de la directive europ\u00e9enne et nous n&rsquo;accepterons rien de moins.&rdquo;<\/p><\/blockquote><p>Les d\u00e9l\u00e9gu\u00e9s ont discut\u00e9 d&rsquo;un plan d&rsquo;action d\u00e9taill\u00e9 ax\u00e9 sur la collecte d&rsquo;informations concernant la situation dans l&rsquo;entreprise s&rsquo;agissant de la pr\u00e9sence syndicale, de la num\u00e9risation, de la r\u00e9ponse de l&rsquo;entreprise au changement climatique, etc. Tout en \u00e9tablissant et en construisant un dialogue social avec l&rsquo;entreprise, les d\u00e9l\u00e9gu\u00e9s ont \u00e9galement d\u00e9cid\u00e9 d&rsquo;entrer en contact avec les parties prenantes de l&rsquo;entreprise et de s&rsquo;engager avec elles sur des questions cruciales.<\/p><p>Les participants ont \u00e9galement d\u00e9cid\u00e9 de pr\u00e9parer une d\u00e9claration commune qui, apr\u00e8s consultation des d\u00e9l\u00e9gu\u00e9s, sera partag\u00e9e avec l&rsquo;entreprise et publi\u00e9e ici.<\/p><figure class=\"imageArticle imageMedium imageOverlay colorOverlay\"><img decoding=\"async\" alt=\"\" src=\"\/wp-content\/uploads\/images\/2021\/SWITZERLAND\/CRH\/screen_shot_2021-06-16_at_14.11.17.png\" style=\"width: 600px; height: 338px;\" \/><figcaption class=\"imageContent\"><div class=\"imageCaption\"><p>Kemal \u00d6zkan, Secr\u00e9taire g\u00e9n\u00e9ral adjoint d&rsquo;IndustriALL<\/p><\/div><\/figcaption><\/figure><p>Kemal \u00d6zkan, Secr\u00e9taire g\u00e9n\u00e9ral adjoint d&rsquo;IndustriALL, a f\u00e9licit\u00e9 les participants pour le succ\u00e8s de la conf\u00e9rence et a d\u00e9clar\u00e9&nbsp;:<\/p><blockquote><p>&ldquo;Il s&rsquo;agit de la deuxi\u00e8me r\u00e9union mondiale consacr\u00e9e aux probl\u00e8mes li\u00e9s au dialogue social chez CRH. Nous tendons la main et recherchons un dialogue transparent&nbsp;; tant que cela sera r\u00e9ciproque, nous serons heureux de coop\u00e9rer. Mais CRH doit devenir transparente sur sa coop\u00e9ration avec nous et nous ne tol\u00e9rerons pas d&rsquo;autre attitude. Si l&rsquo;entreprise accepte notre offre, nous ferons de notre mieux pour construire notre relation sur la base du respect mutuel, sinon, nous avons d&rsquo;autres m\u00e9thodes dans notre bo\u00eete \u00e0 outils et avons suffisamment d&rsquo;exp\u00e9rience pour \u00e9galement mener des campagnes, si n\u00e9cessaire.&rdquo;<\/p><\/blockquote>","protected":false},"featured_media":0,"template":"","issues":[409,425],"companies":[29],"regions":[],"sectors":[485,484],"article_tags":[],"class_list":["post-144652","article","type-article","status-publish","hentry","issues-multinational-companies-mncs","issues-workers-rights","companies-crh","sectors-cement","sectors-glass-cement-ceramic-and-associated-industries"],"acf":[],"yoast_head":"<!-- This site is optimized with the Yoast SEO Premium plugin v27.1 (Yoast SEO v27.1) - https:\/\/yoast.com\/product\/yoast-seo-premium-wordpress\/ -->\n<title>CRH : travailleurs et syndicats restent forts et unis - industriall-union<\/title>\n<meta name=\"description\" content=\"La r\u00e9union a \u00e9t\u00e9 convoqu\u00e9e par IndustriALL Global Union, l&rsquo;Internationale des travailleurs du b\u00e2timent et du bois (IBB) et la F\u00e9d\u00e9ration europ\u00e9enne\" \/>\n<meta name=\"robots\" content=\"index, follow, max-snippet:-1, max-image-preview:large, max-video-preview:-1\" \/>\n<link rel=\"canonical\" href=\"https:\/\/admin.industriall-union.org\/fr\/crh-travailleurs-et-syndicats-restent-forts-et-unis\/\" \/>\n<meta property=\"og:locale\" content=\"fr_FR\" \/>\n<meta property=\"og:type\" content=\"article\" \/>\n<meta property=\"og:title\" content=\"CRH : travailleurs et syndicats restent forts et unis\" \/>\n<meta property=\"og:description\" content=\"La r\u00e9union a \u00e9t\u00e9 convoqu\u00e9e par IndustriALL Global Union, l&rsquo;Internationale des travailleurs du b\u00e2timent et du bois (IBB) et la F\u00e9d\u00e9ration europ\u00e9enne\" \/>\n<meta property=\"og:url\" content=\"https:\/\/admin.industriall-union.org\/fr\/crh-travailleurs-et-syndicats-restent-forts-et-unis\/\" \/>\n<meta property=\"og:site_name\" content=\"industriall-union\" \/>\n<meta property=\"article:modified_time\" content=\"2025-01-28T15:11:07+00:00\" \/>\n<meta name=\"twitter:card\" content=\"summary_large_image\" \/>\n<meta name=\"twitter:label1\" content=\"Est. reading time\" \/>\n\t<meta name=\"twitter:data1\" content=\"4 minutes\" \/>\n<script type=\"application\/ld+json\" class=\"yoast-schema-graph\">{\"@context\":\"https:\/\/schema.org\",\"@graph\":[{\"@type\":\"WebPage\",\"@id\":\"https:\/\/admin.industriall-union.org\/fr\/crh-travailleurs-et-syndicats-restent-forts-et-unis\/\",\"url\":\"https:\/\/admin.industriall-union.org\/fr\/crh-travailleurs-et-syndicats-restent-forts-et-unis\/\",\"name\":\"CRH : travailleurs et syndicats restent forts et unis - industriall-union\",\"isPartOf\":{\"@id\":\"https:\/\/admin.industriall-union.org\/#website\"},\"datePublished\":\"2021-06-29T08:44:42+00:00\",\"dateModified\":\"2025-01-28T15:11:07+00:00\",\"description\":\"La r\u00e9union a \u00e9t\u00e9 convoqu\u00e9e par IndustriALL Global Union, l&rsquo;Internationale des travailleurs du b\u00e2timent et du bois (IBB) et la F\u00e9d\u00e9ration europ\u00e9enne\",\"breadcrumb\":{\"@id\":\"https:\/\/admin.industriall-union.org\/fr\/crh-travailleurs-et-syndicats-restent-forts-et-unis\/#breadcrumb\"},\"inLanguage\":\"fr-FR\",\"potentialAction\":[{\"@type\":\"ReadAction\",\"target\":[\"https:\/\/admin.industriall-union.org\/fr\/crh-travailleurs-et-syndicats-restent-forts-et-unis\/\"]}]},{\"@type\":\"BreadcrumbList\",\"@id\":\"https:\/\/admin.industriall-union.org\/fr\/crh-travailleurs-et-syndicats-restent-forts-et-unis\/#breadcrumb\",\"itemListElement\":[{\"@type\":\"ListItem\",\"position\":1,\"name\":\"Home\",\"item\":\"https:\/\/admin.industriall-union.org\/\"},{\"@type\":\"ListItem\",\"position\":2,\"name\":\"Articles\",\"item\":\"https:\/\/admin.industriall-union.org\/article\/\"},{\"@type\":\"ListItem\",\"position\":3,\"name\":\"CRH : travailleurs et syndicats restent forts et unis\"}]},{\"@type\":\"WebSite\",\"@id\":\"https:\/\/admin.industriall-union.org\/#website\",\"url\":\"https:\/\/admin.industriall-union.org\/\",\"name\":\"industriall-union\",\"description\":\"\",\"potentialAction\":[{\"@type\":\"SearchAction\",\"target\":{\"@type\":\"EntryPoint\",\"urlTemplate\":\"https:\/\/admin.industriall-union.org\/?s={search_term_string}\"},\"query-input\":{\"@type\":\"PropertyValueSpecification\",\"valueRequired\":true,\"valueName\":\"search_term_string\"}}],\"inLanguage\":\"fr-FR\"}]}<\/script>\n<!-- \/ Yoast SEO Premium plugin. -->","yoast_head_json":{"title":"CRH : travailleurs et syndicats restent forts et unis - industriall-union","description":"La r\u00e9union a \u00e9t\u00e9 convoqu\u00e9e par IndustriALL Global Union, l&rsquo;Internationale des travailleurs du b\u00e2timent et du bois (IBB) et la F\u00e9d\u00e9ration europ\u00e9enne","robots":{"index":"index","follow":"follow","max-snippet":"max-snippet:-1","max-image-preview":"max-image-preview:large","max-video-preview":"max-video-preview:-1"},"canonical":"https:\/\/admin.industriall-union.org\/fr\/crh-travailleurs-et-syndicats-restent-forts-et-unis\/","og_locale":"fr_FR","og_type":"article","og_title":"CRH : travailleurs et syndicats restent forts et unis","og_description":"La r\u00e9union a \u00e9t\u00e9 convoqu\u00e9e par IndustriALL Global Union, l&rsquo;Internationale des travailleurs du b\u00e2timent et du bois (IBB) et la F\u00e9d\u00e9ration europ\u00e9enne","og_url":"https:\/\/admin.industriall-union.org\/fr\/crh-travailleurs-et-syndicats-restent-forts-et-unis\/","og_site_name":"industriall-union","article_modified_time":"2025-01-28T15:11:07+00:00","twitter_card":"summary_large_image","twitter_misc":{"Est. reading time":"4 minutes"},"schema":{"@context":"https:\/\/schema.org","@graph":[{"@type":"WebPage","@id":"https:\/\/admin.industriall-union.org\/fr\/crh-travailleurs-et-syndicats-restent-forts-et-unis\/","url":"https:\/\/admin.industriall-union.org\/fr\/crh-travailleurs-et-syndicats-restent-forts-et-unis\/","name":"CRH : travailleurs et syndicats restent forts et unis - industriall-union","isPartOf":{"@id":"https:\/\/admin.industriall-union.org\/#website"},"datePublished":"2021-06-29T08:44:42+00:00","dateModified":"2025-01-28T15:11:07+00:00","description":"La r\u00e9union a \u00e9t\u00e9 convoqu\u00e9e par IndustriALL Global Union, l&rsquo;Internationale des travailleurs du b\u00e2timent et du bois (IBB) et la F\u00e9d\u00e9ration europ\u00e9enne","breadcrumb":{"@id":"https:\/\/admin.industriall-union.org\/fr\/crh-travailleurs-et-syndicats-restent-forts-et-unis\/#breadcrumb"},"inLanguage":"fr-FR","potentialAction":[{"@type":"ReadAction","target":["https:\/\/admin.industriall-union.org\/fr\/crh-travailleurs-et-syndicats-restent-forts-et-unis\/"]}]},{"@type":"BreadcrumbList","@id":"https:\/\/admin.industriall-union.org\/fr\/crh-travailleurs-et-syndicats-restent-forts-et-unis\/#breadcrumb","itemListElement":[{"@type":"ListItem","position":1,"name":"Home","item":"https:\/\/admin.industriall-union.org\/"},{"@type":"ListItem","position":2,"name":"Articles","item":"https:\/\/admin.industriall-union.org\/article\/"},{"@type":"ListItem","position":3,"name":"CRH : travailleurs et syndicats restent forts et unis"}]},{"@type":"WebSite","@id":"https:\/\/admin.industriall-union.org\/#website","url":"https:\/\/admin.industriall-union.org\/","name":"industriall-union","description":"","potentialAction":[{"@type":"SearchAction","target":{"@type":"EntryPoint","urlTemplate":"https:\/\/admin.industriall-union.org\/?s={search_term_string}"},"query-input":{"@type":"PropertyValueSpecification","valueRequired":true,"valueName":"search_term_string"}}],"inLanguage":"fr-FR"}]}},"_links":{"self":[{"href":"https:\/\/admin.industriall-union.org\/fr\/wp-json\/wp\/v2\/article\/144652","targetHints":{"allow":["GET"]}}],"collection":[{"href":"https:\/\/admin.industriall-union.org\/fr\/wp-json\/wp\/v2\/article"}],"about":[{"href":"https:\/\/admin.industriall-union.org\/fr\/wp-json\/wp\/v2\/types\/article"}],"wp:attachment":[{"href":"https:\/\/admin.industriall-union.org\/fr\/wp-json\/wp\/v2\/media?parent=144652"}],"wp:term":[{"taxonomy":"issues","embeddable":true,"href":"https:\/\/admin.industriall-union.org\/fr\/wp-json\/wp\/v2\/issues?post=144652"},{"taxonomy":"companies","embeddable":true,"href":"https:\/\/admin.industriall-union.org\/fr\/wp-json\/wp\/v2\/companies?post=144652"},{"taxonomy":"regions","embeddable":true,"href":"https:\/\/admin.industriall-union.org\/fr\/wp-json\/wp\/v2\/regions?post=144652"},{"taxonomy":"sectors","embeddable":true,"href":"https:\/\/admin.industriall-union.org\/fr\/wp-json\/wp\/v2\/sectors?post=144652"},{"taxonomy":"article_tags","embeddable":true,"href":"https:\/\/admin.industriall-union.org\/fr\/wp-json\/wp\/v2\/article_tags?post=144652"}],"curies":[{"name":"wp","href":"https:\/\/api.w.org\/{rel}","templated":true}]}}