{"id":144639,"date":"2021-07-08T14:04:43","date_gmt":"2021-07-08T14:04:43","guid":{"rendered":"https:\/\/admin.industriall-union.org\/dispensaires-geres-par-le-syndicat-de-la-confection-en-afrique-du-sud-agrees-pour-le-vaccin-covid-19\/"},"modified":"2025-01-28T09:47:43","modified_gmt":"2025-01-28T09:47:43","slug":"dispensaires-geres-par-le-syndicat-de-la-confection-en-afrique-du-sud-agrees-pour-le-vaccin-covid-19","status":"publish","type":"article","link":"https:\/\/admin.industriall-union.org\/fr\/dispensaires-geres-par-le-syndicat-de-la-confection-en-afrique-du-sud-agrees-pour-le-vaccin-covid-19\/","title":{"rendered":"Dispensaires g\u00e9r\u00e9s par le syndicat de la confection en Afrique du Sud agr\u00e9\u00e9s pour le vaccin Covid-19"},"content":{"rendered":"<p>Ce 3 juillet, 15 travailleurs et travailleuses ont re\u00e7u leur vaccin lors d&rsquo;un essai effectu\u00e9 dans un dispensaire de Durban. Ces dispensaires, qui ont la capacit\u00e9 de vacciner au moins 6.000 personnes par semaine, seront li\u00e9s au programme national de d\u00e9ploiement de la vaccination.<\/p><p>Les dispensaires g\u00e9r\u00e9s par le syndicat fournissent des services de sant\u00e9 aux travailleurs et travailleuses de la confection depuis plusieurs d\u00e9cennies (le premier a \u00e9t\u00e9 cr\u00e9\u00e9e en 1942) et font partie de la strat\u00e9gie du syndicat en mati\u00e8re de sant\u00e9 et de s\u00e9curit\u00e9. Ils sont g\u00e9r\u00e9s avec le soutien du Conseil national de n\u00e9gociation de l&rsquo;industrie de l&rsquo;habillement, dans le cadre du syst\u00e8me tripartite de relations sociales d&rsquo;Afrique du Sud.<\/p><p>Les efforts du syndicat contribuent \u00e0 un programme de d\u00e9ploiement national visant \u00e0 vacciner le plus grand nombre possible de personnes contre une vague ravageuse d&rsquo;infections de Covid-19 qui s&rsquo;est r\u00e9cemment multipli\u00e9e en raison du variant delta, plus contagieux, qui domine d\u00e9sormais dans le pays. Les syndicats expriment leur inqui\u00e9tude face \u00e0 la lenteur de la vaccination.<\/p><p>Andre Kriel, Secr\u00e9taire g\u00e9n\u00e9ral du SACTWU, a d\u00e9clar\u00e9&nbsp;:<\/p><blockquote><p>&ldquo;Cet exaltant fait nouveau fait suite \u00e0 la r\u00e9cente conclusion de n\u00e9gociations fructueuses en vue d&rsquo;un accord-cadre historique sur le d\u00e9ploiement du vaccin Covid-19 pour notre secteur, qui a \u00e9t\u00e9 sign\u00e9 par le SACTWU et toutes les associations d&rsquo;employeurs du secteur du v\u00eatement en avril. Une partie de l&rsquo;accord-cadre stipule que nous mettrons \u00e0 disposition les dispensaires de notre secteur et son personnel m\u00e9dical qualifi\u00e9 pour aider \u00e0 la campagne de d\u00e9ploiement du vaccin Covid-19.&rdquo;<\/p><\/blockquote><p>Paule France Ndessomin, Secr\u00e9taire r\u00e9gionale d&rsquo;IndustriALL pour l&rsquo;Afrique subsaharienne, a d\u00e9clar\u00e9&nbsp;:<\/p><blockquote><p>&ldquo;Nous saluons les efforts du SACTWU, qui est un syndicat \u00e0 la pointe dans la campagne de pr\u00e9vention et de vaccination contre la Covid-19 dans les usines et sur les lieux de travail. Il est important que le syndicat ait int\u00e9gr\u00e9 la Covid-19 dans ses activit\u00e9s de sant\u00e9 et de s\u00e9curit\u00e9, ce qui justifie pourquoi la Covid-19 doit \u00eatre reconnue comme une maladie professionnelle.&rdquo;<\/p><\/blockquote><p>L&rsquo;Afrique du Sud est le pays d&rsquo;Afrique subsaharienne o\u00f9 le taux d&rsquo;infection par la Covid-19 est le plus \u00e9lev\u00e9&nbsp;: plus de 63.000 personnes en sont mortes. Selon le Conseil sud-africain de la recherche m\u00e9dicale, un exc\u00e9dent de d\u00e9c\u00e8s de 176.700 personnes a \u00e9t\u00e9 enregistr\u00e9 dans le pays depuis l&rsquo;apparition de la pand\u00e9mie de Covid-19.<\/p><p>En outre, selon le Minist\u00e8re de la sant\u00e9, le 7 juillet, le pays comptait 195.493 cas actifs et 411 personnes mouraient chaque jour de complications li\u00e9es \u00e0 la Covid-19. Le pays enregistre 21.427 nouvelles infections par jour. Jusqu&rsquo;\u00e0 pr\u00e9sent, 3.819.730 personnes ont \u00e9t\u00e9 vaccin\u00e9es, ce qui tr\u00e8s inf\u00e9rieur aux 40 millions de personnes vis\u00e9es pour que le pays atteigne l&rsquo;immunit\u00e9 collective. Les informations \u00e0 disposition indiquent que certains h\u00f4pitaux du pays, dans les endroits les plus touch\u00e9s par la Covid-19 comme Johannesburg, manquent de lits pour les patients qui doivent \u00eatre admis.<\/p>","protected":false},"featured_media":0,"template":"","issues":[362],"companies":[],"regions":[350,311],"sectors":[464],"article_tags":[],"class_list":["post-144639","article","type-article","status-publish","hentry","issues-covid-19","regions-south-africa","regions-sub-saharan-africa","sectors-textile-leather-garment-shoes-and-textile-services"],"acf":[],"yoast_head":"<!-- This site is optimized with the Yoast SEO Premium plugin v27.1 (Yoast SEO v27.1) - https:\/\/yoast.com\/product\/yoast-seo-premium-wordpress\/ -->\n<title>Dispensaires g\u00e9r\u00e9s par le syndicat de la confection en Afrique du Sud agr\u00e9\u00e9s pour le vaccin Covid-19 - industriall-union<\/title>\n<meta name=\"description\" content=\"Ce 3 juillet, 15 travailleurs et travailleuses ont re\u00e7u leur vaccin lors d&rsquo;un essai effectu\u00e9 dans un dispensaire de Durban. Ces dispensaires, qui\" \/>\n<meta name=\"robots\" content=\"index, follow, max-snippet:-1, max-image-preview:large, max-video-preview:-1\" \/>\n<link rel=\"canonical\" href=\"https:\/\/admin.industriall-union.org\/fr\/dispensaires-geres-par-le-syndicat-de-la-confection-en-afrique-du-sud-agrees-pour-le-vaccin-covid-19\/\" \/>\n<meta property=\"og:locale\" content=\"fr_FR\" \/>\n<meta property=\"og:type\" content=\"article\" \/>\n<meta property=\"og:title\" content=\"Dispensaires g\u00e9r\u00e9s par le syndicat de la confection en Afrique du Sud agr\u00e9\u00e9s pour le vaccin Covid-19\" \/>\n<meta property=\"og:description\" content=\"Ce 3 juillet, 15 travailleurs et travailleuses ont re\u00e7u leur vaccin lors d&rsquo;un essai effectu\u00e9 dans un dispensaire de Durban. Ces dispensaires, qui\" \/>\n<meta property=\"og:url\" content=\"https:\/\/admin.industriall-union.org\/fr\/dispensaires-geres-par-le-syndicat-de-la-confection-en-afrique-du-sud-agrees-pour-le-vaccin-covid-19\/\" \/>\n<meta property=\"og:site_name\" content=\"industriall-union\" \/>\n<meta property=\"article:modified_time\" content=\"2025-01-28T09:47:43+00:00\" \/>\n<meta name=\"twitter:card\" content=\"summary_large_image\" \/>\n<meta name=\"twitter:label1\" content=\"Est. reading time\" \/>\n\t<meta name=\"twitter:data1\" content=\"3 minutes\" \/>\n<script type=\"application\/ld+json\" class=\"yoast-schema-graph\">{\"@context\":\"https:\/\/schema.org\",\"@graph\":[{\"@type\":\"WebPage\",\"@id\":\"https:\/\/admin.industriall-union.org\/fr\/dispensaires-geres-par-le-syndicat-de-la-confection-en-afrique-du-sud-agrees-pour-le-vaccin-covid-19\/\",\"url\":\"https:\/\/admin.industriall-union.org\/fr\/dispensaires-geres-par-le-syndicat-de-la-confection-en-afrique-du-sud-agrees-pour-le-vaccin-covid-19\/\",\"name\":\"Dispensaires g\u00e9r\u00e9s par le syndicat de la confection en Afrique du Sud agr\u00e9\u00e9s pour le vaccin Covid-19 - industriall-union\",\"isPartOf\":{\"@id\":\"https:\/\/admin.industriall-union.org\/#website\"},\"datePublished\":\"2021-07-08T14:04:43+00:00\",\"dateModified\":\"2025-01-28T09:47:43+00:00\",\"description\":\"Ce 3 juillet, 15 travailleurs et travailleuses ont re\u00e7u leur vaccin lors d&rsquo;un essai effectu\u00e9 dans un dispensaire de Durban. Ces dispensaires, qui\",\"breadcrumb\":{\"@id\":\"https:\/\/admin.industriall-union.org\/fr\/dispensaires-geres-par-le-syndicat-de-la-confection-en-afrique-du-sud-agrees-pour-le-vaccin-covid-19\/#breadcrumb\"},\"inLanguage\":\"fr-FR\",\"potentialAction\":[{\"@type\":\"ReadAction\",\"target\":[\"https:\/\/admin.industriall-union.org\/fr\/dispensaires-geres-par-le-syndicat-de-la-confection-en-afrique-du-sud-agrees-pour-le-vaccin-covid-19\/\"]}]},{\"@type\":\"BreadcrumbList\",\"@id\":\"https:\/\/admin.industriall-union.org\/fr\/dispensaires-geres-par-le-syndicat-de-la-confection-en-afrique-du-sud-agrees-pour-le-vaccin-covid-19\/#breadcrumb\",\"itemListElement\":[{\"@type\":\"ListItem\",\"position\":1,\"name\":\"Home\",\"item\":\"https:\/\/admin.industriall-union.org\/\"},{\"@type\":\"ListItem\",\"position\":2,\"name\":\"Articles\",\"item\":\"https:\/\/admin.industriall-union.org\/article\/\"},{\"@type\":\"ListItem\",\"position\":3,\"name\":\"Dispensaires g\u00e9r\u00e9s par le syndicat de la confection en Afrique du Sud agr\u00e9\u00e9s pour le vaccin Covid-19\"}]},{\"@type\":\"WebSite\",\"@id\":\"https:\/\/admin.industriall-union.org\/#website\",\"url\":\"https:\/\/admin.industriall-union.org\/\",\"name\":\"industriall-union\",\"description\":\"\",\"potentialAction\":[{\"@type\":\"SearchAction\",\"target\":{\"@type\":\"EntryPoint\",\"urlTemplate\":\"https:\/\/admin.industriall-union.org\/?s={search_term_string}\"},\"query-input\":{\"@type\":\"PropertyValueSpecification\",\"valueRequired\":true,\"valueName\":\"search_term_string\"}}],\"inLanguage\":\"fr-FR\"}]}<\/script>\n<!-- \/ Yoast SEO Premium plugin. -->","yoast_head_json":{"title":"Dispensaires g\u00e9r\u00e9s par le syndicat de la confection en Afrique du Sud agr\u00e9\u00e9s pour le vaccin Covid-19 - industriall-union","description":"Ce 3 juillet, 15 travailleurs et travailleuses ont re\u00e7u leur vaccin lors d&rsquo;un essai effectu\u00e9 dans un dispensaire de Durban. Ces dispensaires, qui","robots":{"index":"index","follow":"follow","max-snippet":"max-snippet:-1","max-image-preview":"max-image-preview:large","max-video-preview":"max-video-preview:-1"},"canonical":"https:\/\/admin.industriall-union.org\/fr\/dispensaires-geres-par-le-syndicat-de-la-confection-en-afrique-du-sud-agrees-pour-le-vaccin-covid-19\/","og_locale":"fr_FR","og_type":"article","og_title":"Dispensaires g\u00e9r\u00e9s par le syndicat de la confection en Afrique du Sud agr\u00e9\u00e9s pour le vaccin Covid-19","og_description":"Ce 3 juillet, 15 travailleurs et travailleuses ont re\u00e7u leur vaccin lors d&rsquo;un essai effectu\u00e9 dans un dispensaire de Durban. Ces dispensaires, qui","og_url":"https:\/\/admin.industriall-union.org\/fr\/dispensaires-geres-par-le-syndicat-de-la-confection-en-afrique-du-sud-agrees-pour-le-vaccin-covid-19\/","og_site_name":"industriall-union","article_modified_time":"2025-01-28T09:47:43+00:00","twitter_card":"summary_large_image","twitter_misc":{"Est. reading time":"3 minutes"},"schema":{"@context":"https:\/\/schema.org","@graph":[{"@type":"WebPage","@id":"https:\/\/admin.industriall-union.org\/fr\/dispensaires-geres-par-le-syndicat-de-la-confection-en-afrique-du-sud-agrees-pour-le-vaccin-covid-19\/","url":"https:\/\/admin.industriall-union.org\/fr\/dispensaires-geres-par-le-syndicat-de-la-confection-en-afrique-du-sud-agrees-pour-le-vaccin-covid-19\/","name":"Dispensaires g\u00e9r\u00e9s par le syndicat de la confection en Afrique du Sud agr\u00e9\u00e9s pour le vaccin Covid-19 - industriall-union","isPartOf":{"@id":"https:\/\/admin.industriall-union.org\/#website"},"datePublished":"2021-07-08T14:04:43+00:00","dateModified":"2025-01-28T09:47:43+00:00","description":"Ce 3 juillet, 15 travailleurs et travailleuses ont re\u00e7u leur vaccin lors d&rsquo;un essai effectu\u00e9 dans un dispensaire de Durban. Ces dispensaires, qui","breadcrumb":{"@id":"https:\/\/admin.industriall-union.org\/fr\/dispensaires-geres-par-le-syndicat-de-la-confection-en-afrique-du-sud-agrees-pour-le-vaccin-covid-19\/#breadcrumb"},"inLanguage":"fr-FR","potentialAction":[{"@type":"ReadAction","target":["https:\/\/admin.industriall-union.org\/fr\/dispensaires-geres-par-le-syndicat-de-la-confection-en-afrique-du-sud-agrees-pour-le-vaccin-covid-19\/"]}]},{"@type":"BreadcrumbList","@id":"https:\/\/admin.industriall-union.org\/fr\/dispensaires-geres-par-le-syndicat-de-la-confection-en-afrique-du-sud-agrees-pour-le-vaccin-covid-19\/#breadcrumb","itemListElement":[{"@type":"ListItem","position":1,"name":"Home","item":"https:\/\/admin.industriall-union.org\/"},{"@type":"ListItem","position":2,"name":"Articles","item":"https:\/\/admin.industriall-union.org\/article\/"},{"@type":"ListItem","position":3,"name":"Dispensaires g\u00e9r\u00e9s par le syndicat de la confection en Afrique du Sud agr\u00e9\u00e9s pour le vaccin Covid-19"}]},{"@type":"WebSite","@id":"https:\/\/admin.industriall-union.org\/#website","url":"https:\/\/admin.industriall-union.org\/","name":"industriall-union","description":"","potentialAction":[{"@type":"SearchAction","target":{"@type":"EntryPoint","urlTemplate":"https:\/\/admin.industriall-union.org\/?s={search_term_string}"},"query-input":{"@type":"PropertyValueSpecification","valueRequired":true,"valueName":"search_term_string"}}],"inLanguage":"fr-FR"}]}},"_links":{"self":[{"href":"https:\/\/admin.industriall-union.org\/fr\/wp-json\/wp\/v2\/article\/144639","targetHints":{"allow":["GET"]}}],"collection":[{"href":"https:\/\/admin.industriall-union.org\/fr\/wp-json\/wp\/v2\/article"}],"about":[{"href":"https:\/\/admin.industriall-union.org\/fr\/wp-json\/wp\/v2\/types\/article"}],"wp:attachment":[{"href":"https:\/\/admin.industriall-union.org\/fr\/wp-json\/wp\/v2\/media?parent=144639"}],"wp:term":[{"taxonomy":"issues","embeddable":true,"href":"https:\/\/admin.industriall-union.org\/fr\/wp-json\/wp\/v2\/issues?post=144639"},{"taxonomy":"companies","embeddable":true,"href":"https:\/\/admin.industriall-union.org\/fr\/wp-json\/wp\/v2\/companies?post=144639"},{"taxonomy":"regions","embeddable":true,"href":"https:\/\/admin.industriall-union.org\/fr\/wp-json\/wp\/v2\/regions?post=144639"},{"taxonomy":"sectors","embeddable":true,"href":"https:\/\/admin.industriall-union.org\/fr\/wp-json\/wp\/v2\/sectors?post=144639"},{"taxonomy":"article_tags","embeddable":true,"href":"https:\/\/admin.industriall-union.org\/fr\/wp-json\/wp\/v2\/article_tags?post=144639"}],"curies":[{"name":"wp","href":"https:\/\/api.w.org\/{rel}","templated":true}]}}