{"id":144606,"date":"2021-07-29T14:57:35","date_gmt":"2021-07-29T14:57:35","guid":{"rendered":"https:\/\/admin.industriall-union.org\/les-travailleurs-du-ciment-albanais-signent-une-convention-collective-a-elbasan\/"},"modified":"2025-01-28T09:14:42","modified_gmt":"2025-01-28T09:14:42","slug":"les-travailleurs-du-ciment-albanais-signent-une-convention-collective-a-elbasan","status":"publish","type":"article","link":"https:\/\/admin.industriall-union.org\/fr\/les-travailleurs-du-ciment-albanais-signent-une-convention-collective-a-elbasan\/","title":{"rendered":"Les travailleurs du ciment albanais signent une convention collective \u00e0 Elbasan"},"content":{"rendered":"<p>Cet accord, d&#039;une dur\u00e9e de deux ans, am\u00e9liore sensiblement les conditions de travail et les salaires des 560 travailleurs de cette usine du district d&#039;Elbasan, en Albanie.<\/p><p>Le pr\u00e9sident du SPMSH, Gezim Kalaja, qui a sign\u00e9 la convention avec le d\u00e9l\u00e9gu\u00e9 d&#039;atelier Skender Ndregjoni du c\u00f4t\u00e9 syndical, a d\u00e9clar\u00e9 :&nbsp;<\/p><blockquote><p>&quot;Cette victoire est le fruit de la puissance de la n\u00e9gociation collective et de la force de notre syndicat en Albanie. Par la signature de cette convention collective, le SPMSH s&#039;attaque \u00e0 la crise financi\u00e8re provoqu\u00e9e par la pand\u00e9mie de Covid-19.&quot;<\/p><\/blockquote><p>Gezim Kalaja a soulign\u00e9 certains points saillants de la convention collective, notamment :<\/p><ul><li>Des hausses de salaires pour tous les salari\u00e9s, ce qui est particuli\u00e8rement important pendant la pand\u00e9mie;<\/li><\/ul><ul><li>Un compl\u00e9ment de r\u00e9mun\u00e9ration pour les salari\u00e9s au d\u00e9part \u00e0 la retraite;<\/li><\/ul><ul><li>Un meilleur libell\u00e9 s&#039;agissant de l&#039;application rigoureuse de la l\u00e9gislation sur la sant\u00e9 et la s\u00e9curit\u00e9 au travail dans l&#039;usine;<\/li><\/ul><ul><li>L&#039;octroi de cong\u00e9s pay\u00e9s et d&#039;un 13e mois de salaire \u00e0 la fin de l&#039;ann\u00e9e pour tous les salari\u00e9s de la Cimenterie d&#039;Elbasan.<\/li><\/ul><p>L&#039;actionnaire majoritaire de la Cimenterie d&#039;Elbasan est la multinationale libanaise de n\u00e9goce du ciment Seament Holding, par le truchement de sa filiale albanaise.<\/p>","protected":false},"featured_media":0,"template":"","issues":[],"companies":[],"regions":[203,202],"sectors":[485,484],"article_tags":[],"class_list":["post-144606","article","type-article","status-publish","hentry","regions-albania","regions-europe","sectors-cement","sectors-glass-cement-ceramic-and-associated-industries"],"acf":[],"yoast_head":"<!-- This site is optimized with the Yoast SEO Premium plugin v27.1 (Yoast SEO v27.1) - https:\/\/yoast.com\/product\/yoast-seo-premium-wordpress\/ -->\n<title>Les travailleurs du ciment albanais signent une convention collective \u00e0 Elbasan - industriall-union<\/title>\n<meta name=\"description\" content=\"Cet accord, d&#039;une dur\u00e9e de deux ans, am\u00e9liore sensiblement les conditions de travail et les salaires des 560 travailleurs de cette usine du district\" \/>\n<meta name=\"robots\" content=\"index, follow, max-snippet:-1, max-image-preview:large, max-video-preview:-1\" \/>\n<link rel=\"canonical\" href=\"https:\/\/admin.industriall-union.org\/fr\/les-travailleurs-du-ciment-albanais-signent-une-convention-collective-a-elbasan\/\" \/>\n<meta property=\"og:locale\" content=\"fr_FR\" \/>\n<meta property=\"og:type\" content=\"article\" \/>\n<meta property=\"og:title\" content=\"Les travailleurs du ciment albanais signent une convention collective \u00e0 Elbasan\" \/>\n<meta property=\"og:description\" content=\"Cet accord, d&#039;une dur\u00e9e de deux ans, am\u00e9liore sensiblement les conditions de travail et les salaires des 560 travailleurs de cette usine du district\" \/>\n<meta property=\"og:url\" content=\"https:\/\/admin.industriall-union.org\/fr\/les-travailleurs-du-ciment-albanais-signent-une-convention-collective-a-elbasan\/\" \/>\n<meta property=\"og:site_name\" content=\"industriall-union\" \/>\n<meta property=\"article:modified_time\" content=\"2025-01-28T09:14:42+00:00\" \/>\n<meta name=\"twitter:card\" content=\"summary_large_image\" \/>\n<meta name=\"twitter:label1\" content=\"Est. reading time\" \/>\n\t<meta name=\"twitter:data1\" content=\"1 minute\" \/>\n<script type=\"application\/ld+json\" class=\"yoast-schema-graph\">{\"@context\":\"https:\/\/schema.org\",\"@graph\":[{\"@type\":\"WebPage\",\"@id\":\"https:\/\/admin.industriall-union.org\/fr\/les-travailleurs-du-ciment-albanais-signent-une-convention-collective-a-elbasan\/\",\"url\":\"https:\/\/admin.industriall-union.org\/fr\/les-travailleurs-du-ciment-albanais-signent-une-convention-collective-a-elbasan\/\",\"name\":\"Les travailleurs du ciment albanais signent une convention collective \u00e0 Elbasan - industriall-union\",\"isPartOf\":{\"@id\":\"https:\/\/admin.industriall-union.org\/#website\"},\"datePublished\":\"2021-07-29T14:57:35+00:00\",\"dateModified\":\"2025-01-28T09:14:42+00:00\",\"description\":\"Cet accord, d&#039;une dur\u00e9e de deux ans, am\u00e9liore sensiblement les conditions de travail et les salaires des 560 travailleurs de cette usine du district\",\"breadcrumb\":{\"@id\":\"https:\/\/admin.industriall-union.org\/fr\/les-travailleurs-du-ciment-albanais-signent-une-convention-collective-a-elbasan\/#breadcrumb\"},\"inLanguage\":\"fr-FR\",\"potentialAction\":[{\"@type\":\"ReadAction\",\"target\":[\"https:\/\/admin.industriall-union.org\/fr\/les-travailleurs-du-ciment-albanais-signent-une-convention-collective-a-elbasan\/\"]}]},{\"@type\":\"BreadcrumbList\",\"@id\":\"https:\/\/admin.industriall-union.org\/fr\/les-travailleurs-du-ciment-albanais-signent-une-convention-collective-a-elbasan\/#breadcrumb\",\"itemListElement\":[{\"@type\":\"ListItem\",\"position\":1,\"name\":\"Home\",\"item\":\"https:\/\/admin.industriall-union.org\/\"},{\"@type\":\"ListItem\",\"position\":2,\"name\":\"Articles\",\"item\":\"https:\/\/admin.industriall-union.org\/article\/\"},{\"@type\":\"ListItem\",\"position\":3,\"name\":\"Les travailleurs du ciment albanais signent une convention collective \u00e0 Elbasan\"}]},{\"@type\":\"WebSite\",\"@id\":\"https:\/\/admin.industriall-union.org\/#website\",\"url\":\"https:\/\/admin.industriall-union.org\/\",\"name\":\"industriall-union\",\"description\":\"\",\"potentialAction\":[{\"@type\":\"SearchAction\",\"target\":{\"@type\":\"EntryPoint\",\"urlTemplate\":\"https:\/\/admin.industriall-union.org\/?s={search_term_string}\"},\"query-input\":{\"@type\":\"PropertyValueSpecification\",\"valueRequired\":true,\"valueName\":\"search_term_string\"}}],\"inLanguage\":\"fr-FR\"}]}<\/script>\n<!-- \/ Yoast SEO Premium plugin. -->","yoast_head_json":{"title":"Les travailleurs du ciment albanais signent une convention collective \u00e0 Elbasan - industriall-union","description":"Cet accord, d&#039;une dur\u00e9e de deux ans, am\u00e9liore sensiblement les conditions de travail et les salaires des 560 travailleurs de cette usine du district","robots":{"index":"index","follow":"follow","max-snippet":"max-snippet:-1","max-image-preview":"max-image-preview:large","max-video-preview":"max-video-preview:-1"},"canonical":"https:\/\/admin.industriall-union.org\/fr\/les-travailleurs-du-ciment-albanais-signent-une-convention-collective-a-elbasan\/","og_locale":"fr_FR","og_type":"article","og_title":"Les travailleurs du ciment albanais signent une convention collective \u00e0 Elbasan","og_description":"Cet accord, d&#039;une dur\u00e9e de deux ans, am\u00e9liore sensiblement les conditions de travail et les salaires des 560 travailleurs de cette usine du district","og_url":"https:\/\/admin.industriall-union.org\/fr\/les-travailleurs-du-ciment-albanais-signent-une-convention-collective-a-elbasan\/","og_site_name":"industriall-union","article_modified_time":"2025-01-28T09:14:42+00:00","twitter_card":"summary_large_image","twitter_misc":{"Est. reading time":"1 minute"},"schema":{"@context":"https:\/\/schema.org","@graph":[{"@type":"WebPage","@id":"https:\/\/admin.industriall-union.org\/fr\/les-travailleurs-du-ciment-albanais-signent-une-convention-collective-a-elbasan\/","url":"https:\/\/admin.industriall-union.org\/fr\/les-travailleurs-du-ciment-albanais-signent-une-convention-collective-a-elbasan\/","name":"Les travailleurs du ciment albanais signent une convention collective \u00e0 Elbasan - industriall-union","isPartOf":{"@id":"https:\/\/admin.industriall-union.org\/#website"},"datePublished":"2021-07-29T14:57:35+00:00","dateModified":"2025-01-28T09:14:42+00:00","description":"Cet accord, d&#039;une dur\u00e9e de deux ans, am\u00e9liore sensiblement les conditions de travail et les salaires des 560 travailleurs de cette usine du district","breadcrumb":{"@id":"https:\/\/admin.industriall-union.org\/fr\/les-travailleurs-du-ciment-albanais-signent-une-convention-collective-a-elbasan\/#breadcrumb"},"inLanguage":"fr-FR","potentialAction":[{"@type":"ReadAction","target":["https:\/\/admin.industriall-union.org\/fr\/les-travailleurs-du-ciment-albanais-signent-une-convention-collective-a-elbasan\/"]}]},{"@type":"BreadcrumbList","@id":"https:\/\/admin.industriall-union.org\/fr\/les-travailleurs-du-ciment-albanais-signent-une-convention-collective-a-elbasan\/#breadcrumb","itemListElement":[{"@type":"ListItem","position":1,"name":"Home","item":"https:\/\/admin.industriall-union.org\/"},{"@type":"ListItem","position":2,"name":"Articles","item":"https:\/\/admin.industriall-union.org\/article\/"},{"@type":"ListItem","position":3,"name":"Les travailleurs du ciment albanais signent une convention collective \u00e0 Elbasan"}]},{"@type":"WebSite","@id":"https:\/\/admin.industriall-union.org\/#website","url":"https:\/\/admin.industriall-union.org\/","name":"industriall-union","description":"","potentialAction":[{"@type":"SearchAction","target":{"@type":"EntryPoint","urlTemplate":"https:\/\/admin.industriall-union.org\/?s={search_term_string}"},"query-input":{"@type":"PropertyValueSpecification","valueRequired":true,"valueName":"search_term_string"}}],"inLanguage":"fr-FR"}]}},"_links":{"self":[{"href":"https:\/\/admin.industriall-union.org\/fr\/wp-json\/wp\/v2\/article\/144606","targetHints":{"allow":["GET"]}}],"collection":[{"href":"https:\/\/admin.industriall-union.org\/fr\/wp-json\/wp\/v2\/article"}],"about":[{"href":"https:\/\/admin.industriall-union.org\/fr\/wp-json\/wp\/v2\/types\/article"}],"wp:attachment":[{"href":"https:\/\/admin.industriall-union.org\/fr\/wp-json\/wp\/v2\/media?parent=144606"}],"wp:term":[{"taxonomy":"issues","embeddable":true,"href":"https:\/\/admin.industriall-union.org\/fr\/wp-json\/wp\/v2\/issues?post=144606"},{"taxonomy":"companies","embeddable":true,"href":"https:\/\/admin.industriall-union.org\/fr\/wp-json\/wp\/v2\/companies?post=144606"},{"taxonomy":"regions","embeddable":true,"href":"https:\/\/admin.industriall-union.org\/fr\/wp-json\/wp\/v2\/regions?post=144606"},{"taxonomy":"sectors","embeddable":true,"href":"https:\/\/admin.industriall-union.org\/fr\/wp-json\/wp\/v2\/sectors?post=144606"},{"taxonomy":"article_tags","embeddable":true,"href":"https:\/\/admin.industriall-union.org\/fr\/wp-json\/wp\/v2\/article_tags?post=144606"}],"curies":[{"name":"wp","href":"https:\/\/api.w.org\/{rel}","templated":true}]}}