{"id":144595,"date":"2021-08-13T09:37:53","date_gmt":"2021-08-13T09:37:53","guid":{"rendered":"https:\/\/admin.industriall-union.org\/uruguay-plainte-de-travailleuses-de-yazaki-pour-harcelement\/"},"modified":"2025-01-28T08:50:23","modified_gmt":"2025-01-28T08:50:23","slug":"uruguay-plainte-de-travailleuses-de-yazaki-pour-harcelement","status":"publish","type":"article","link":"https:\/\/admin.industriall-union.org\/fr\/uruguay-plainte-de-travailleuses-de-yazaki-pour-harcelement\/","title":{"rendered":"Uruguay : plainte de travailleuses de Yazaki  pour harc\u00e8lement"},"content":{"rendered":"<p>En juin, le Comit\u00e9 g\u00e9n\u00e9ral de l&rsquo;UNTMRA a demand\u00e9 que des pourparlers imm\u00e9diats soient engag\u00e9s avec Yazaki pour discuter de harc\u00e8lement au travail impliquant un cadre sup\u00e9rieur et du personnel sous sa responsabilit\u00e9. Le Comit\u00e9 a inform\u00e9 le Minist\u00e8re du travail et de la s\u00e9curit\u00e9 sociale (MTSS) et a d\u00e9pos\u00e9 une plainte \u00e9crite aupr\u00e8s de l&rsquo;inspection du travail, fournissant des d\u00e9tails sur le harc\u00e8lement ainsi que la violence verbale et sexiste.<\/p><p>Vanessa O&rsquo;Neil, dirigeante du syndicat local et membre du Comit\u00e9 g\u00e9n\u00e9ral de l&rsquo;UNTMRA, a d\u00e9clar\u00e9&nbsp;:<\/p><blockquote><p>&ldquo;Lors d&rsquo;une r\u00e9union tenue le 23 juillet, impliquant des dirigeants syndicaux et des responsables du minist\u00e8re, Yazaki avait indiqu\u00e9 que l&rsquo;auteur de l&rsquo;infraction serait d\u00e9mis de ses fonctions. Cependant, il est toujours en place, effectue, occupe toujours les m\u00eames fonctions et a toujours du personnel sous sa responsabilit\u00e9. Ce, malgr\u00e9 les diverses plaintes d\u00e9pos\u00e9es contre lui par plusieurs travailleuses, plaintes dont l&rsquo;entreprise a parfaitement connaissance.&rdquo;<\/p><\/blockquote><p>Le syndicat a soulev\u00e9 la question aupr\u00e8s du Secr\u00e9tariat pour l&rsquo;\u00e9galit\u00e9 des genres, l&rsquo;\u00e9quit\u00e9 et la diversit\u00e9 de la f\u00e9d\u00e9ration syndicale uruguayenne PIT-CNTT, qui a condamn\u00e9 la situation. Dans une lettre, il a exig\u00e9 le respect total de la Convention n&deg; 190 de l&rsquo;Organisation internationale du travail sur la violence et le harc\u00e8lement, ratifi\u00e9e par l&rsquo;Uruguay, et a demand\u00e9 le respect de la loi 19.580 sur la violence sexiste.<\/p><p>La Commission de l&rsquo;\u00e9galit\u00e9 des sexes de la conf\u00e9d\u00e9ration syndicale a transmis la plainte \u00e0 son Conseil repr\u00e9sentatif. Elle s&rsquo;est engag\u00e9e \u00e0 assurer le suivi de la situation pour garantir le respect de la proc\u00e9dure de plainte.<\/p><p>Malgr\u00e9 la solidarit\u00e9 manifest\u00e9e par le mouvement syndical, le processus est toujours en cours et les travailleuses de Yazaki n&rsquo;ont pas encore re\u00e7u de r\u00e9ponse du minist\u00e8re ou de l&rsquo;entreprise.<\/p><p>Le Secr\u00e9taire r\u00e9gional d&rsquo;IndustriALL, Marino Vani, a d\u00e9clar\u00e9&nbsp;:<\/p><blockquote><p>&quot;Nous f\u00e9licitons les femmes qui ont agi pour mettre fin aux violations de leurs droits et nous soutenons leur combat. Nous esp\u00e9rons que Yazaki et le gouvernement ne sont pas de connivence et que leur inaction ne conduira pas \u00e0 de nouveaux harc\u00e8lements.<\/p><p>Nous avons l&rsquo;opportunit\u00e9 d&rsquo;\u00e9laborer une politique efficace en accord avec la l\u00e9gislation nationale et la C190. Nous esp\u00e9rons que l&rsquo;entreprise \u00e9coutera les revendications de l&rsquo;UNTMRA et s&rsquo;efforcera d&rsquo;\u00e9tablir une convention contenant des directives pour pr\u00e9venir la violence et des r\u00e8gles pour punir les auteurs.&rdquo;<\/p><\/blockquote>","protected":false},"featured_media":0,"template":"","issues":[422,365,424,397],"companies":[],"regions":[254,286],"sectors":[482,440],"article_tags":[513],"class_list":["post-144595","article","type-article","status-publish","hentry","issues-human-trade-union-rights","issues-ilo-convention-190","issues-violation","issues-women","regions-latin-america-and-the-caribbean","regions-uruguay","sectors-automotive","sectors-metales-basicos","article_tags-labour-laws"],"acf":[],"yoast_head":"<!-- This site is optimized with the Yoast SEO Premium plugin v27.1 (Yoast SEO v27.1) - https:\/\/yoast.com\/product\/yoast-seo-premium-wordpress\/ -->\n<title>Uruguay : plainte de travailleuses de Yazaki pour harc\u00e8lement - industriall-union<\/title>\n<meta name=\"description\" content=\"En juin, le Comit\u00e9 g\u00e9n\u00e9ral de l&rsquo;UNTMRA a demand\u00e9 que des pourparlers imm\u00e9diats soient engag\u00e9s avec Yazaki pour discuter de harc\u00e8lement au travail\" \/>\n<meta name=\"robots\" content=\"index, follow, max-snippet:-1, max-image-preview:large, max-video-preview:-1\" \/>\n<link rel=\"canonical\" href=\"https:\/\/admin.industriall-union.org\/fr\/uruguay-plainte-de-travailleuses-de-yazaki-pour-harcelement\/\" \/>\n<meta property=\"og:locale\" content=\"fr_FR\" \/>\n<meta property=\"og:type\" content=\"article\" \/>\n<meta property=\"og:title\" content=\"Uruguay : plainte de travailleuses de Yazaki pour harc\u00e8lement\" \/>\n<meta property=\"og:description\" content=\"En juin, le Comit\u00e9 g\u00e9n\u00e9ral de l&rsquo;UNTMRA a demand\u00e9 que des pourparlers imm\u00e9diats soient engag\u00e9s avec Yazaki pour discuter de harc\u00e8lement au travail\" \/>\n<meta property=\"og:url\" content=\"https:\/\/admin.industriall-union.org\/fr\/uruguay-plainte-de-travailleuses-de-yazaki-pour-harcelement\/\" \/>\n<meta property=\"og:site_name\" content=\"industriall-union\" \/>\n<meta property=\"article:modified_time\" content=\"2025-01-28T08:50:23+00:00\" \/>\n<meta name=\"twitter:card\" content=\"summary_large_image\" \/>\n<meta name=\"twitter:label1\" content=\"Est. reading time\" \/>\n\t<meta name=\"twitter:data1\" content=\"2 minutes\" \/>\n<script type=\"application\/ld+json\" class=\"yoast-schema-graph\">{\"@context\":\"https:\/\/schema.org\",\"@graph\":[{\"@type\":\"WebPage\",\"@id\":\"https:\/\/admin.industriall-union.org\/fr\/uruguay-plainte-de-travailleuses-de-yazaki-pour-harcelement\/\",\"url\":\"https:\/\/admin.industriall-union.org\/fr\/uruguay-plainte-de-travailleuses-de-yazaki-pour-harcelement\/\",\"name\":\"Uruguay : plainte de travailleuses de Yazaki pour harc\u00e8lement - industriall-union\",\"isPartOf\":{\"@id\":\"https:\/\/admin.industriall-union.org\/#website\"},\"datePublished\":\"2021-08-13T09:37:53+00:00\",\"dateModified\":\"2025-01-28T08:50:23+00:00\",\"description\":\"En juin, le Comit\u00e9 g\u00e9n\u00e9ral de l&rsquo;UNTMRA a demand\u00e9 que des pourparlers imm\u00e9diats soient engag\u00e9s avec Yazaki pour discuter de harc\u00e8lement au travail\",\"breadcrumb\":{\"@id\":\"https:\/\/admin.industriall-union.org\/fr\/uruguay-plainte-de-travailleuses-de-yazaki-pour-harcelement\/#breadcrumb\"},\"inLanguage\":\"fr-FR\",\"potentialAction\":[{\"@type\":\"ReadAction\",\"target\":[\"https:\/\/admin.industriall-union.org\/fr\/uruguay-plainte-de-travailleuses-de-yazaki-pour-harcelement\/\"]}]},{\"@type\":\"BreadcrumbList\",\"@id\":\"https:\/\/admin.industriall-union.org\/fr\/uruguay-plainte-de-travailleuses-de-yazaki-pour-harcelement\/#breadcrumb\",\"itemListElement\":[{\"@type\":\"ListItem\",\"position\":1,\"name\":\"Home\",\"item\":\"https:\/\/admin.industriall-union.org\/\"},{\"@type\":\"ListItem\",\"position\":2,\"name\":\"Articles\",\"item\":\"https:\/\/admin.industriall-union.org\/article\/\"},{\"@type\":\"ListItem\",\"position\":3,\"name\":\"Uruguay : plainte de travailleuses de Yazaki pour harc\u00e8lement\"}]},{\"@type\":\"WebSite\",\"@id\":\"https:\/\/admin.industriall-union.org\/#website\",\"url\":\"https:\/\/admin.industriall-union.org\/\",\"name\":\"industriall-union\",\"description\":\"\",\"potentialAction\":[{\"@type\":\"SearchAction\",\"target\":{\"@type\":\"EntryPoint\",\"urlTemplate\":\"https:\/\/admin.industriall-union.org\/?s={search_term_string}\"},\"query-input\":{\"@type\":\"PropertyValueSpecification\",\"valueRequired\":true,\"valueName\":\"search_term_string\"}}],\"inLanguage\":\"fr-FR\"}]}<\/script>\n<!-- \/ Yoast SEO Premium plugin. -->","yoast_head_json":{"title":"Uruguay : plainte de travailleuses de Yazaki pour harc\u00e8lement - industriall-union","description":"En juin, le Comit\u00e9 g\u00e9n\u00e9ral de l&rsquo;UNTMRA a demand\u00e9 que des pourparlers imm\u00e9diats soient engag\u00e9s avec Yazaki pour discuter de harc\u00e8lement au travail","robots":{"index":"index","follow":"follow","max-snippet":"max-snippet:-1","max-image-preview":"max-image-preview:large","max-video-preview":"max-video-preview:-1"},"canonical":"https:\/\/admin.industriall-union.org\/fr\/uruguay-plainte-de-travailleuses-de-yazaki-pour-harcelement\/","og_locale":"fr_FR","og_type":"article","og_title":"Uruguay : plainte de travailleuses de Yazaki pour harc\u00e8lement","og_description":"En juin, le Comit\u00e9 g\u00e9n\u00e9ral de l&rsquo;UNTMRA a demand\u00e9 que des pourparlers imm\u00e9diats soient engag\u00e9s avec Yazaki pour discuter de harc\u00e8lement au travail","og_url":"https:\/\/admin.industriall-union.org\/fr\/uruguay-plainte-de-travailleuses-de-yazaki-pour-harcelement\/","og_site_name":"industriall-union","article_modified_time":"2025-01-28T08:50:23+00:00","twitter_card":"summary_large_image","twitter_misc":{"Est. reading time":"2 minutes"},"schema":{"@context":"https:\/\/schema.org","@graph":[{"@type":"WebPage","@id":"https:\/\/admin.industriall-union.org\/fr\/uruguay-plainte-de-travailleuses-de-yazaki-pour-harcelement\/","url":"https:\/\/admin.industriall-union.org\/fr\/uruguay-plainte-de-travailleuses-de-yazaki-pour-harcelement\/","name":"Uruguay : plainte de travailleuses de Yazaki pour harc\u00e8lement - industriall-union","isPartOf":{"@id":"https:\/\/admin.industriall-union.org\/#website"},"datePublished":"2021-08-13T09:37:53+00:00","dateModified":"2025-01-28T08:50:23+00:00","description":"En juin, le Comit\u00e9 g\u00e9n\u00e9ral de l&rsquo;UNTMRA a demand\u00e9 que des pourparlers imm\u00e9diats soient engag\u00e9s avec Yazaki pour discuter de harc\u00e8lement au travail","breadcrumb":{"@id":"https:\/\/admin.industriall-union.org\/fr\/uruguay-plainte-de-travailleuses-de-yazaki-pour-harcelement\/#breadcrumb"},"inLanguage":"fr-FR","potentialAction":[{"@type":"ReadAction","target":["https:\/\/admin.industriall-union.org\/fr\/uruguay-plainte-de-travailleuses-de-yazaki-pour-harcelement\/"]}]},{"@type":"BreadcrumbList","@id":"https:\/\/admin.industriall-union.org\/fr\/uruguay-plainte-de-travailleuses-de-yazaki-pour-harcelement\/#breadcrumb","itemListElement":[{"@type":"ListItem","position":1,"name":"Home","item":"https:\/\/admin.industriall-union.org\/"},{"@type":"ListItem","position":2,"name":"Articles","item":"https:\/\/admin.industriall-union.org\/article\/"},{"@type":"ListItem","position":3,"name":"Uruguay : plainte de travailleuses de Yazaki pour harc\u00e8lement"}]},{"@type":"WebSite","@id":"https:\/\/admin.industriall-union.org\/#website","url":"https:\/\/admin.industriall-union.org\/","name":"industriall-union","description":"","potentialAction":[{"@type":"SearchAction","target":{"@type":"EntryPoint","urlTemplate":"https:\/\/admin.industriall-union.org\/?s={search_term_string}"},"query-input":{"@type":"PropertyValueSpecification","valueRequired":true,"valueName":"search_term_string"}}],"inLanguage":"fr-FR"}]}},"_links":{"self":[{"href":"https:\/\/admin.industriall-union.org\/fr\/wp-json\/wp\/v2\/article\/144595","targetHints":{"allow":["GET"]}}],"collection":[{"href":"https:\/\/admin.industriall-union.org\/fr\/wp-json\/wp\/v2\/article"}],"about":[{"href":"https:\/\/admin.industriall-union.org\/fr\/wp-json\/wp\/v2\/types\/article"}],"wp:attachment":[{"href":"https:\/\/admin.industriall-union.org\/fr\/wp-json\/wp\/v2\/media?parent=144595"}],"wp:term":[{"taxonomy":"issues","embeddable":true,"href":"https:\/\/admin.industriall-union.org\/fr\/wp-json\/wp\/v2\/issues?post=144595"},{"taxonomy":"companies","embeddable":true,"href":"https:\/\/admin.industriall-union.org\/fr\/wp-json\/wp\/v2\/companies?post=144595"},{"taxonomy":"regions","embeddable":true,"href":"https:\/\/admin.industriall-union.org\/fr\/wp-json\/wp\/v2\/regions?post=144595"},{"taxonomy":"sectors","embeddable":true,"href":"https:\/\/admin.industriall-union.org\/fr\/wp-json\/wp\/v2\/sectors?post=144595"},{"taxonomy":"article_tags","embeddable":true,"href":"https:\/\/admin.industriall-union.org\/fr\/wp-json\/wp\/v2\/article_tags?post=144595"}],"curies":[{"name":"wp","href":"https:\/\/api.w.org\/{rel}","templated":true}]}}