{"id":144559,"date":"2021-09-13T07:15:11","date_gmt":"2021-09-13T07:15:11","guid":{"rendered":"https:\/\/admin.industriall-union.org\/les-travailleurs-reclament-des-solutions-apres-l-039-annonce-par-dow-de-la-fermeture-d-039-une-usine-en-argentine\/"},"modified":"2025-01-28T08:20:29","modified_gmt":"2025-01-28T08:20:29","slug":"les-travailleurs-reclament-des-solutions-apres-l-039-annonce-par-dow-de-la-fermeture-d-039-une-usine-en-argentine","status":"publish","type":"article","link":"https:\/\/admin.industriall-union.org\/fr\/les-travailleurs-reclament-des-solutions-apres-l-039-annonce-par-dow-de-la-fermeture-d-039-une-usine-en-argentine\/","title":{"rendered":"Les travailleurs r\u00e9clament des solutions apr\u00e8s l&#039;annonce par DOW de la fermeture d&#039;une usine en Argentine"},"content":{"rendered":"<p>Lorsque l&#039;usine de Puerto General San Mart\u00edn sera ferm\u00e9e, DOW approvisionnera toute l&#039;Am\u00e9rique du Sud \u00e0 partir de son usine du Br\u00e9sil. La multinationale indique que sa d\u00e9cision n&#039;a rien \u00e0 voir avec la crise \u00e9conomique; cette usine est exemplaire, elle est rentable et joue un r\u00f4le de premier plan dans l&#039;\u00e9conomie du pays. Sa fermeture s&#039;inscrit dans une restructuration mondiale qui touche aussi d&#039;autres usines dans d&#039;autres pays.<\/p><p>\u00c0 l&#039;annonce de la fermeture, le Syndicat g\u00e9n\u00e9ral des travailleurs de San Lorenzo (CGT) a exprim\u00e9 son soutien au SOEPU, le syndicat des travailleurs de la p\u00e9trochimie de DOW et s&#039;est dit pr\u00eat \u00e0 agir. Les syndicats r\u00e9clament un dialogue pour trouver une solution et ils \u00e9puiseront toutes les pistes de n\u00e9gociation.<\/p><blockquote><p>&quot;La CGT est pr\u00eate \u00e0 aider le syndicat et \u00e0 prendre tous les mesures n\u00e9cessaires au niveau de la r\u00e9gion,&quot;<\/p><\/blockquote><p>a d\u00e9clar\u00e9 Jes\u00fas Monz\u00f3n, le secr\u00e9taire g\u00e9n\u00e9ral de la CGT.<\/p><p>DOW rechigne \u00e0 n\u00e9gocier et veut licencier les travailleurs et fermer l&#039;usine. Il semblerait qu&#039;elle veuille pr\u00e9server son monopole et son contr\u00f4le sur les prix et ne soit pas pr\u00eate \u00e0 n\u00e9gocier avec un concurrent \u00e9ventuel.<\/p><p>\u00c0 l&#039;issue d&#039;une conf\u00e9rence de presse au si\u00e8ge de la CGT \u00e0 San Lorenzo, son secr\u00e9taire g\u00e9n\u00e9ral, Mauricio Brizuela, a d\u00e9clar\u00e9 :<\/p><blockquote><p>&quot;Nous voulons que cette usine soit d\u00e9clar\u00e9e entreprise de service public, et nous continuerons \u00e0 faire campagne si DOW ne propose pas de solution.&quot;<\/p><\/blockquote><p>Les travailleurs veulent conserver leurs emplois et appellent d&#039;autres entreprises \u00e0 reprendre la gestion de l&#039;usine. Plusieurs se sont dites int\u00e9ress\u00e9es, comme la Petroqu\u00edmica R\u00edo Tercero, membre du groupe Piero, qui fabrique des produits similaires. Des fabricants de matelas ont aussi manifest\u00e9 leur int\u00e9r\u00eat.<\/p><p>Tom Grinter, le directeur d&#039;IndustriALL en charge des produits chimiques&nbsp;et pharmaceutiques, de la p\u00e2te et du papier, et des industries du caoutchouc, a d\u00e9clar\u00e9 :<\/p><blockquote><p>&quot;Le syndicat SOEPU de DOW est un acteur essentiel du r\u00e9seau international des syndicats de DOW et DuPont. Ce r\u00e9seau, que g\u00e8re l&#039;USW, a le soutien total d&#039;IndustriALL Global Union. Nous sommes fermement aux c\u00f4t\u00e9s de nos amis dans leur lutte pour garder cette usine en activit\u00e9.&quot;<\/p><\/blockquote>","protected":false},"featured_media":0,"template":"","issues":[409],"companies":[],"regions":[256,254],"sectors":[477],"article_tags":[533,534],"class_list":["post-144559","article","type-article","status-publish","hentry","issues-multinational-companies-mncs","regions-argentina","regions-latin-america-and-the-caribbean","sectors-chemical","article_tags-unemployment","article_tags-union-busting"],"acf":[],"yoast_head":"<!-- This site is optimized with the Yoast SEO Premium plugin v27.1 (Yoast SEO v27.1) - https:\/\/yoast.com\/product\/yoast-seo-premium-wordpress\/ -->\n<title>Les travailleurs r\u00e9clament des solutions apr\u00e8s l&#039;annonce par DOW de la fermeture d&#039;une usine en Argentine - industriall-union<\/title>\n<meta name=\"description\" content=\"Lorsque l&#039;usine de Puerto General San Mart\u00edn sera ferm\u00e9e, DOW approvisionnera toute l&#039;Am\u00e9rique du Sud \u00e0 partir de son usine du Br\u00e9sil. La\" \/>\n<meta name=\"robots\" content=\"index, follow, max-snippet:-1, max-image-preview:large, max-video-preview:-1\" \/>\n<link rel=\"canonical\" href=\"https:\/\/admin.industriall-union.org\/fr\/les-travailleurs-reclament-des-solutions-apres-l-039-annonce-par-dow-de-la-fermeture-d-039-une-usine-en-argentine\/\" \/>\n<meta property=\"og:locale\" content=\"fr_FR\" \/>\n<meta property=\"og:type\" content=\"article\" \/>\n<meta property=\"og:title\" content=\"Les travailleurs r\u00e9clament des solutions apr\u00e8s l&#039;annonce par DOW de la fermeture d&#039;une usine en Argentine\" \/>\n<meta property=\"og:description\" content=\"Lorsque l&#039;usine de Puerto General San Mart\u00edn sera ferm\u00e9e, DOW approvisionnera toute l&#039;Am\u00e9rique du Sud \u00e0 partir de son usine du Br\u00e9sil. La\" \/>\n<meta property=\"og:url\" content=\"https:\/\/admin.industriall-union.org\/fr\/les-travailleurs-reclament-des-solutions-apres-l-039-annonce-par-dow-de-la-fermeture-d-039-une-usine-en-argentine\/\" \/>\n<meta property=\"og:site_name\" content=\"industriall-union\" \/>\n<meta property=\"article:modified_time\" content=\"2025-01-28T08:20:29+00:00\" \/>\n<meta name=\"twitter:card\" content=\"summary_large_image\" \/>\n<meta name=\"twitter:label1\" content=\"Est. reading time\" \/>\n\t<meta name=\"twitter:data1\" content=\"2 minutes\" \/>\n<script type=\"application\/ld+json\" class=\"yoast-schema-graph\">{\"@context\":\"https:\/\/schema.org\",\"@graph\":[{\"@type\":\"WebPage\",\"@id\":\"https:\/\/admin.industriall-union.org\/fr\/les-travailleurs-reclament-des-solutions-apres-l-039-annonce-par-dow-de-la-fermeture-d-039-une-usine-en-argentine\/\",\"url\":\"https:\/\/admin.industriall-union.org\/fr\/les-travailleurs-reclament-des-solutions-apres-l-039-annonce-par-dow-de-la-fermeture-d-039-une-usine-en-argentine\/\",\"name\":\"Les travailleurs r\u00e9clament des solutions apr\u00e8s l&#039;annonce par DOW de la fermeture d&#039;une usine en Argentine - industriall-union\",\"isPartOf\":{\"@id\":\"https:\/\/admin.industriall-union.org\/#website\"},\"datePublished\":\"2021-09-13T07:15:11+00:00\",\"dateModified\":\"2025-01-28T08:20:29+00:00\",\"description\":\"Lorsque l&#039;usine de Puerto General San Mart\u00edn sera ferm\u00e9e, DOW approvisionnera toute l&#039;Am\u00e9rique du Sud \u00e0 partir de son usine du Br\u00e9sil. La\",\"breadcrumb\":{\"@id\":\"https:\/\/admin.industriall-union.org\/fr\/les-travailleurs-reclament-des-solutions-apres-l-039-annonce-par-dow-de-la-fermeture-d-039-une-usine-en-argentine\/#breadcrumb\"},\"inLanguage\":\"fr-FR\",\"potentialAction\":[{\"@type\":\"ReadAction\",\"target\":[\"https:\/\/admin.industriall-union.org\/fr\/les-travailleurs-reclament-des-solutions-apres-l-039-annonce-par-dow-de-la-fermeture-d-039-une-usine-en-argentine\/\"]}]},{\"@type\":\"BreadcrumbList\",\"@id\":\"https:\/\/admin.industriall-union.org\/fr\/les-travailleurs-reclament-des-solutions-apres-l-039-annonce-par-dow-de-la-fermeture-d-039-une-usine-en-argentine\/#breadcrumb\",\"itemListElement\":[{\"@type\":\"ListItem\",\"position\":1,\"name\":\"Home\",\"item\":\"https:\/\/admin.industriall-union.org\/\"},{\"@type\":\"ListItem\",\"position\":2,\"name\":\"Articles\",\"item\":\"https:\/\/admin.industriall-union.org\/article\/\"},{\"@type\":\"ListItem\",\"position\":3,\"name\":\"Les travailleurs r\u00e9clament des solutions apr\u00e8s l&#039;annonce par DOW de la fermeture d&#039;une usine en Argentine\"}]},{\"@type\":\"WebSite\",\"@id\":\"https:\/\/admin.industriall-union.org\/#website\",\"url\":\"https:\/\/admin.industriall-union.org\/\",\"name\":\"industriall-union\",\"description\":\"\",\"potentialAction\":[{\"@type\":\"SearchAction\",\"target\":{\"@type\":\"EntryPoint\",\"urlTemplate\":\"https:\/\/admin.industriall-union.org\/?s={search_term_string}\"},\"query-input\":{\"@type\":\"PropertyValueSpecification\",\"valueRequired\":true,\"valueName\":\"search_term_string\"}}],\"inLanguage\":\"fr-FR\"}]}<\/script>\n<!-- \/ Yoast SEO Premium plugin. -->","yoast_head_json":{"title":"Les travailleurs r\u00e9clament des solutions apr\u00e8s l&#039;annonce par DOW de la fermeture d&#039;une usine en Argentine - industriall-union","description":"Lorsque l&#039;usine de Puerto General San Mart\u00edn sera ferm\u00e9e, DOW approvisionnera toute l&#039;Am\u00e9rique du Sud \u00e0 partir de son usine du Br\u00e9sil. La","robots":{"index":"index","follow":"follow","max-snippet":"max-snippet:-1","max-image-preview":"max-image-preview:large","max-video-preview":"max-video-preview:-1"},"canonical":"https:\/\/admin.industriall-union.org\/fr\/les-travailleurs-reclament-des-solutions-apres-l-039-annonce-par-dow-de-la-fermeture-d-039-une-usine-en-argentine\/","og_locale":"fr_FR","og_type":"article","og_title":"Les travailleurs r\u00e9clament des solutions apr\u00e8s l&#039;annonce par DOW de la fermeture d&#039;une usine en Argentine","og_description":"Lorsque l&#039;usine de Puerto General San Mart\u00edn sera ferm\u00e9e, DOW approvisionnera toute l&#039;Am\u00e9rique du Sud \u00e0 partir de son usine du Br\u00e9sil. La","og_url":"https:\/\/admin.industriall-union.org\/fr\/les-travailleurs-reclament-des-solutions-apres-l-039-annonce-par-dow-de-la-fermeture-d-039-une-usine-en-argentine\/","og_site_name":"industriall-union","article_modified_time":"2025-01-28T08:20:29+00:00","twitter_card":"summary_large_image","twitter_misc":{"Est. reading time":"2 minutes"},"schema":{"@context":"https:\/\/schema.org","@graph":[{"@type":"WebPage","@id":"https:\/\/admin.industriall-union.org\/fr\/les-travailleurs-reclament-des-solutions-apres-l-039-annonce-par-dow-de-la-fermeture-d-039-une-usine-en-argentine\/","url":"https:\/\/admin.industriall-union.org\/fr\/les-travailleurs-reclament-des-solutions-apres-l-039-annonce-par-dow-de-la-fermeture-d-039-une-usine-en-argentine\/","name":"Les travailleurs r\u00e9clament des solutions apr\u00e8s l&#039;annonce par DOW de la fermeture d&#039;une usine en Argentine - industriall-union","isPartOf":{"@id":"https:\/\/admin.industriall-union.org\/#website"},"datePublished":"2021-09-13T07:15:11+00:00","dateModified":"2025-01-28T08:20:29+00:00","description":"Lorsque l&#039;usine de Puerto General San Mart\u00edn sera ferm\u00e9e, DOW approvisionnera toute l&#039;Am\u00e9rique du Sud \u00e0 partir de son usine du Br\u00e9sil. La","breadcrumb":{"@id":"https:\/\/admin.industriall-union.org\/fr\/les-travailleurs-reclament-des-solutions-apres-l-039-annonce-par-dow-de-la-fermeture-d-039-une-usine-en-argentine\/#breadcrumb"},"inLanguage":"fr-FR","potentialAction":[{"@type":"ReadAction","target":["https:\/\/admin.industriall-union.org\/fr\/les-travailleurs-reclament-des-solutions-apres-l-039-annonce-par-dow-de-la-fermeture-d-039-une-usine-en-argentine\/"]}]},{"@type":"BreadcrumbList","@id":"https:\/\/admin.industriall-union.org\/fr\/les-travailleurs-reclament-des-solutions-apres-l-039-annonce-par-dow-de-la-fermeture-d-039-une-usine-en-argentine\/#breadcrumb","itemListElement":[{"@type":"ListItem","position":1,"name":"Home","item":"https:\/\/admin.industriall-union.org\/"},{"@type":"ListItem","position":2,"name":"Articles","item":"https:\/\/admin.industriall-union.org\/article\/"},{"@type":"ListItem","position":3,"name":"Les travailleurs r\u00e9clament des solutions apr\u00e8s l&#039;annonce par DOW de la fermeture d&#039;une usine en Argentine"}]},{"@type":"WebSite","@id":"https:\/\/admin.industriall-union.org\/#website","url":"https:\/\/admin.industriall-union.org\/","name":"industriall-union","description":"","potentialAction":[{"@type":"SearchAction","target":{"@type":"EntryPoint","urlTemplate":"https:\/\/admin.industriall-union.org\/?s={search_term_string}"},"query-input":{"@type":"PropertyValueSpecification","valueRequired":true,"valueName":"search_term_string"}}],"inLanguage":"fr-FR"}]}},"_links":{"self":[{"href":"https:\/\/admin.industriall-union.org\/fr\/wp-json\/wp\/v2\/article\/144559","targetHints":{"allow":["GET"]}}],"collection":[{"href":"https:\/\/admin.industriall-union.org\/fr\/wp-json\/wp\/v2\/article"}],"about":[{"href":"https:\/\/admin.industriall-union.org\/fr\/wp-json\/wp\/v2\/types\/article"}],"wp:attachment":[{"href":"https:\/\/admin.industriall-union.org\/fr\/wp-json\/wp\/v2\/media?parent=144559"}],"wp:term":[{"taxonomy":"issues","embeddable":true,"href":"https:\/\/admin.industriall-union.org\/fr\/wp-json\/wp\/v2\/issues?post=144559"},{"taxonomy":"companies","embeddable":true,"href":"https:\/\/admin.industriall-union.org\/fr\/wp-json\/wp\/v2\/companies?post=144559"},{"taxonomy":"regions","embeddable":true,"href":"https:\/\/admin.industriall-union.org\/fr\/wp-json\/wp\/v2\/regions?post=144559"},{"taxonomy":"sectors","embeddable":true,"href":"https:\/\/admin.industriall-union.org\/fr\/wp-json\/wp\/v2\/sectors?post=144559"},{"taxonomy":"article_tags","embeddable":true,"href":"https:\/\/admin.industriall-union.org\/fr\/wp-json\/wp\/v2\/article_tags?post=144559"}],"curies":[{"name":"wp","href":"https:\/\/api.w.org\/{rel}","templated":true}]}}