{"id":144525,"date":"2021-10-06T08:46:39","date_gmt":"2021-10-06T08:46:39","guid":{"rendered":"https:\/\/admin.industriall-union.org\/en-virginie-occidentale-les-quot-machinists-quot-en-greve-pour-une-convention-equitable\/"},"modified":"2025-01-28T07:30:08","modified_gmt":"2025-01-28T07:30:08","slug":"en-virginie-occidentale-les-quot-machinists-quot-en-greve-pour-une-convention-equitable","status":"publish","type":"article","link":"https:\/\/admin.industriall-union.org\/fr\/en-virginie-occidentale-les-quot-machinists-quot-en-greve-pour-une-convention-equitable\/","title":{"rendered":"En Virginie-Occidentale, les &quot;Machinists&quot; en gr\u00e8ve pour une convention \u00e9quitable"},"content":{"rendered":"<p>Ces membres de la section locale 598 (District 54) du &quot;Machinists Union&quot; se sont mis en gr\u00e8ve \u00e0 minuit, le vendredi 1er octobre. Ils ont install\u00e9 un piquet de gr\u00e8ve devant l&#039;\u00e9tablissement situ\u00e9 au 1305 de la grand-rue, Main Street.<\/p><p>&quot;Parfois, il faut descendre dans Main Street pour que Wall Street vous \u00e9coute&quot;, commente un porte-parole du syndicat.<\/p><p>Les m\u00e9caniciens et les fondeurs ont rejet\u00e9 \u00e0 une \u00e9crasante majorit\u00e9 la &quot;toute derni\u00e8re offre&quot; de la direction et ont vot\u00e9 la gr\u00e8ve lorsqu&#039;elle a refus\u00e9 de respecter les droits acquis pendant des ann\u00e9es au service de l&#039;entreprise. Elle voudrait r\u00e9duire les droits \u00e0 l&#039;anciennet\u00e9 qui sont la protection de bons emplois dans la communaut\u00e9 de Barboursville.<\/p><p>Le pr\u00e9sident du District 54 des &quot;Machinists&quot;, T. Dean Wright Jr, a d\u00e9clar\u00e9 :<\/p><blockquote><p>&quot;Les salari\u00e9s de Sulzer Pumps affili\u00e9s au Machinists Union demandent simplement que l&#039;entreprise n\u00e9gocie une convention \u00e9quitable. Nos adh\u00e9rents se battent pour leurs familles et pour leur communaut\u00e9 en exigeant que cette entreprise traite ses salari\u00e9s avec respect s&#039;agissant de leur anciennet\u00e9. Nous esp\u00e9rons sinc\u00e8rement que la direction de Sulzer r\u00e9alisera l&#039;importance d&#039;avoir des travailleurs d\u00e9vou\u00e9s.&quot;<\/p><\/blockquote><p>Le secr\u00e9taire g\u00e9n\u00e9ral d&#039;IndustriALL, Atle H\u00f8ie, a envoy\u00e9 au syndicat un message de solidarit\u00e9 disant :<\/p><blockquote><p>&quot;Il est imp\u00e9ratif que Sulzer Pumps cesse de vouloir r\u00e9duire fortement les droits acquis par l&#039;anciennet\u00e9 et revienne \u00e0 la table des n\u00e9gociations aves les membres de la section 598 de l&#039;IAM.<\/p><p>&quot;IndustriALL Global Union est d\u00e9termin\u00e9 \u00e0 soutenir votre combat pour prot\u00e9ger les droits fondamentaux au travail des membres de la section 598 de l&#039;IAM employ\u00e9s par Sulzer Pumps \u00e0 Barboursville.<\/p><p>&quot;Soyez forts; vous n&#039;\u00eates pas seuls !&quot;<\/p><\/blockquote><p>IndustriALL Global Union a inform\u00e9 d&#039;autres syndicats qui, ailleurs dans le monde, repr\u00e9sentent les salari\u00e9s de Sulzer, dont le syndicat suisse Unia qui a relat\u00e9 conflit dans son bulletin d&#039;information.<\/p><p>Sulzer Pumps est une multinationale suisse de m\u00e9canique industrielle cot\u00e9e en bourse, qui con\u00e7oit et fabrique des pompes, des compresseurs et le mat\u00e9riel qui s&#039;y rapporte. Le site de Barboursville est une usine comportant une fonderie o\u00f9 sont coul\u00e9es des pi\u00e8ces de rechange pour pompes. &nbsp;<\/p>","protected":false},"featured_media":0,"template":"","issues":[],"companies":[],"regions":[308,310],"sectors":[475],"article_tags":[],"class_list":["post-144525","article","type-article","status-publish","hentry","regions-north-america","regions-usa","sectors-mechanical-engineering"],"acf":[],"yoast_head":"<!-- This site is optimized with the Yoast SEO Premium plugin v27.1 (Yoast SEO v27.1) - https:\/\/yoast.com\/product\/yoast-seo-premium-wordpress\/ -->\n<title>En Virginie-Occidentale, les &quot;Machinists&quot; en gr\u00e8ve pour une convention \u00e9quitable - industriall-union<\/title>\n<meta name=\"description\" content=\"Ces membres de la section locale 598 (District 54) du &quot;Machinists Union&quot; se sont mis en gr\u00e8ve \u00e0 minuit, le vendredi 1er octobre. Ils ont\" \/>\n<meta name=\"robots\" content=\"index, follow, max-snippet:-1, max-image-preview:large, max-video-preview:-1\" \/>\n<link rel=\"canonical\" href=\"https:\/\/admin.industriall-union.org\/fr\/en-virginie-occidentale-les-quot-machinists-quot-en-greve-pour-une-convention-equitable\/\" \/>\n<meta property=\"og:locale\" content=\"fr_FR\" \/>\n<meta property=\"og:type\" content=\"article\" \/>\n<meta property=\"og:title\" content=\"En Virginie-Occidentale, les &quot;Machinists&quot; en gr\u00e8ve pour une convention \u00e9quitable\" \/>\n<meta property=\"og:description\" content=\"Ces membres de la section locale 598 (District 54) du &quot;Machinists Union&quot; se sont mis en gr\u00e8ve \u00e0 minuit, le vendredi 1er octobre. Ils ont\" \/>\n<meta property=\"og:url\" content=\"https:\/\/admin.industriall-union.org\/fr\/en-virginie-occidentale-les-quot-machinists-quot-en-greve-pour-une-convention-equitable\/\" \/>\n<meta property=\"og:site_name\" content=\"industriall-union\" \/>\n<meta property=\"article:modified_time\" content=\"2025-01-28T07:30:08+00:00\" \/>\n<meta name=\"twitter:card\" content=\"summary_large_image\" \/>\n<meta name=\"twitter:label1\" content=\"Est. reading time\" \/>\n\t<meta name=\"twitter:data1\" content=\"2 minutes\" \/>\n<script type=\"application\/ld+json\" class=\"yoast-schema-graph\">{\"@context\":\"https:\/\/schema.org\",\"@graph\":[{\"@type\":\"WebPage\",\"@id\":\"https:\/\/admin.industriall-union.org\/fr\/en-virginie-occidentale-les-quot-machinists-quot-en-greve-pour-une-convention-equitable\/\",\"url\":\"https:\/\/admin.industriall-union.org\/fr\/en-virginie-occidentale-les-quot-machinists-quot-en-greve-pour-une-convention-equitable\/\",\"name\":\"En Virginie-Occidentale, les &quot;Machinists&quot; en gr\u00e8ve pour une convention \u00e9quitable - industriall-union\",\"isPartOf\":{\"@id\":\"https:\/\/admin.industriall-union.org\/#website\"},\"datePublished\":\"2021-10-06T08:46:39+00:00\",\"dateModified\":\"2025-01-28T07:30:08+00:00\",\"description\":\"Ces membres de la section locale 598 (District 54) du &quot;Machinists Union&quot; se sont mis en gr\u00e8ve \u00e0 minuit, le vendredi 1er octobre. Ils ont\",\"breadcrumb\":{\"@id\":\"https:\/\/admin.industriall-union.org\/fr\/en-virginie-occidentale-les-quot-machinists-quot-en-greve-pour-une-convention-equitable\/#breadcrumb\"},\"inLanguage\":\"fr-FR\",\"potentialAction\":[{\"@type\":\"ReadAction\",\"target\":[\"https:\/\/admin.industriall-union.org\/fr\/en-virginie-occidentale-les-quot-machinists-quot-en-greve-pour-une-convention-equitable\/\"]}]},{\"@type\":\"BreadcrumbList\",\"@id\":\"https:\/\/admin.industriall-union.org\/fr\/en-virginie-occidentale-les-quot-machinists-quot-en-greve-pour-une-convention-equitable\/#breadcrumb\",\"itemListElement\":[{\"@type\":\"ListItem\",\"position\":1,\"name\":\"Home\",\"item\":\"https:\/\/admin.industriall-union.org\/\"},{\"@type\":\"ListItem\",\"position\":2,\"name\":\"Articles\",\"item\":\"https:\/\/admin.industriall-union.org\/article\/\"},{\"@type\":\"ListItem\",\"position\":3,\"name\":\"En Virginie-Occidentale, les &quot;Machinists&quot; en gr\u00e8ve pour une convention \u00e9quitable\"}]},{\"@type\":\"WebSite\",\"@id\":\"https:\/\/admin.industriall-union.org\/#website\",\"url\":\"https:\/\/admin.industriall-union.org\/\",\"name\":\"industriall-union\",\"description\":\"\",\"potentialAction\":[{\"@type\":\"SearchAction\",\"target\":{\"@type\":\"EntryPoint\",\"urlTemplate\":\"https:\/\/admin.industriall-union.org\/?s={search_term_string}\"},\"query-input\":{\"@type\":\"PropertyValueSpecification\",\"valueRequired\":true,\"valueName\":\"search_term_string\"}}],\"inLanguage\":\"fr-FR\"}]}<\/script>\n<!-- \/ Yoast SEO Premium plugin. -->","yoast_head_json":{"title":"En Virginie-Occidentale, les &quot;Machinists&quot; en gr\u00e8ve pour une convention \u00e9quitable - industriall-union","description":"Ces membres de la section locale 598 (District 54) du &quot;Machinists Union&quot; se sont mis en gr\u00e8ve \u00e0 minuit, le vendredi 1er octobre. Ils ont","robots":{"index":"index","follow":"follow","max-snippet":"max-snippet:-1","max-image-preview":"max-image-preview:large","max-video-preview":"max-video-preview:-1"},"canonical":"https:\/\/admin.industriall-union.org\/fr\/en-virginie-occidentale-les-quot-machinists-quot-en-greve-pour-une-convention-equitable\/","og_locale":"fr_FR","og_type":"article","og_title":"En Virginie-Occidentale, les &quot;Machinists&quot; en gr\u00e8ve pour une convention \u00e9quitable","og_description":"Ces membres de la section locale 598 (District 54) du &quot;Machinists Union&quot; se sont mis en gr\u00e8ve \u00e0 minuit, le vendredi 1er octobre. Ils ont","og_url":"https:\/\/admin.industriall-union.org\/fr\/en-virginie-occidentale-les-quot-machinists-quot-en-greve-pour-une-convention-equitable\/","og_site_name":"industriall-union","article_modified_time":"2025-01-28T07:30:08+00:00","twitter_card":"summary_large_image","twitter_misc":{"Est. reading time":"2 minutes"},"schema":{"@context":"https:\/\/schema.org","@graph":[{"@type":"WebPage","@id":"https:\/\/admin.industriall-union.org\/fr\/en-virginie-occidentale-les-quot-machinists-quot-en-greve-pour-une-convention-equitable\/","url":"https:\/\/admin.industriall-union.org\/fr\/en-virginie-occidentale-les-quot-machinists-quot-en-greve-pour-une-convention-equitable\/","name":"En Virginie-Occidentale, les &quot;Machinists&quot; en gr\u00e8ve pour une convention \u00e9quitable - industriall-union","isPartOf":{"@id":"https:\/\/admin.industriall-union.org\/#website"},"datePublished":"2021-10-06T08:46:39+00:00","dateModified":"2025-01-28T07:30:08+00:00","description":"Ces membres de la section locale 598 (District 54) du &quot;Machinists Union&quot; se sont mis en gr\u00e8ve \u00e0 minuit, le vendredi 1er octobre. Ils ont","breadcrumb":{"@id":"https:\/\/admin.industriall-union.org\/fr\/en-virginie-occidentale-les-quot-machinists-quot-en-greve-pour-une-convention-equitable\/#breadcrumb"},"inLanguage":"fr-FR","potentialAction":[{"@type":"ReadAction","target":["https:\/\/admin.industriall-union.org\/fr\/en-virginie-occidentale-les-quot-machinists-quot-en-greve-pour-une-convention-equitable\/"]}]},{"@type":"BreadcrumbList","@id":"https:\/\/admin.industriall-union.org\/fr\/en-virginie-occidentale-les-quot-machinists-quot-en-greve-pour-une-convention-equitable\/#breadcrumb","itemListElement":[{"@type":"ListItem","position":1,"name":"Home","item":"https:\/\/admin.industriall-union.org\/"},{"@type":"ListItem","position":2,"name":"Articles","item":"https:\/\/admin.industriall-union.org\/article\/"},{"@type":"ListItem","position":3,"name":"En Virginie-Occidentale, les &quot;Machinists&quot; en gr\u00e8ve pour une convention \u00e9quitable"}]},{"@type":"WebSite","@id":"https:\/\/admin.industriall-union.org\/#website","url":"https:\/\/admin.industriall-union.org\/","name":"industriall-union","description":"","potentialAction":[{"@type":"SearchAction","target":{"@type":"EntryPoint","urlTemplate":"https:\/\/admin.industriall-union.org\/?s={search_term_string}"},"query-input":{"@type":"PropertyValueSpecification","valueRequired":true,"valueName":"search_term_string"}}],"inLanguage":"fr-FR"}]}},"_links":{"self":[{"href":"https:\/\/admin.industriall-union.org\/fr\/wp-json\/wp\/v2\/article\/144525","targetHints":{"allow":["GET"]}}],"collection":[{"href":"https:\/\/admin.industriall-union.org\/fr\/wp-json\/wp\/v2\/article"}],"about":[{"href":"https:\/\/admin.industriall-union.org\/fr\/wp-json\/wp\/v2\/types\/article"}],"wp:attachment":[{"href":"https:\/\/admin.industriall-union.org\/fr\/wp-json\/wp\/v2\/media?parent=144525"}],"wp:term":[{"taxonomy":"issues","embeddable":true,"href":"https:\/\/admin.industriall-union.org\/fr\/wp-json\/wp\/v2\/issues?post=144525"},{"taxonomy":"companies","embeddable":true,"href":"https:\/\/admin.industriall-union.org\/fr\/wp-json\/wp\/v2\/companies?post=144525"},{"taxonomy":"regions","embeddable":true,"href":"https:\/\/admin.industriall-union.org\/fr\/wp-json\/wp\/v2\/regions?post=144525"},{"taxonomy":"sectors","embeddable":true,"href":"https:\/\/admin.industriall-union.org\/fr\/wp-json\/wp\/v2\/sectors?post=144525"},{"taxonomy":"article_tags","embeddable":true,"href":"https:\/\/admin.industriall-union.org\/fr\/wp-json\/wp\/v2\/article_tags?post=144525"}],"curies":[{"name":"wp","href":"https:\/\/api.w.org\/{rel}","templated":true}]}}