{"id":144515,"date":"2021-10-13T07:07:05","date_gmt":"2021-10-13T07:07:05","guid":{"rendered":"https:\/\/admin.industriall-union.org\/la-reunion-d-experts-de-l-oit-adopte-le-tout-premier-recueil-de-directives-pratiques-pour-l-industrie-du-textile-et-de-la-confection\/"},"modified":"2025-01-28T07:21:17","modified_gmt":"2025-01-28T07:21:17","slug":"la-reunion-d-experts-de-l-oit-adopte-le-tout-premier-recueil-de-directives-pratiques-pour-l-industrie-du-textile-et-de-la-confection","status":"publish","type":"article","link":"https:\/\/admin.industriall-union.org\/fr\/la-reunion-d-experts-de-l-oit-adopte-le-tout-premier-recueil-de-directives-pratiques-pour-l-industrie-du-textile-et-de-la-confection\/","title":{"rendered":"La r\u00e9union d\u2019experts de l\u2019OIT adopte le tout premier Recueil de directives pratiques pour l\u2019industrie du textile et de la confection"},"content":{"rendered":"<p>Ce Recueil de directives pratiques de l&rsquo;OIT, adopt\u00e9 le 8 octobre, est le premier destin\u00e9 aux industries du textile, de l&rsquo;habillement, du cuir et de la chaussure. Le recueil indique comment les gouvernements, les employeurs et les travailleurs peuvent am\u00e9liorer la s\u00e9curit\u00e9 et la sant\u00e9 des plus de 60 millions de travailleurs et travailleuses de ces industries.<\/p><blockquote><p>&ldquo;Il s&rsquo;agit d&rsquo;un acquis important puisque les recueils de directives pratiques de l&rsquo;OIT sont des outils de r\u00e9f\u00e9rence qui \u00e9noncent des principes \u00e0 prendre en compte dans la conception et la mise en \u0153uvre des politiques, strat\u00e9gies, programmes, l\u00e9gislations, mesures administratives et m\u00e9canismes de dialogue social du secteur,&rdquo;<\/p><\/blockquote><p>a indiqu\u00e9 Christina Hajagos-Clausen, Directrice d&rsquo;IndustriALL pour le textile et la confection.<\/p><p>Fond\u00e9 sur les normes internationales du travail et d&rsquo;autres codes de pratique sectoriels, le recueil fournit des conseils complets et pratiques sur la mani\u00e8re d&rsquo;\u00e9liminer, de r\u00e9duire et de contr\u00f4ler tous les dangers et risques majeurs dans ces secteurs. Cela inclut les substances chimiques, les risques ergonomiques et physiques, les outils, les machines et les \u00e9quipements, ainsi que la s\u00e9curit\u00e9 des b\u00e2timents et en mati\u00e8re d&rsquo;incendie.<\/p><blockquote><p>&ldquo;Nous voulons nous assurer que la trag\u00e9die du Rana Plaza ne se reproduira plus jamais. Si tout le monde s&rsquo;engage \u00e0 traduire les dispositions de ce recueil en actions, nous pourrons faire en sorte qu&rsquo;aucun travailleur, aucune travailleuse, au Bangladesh ou dans tout autre pays, n&rsquo;ait plus jamais \u00e0 risquer sa vie dans une usine de confection,&rdquo;<\/p><\/blockquote><p>a d\u00e9clar\u00e9 Kamrul Anam, Vice-pr\u00e9sident du groupe des travailleurs \u00e0 la r\u00e9union et Pr\u00e9sident de la Ligue des travailleurs du textile et de la confection du Bangladesh (BTGWL), affili\u00e9e \u00e0 IndustriALL.<\/p><p>La d\u00e9l\u00e9gation des travailleurs \u00e9tait \u00e9galement compos\u00e9e de Manuel Alejandro Gonz\u00e1lez Mui\u00f1o (CCOO\/Espagne), Peter Fr\u00f6v\u00e9n (IFM\/Su\u00e8de). Botayeb Bouchkhachakh (CDT\/Maroc), Dr. Lilanie Daschner (SACWTU\/Afrique du Sud), Athit Kong (CCAWDU\/Cambodge) et Leonardo Nelcino da Silva (CNTVCUT\/Br\u00e9sil) et soutenue par le conseiller en SST Rory O&rsquo;Neill, de la CSI ainsi que Cristian Valero, du Bureau r\u00e9gional d&rsquo;IndustriALL pour l&rsquo;Am\u00e9rique du Sud.<\/p><p>Le Recueil entrera en vigueur apr\u00e8s son approbation par le Conseil d&rsquo;Administration de l&rsquo;OIT en mars.<\/p><p>Les industries du textile, de l&rsquo;habillement, du cuir et de la chaussure ont \u00e9t\u00e9 frapp\u00e9es de plein fouet par la crise de Covid-19. Des milliers d&rsquo;entreprises ont d\u00fb arr\u00eater leur production et des millions de travailleurs et travailleuses ont perdu leurs moyens de subsistance pendant des p\u00e9riodes plus ou moins longues et beaucoup sont toujours sans emploi.<\/p><p>L&rsquo;<a href=\"http:\/\/www.industriall-union.org\/fr\/laccord-international-sur-la-securite-est-lance-avec-77-enseignes-et-detaillants-de-la-confection\">Accord a \u00e9t\u00e9 renouvel\u00e9 en septembre<\/a>, \u00e9largissant sa couverture \u00e0 la sant\u00e9 et \u00e0 la s\u00e9curit\u00e9 en g\u00e9n\u00e9ral et non plus seulement \u00e0 la s\u00e9curit\u00e9 des b\u00e2timents et en mati\u00e8re d&rsquo;incendie. L&rsquo;Accord international sur la sant\u00e9 et la s\u00e9curit\u00e9 dans le secteur du textile et de la confection pr\u00e9serve et fait progresser les \u00e9l\u00e9ments fondamentaux qui ont fait le succ\u00e8s de l&rsquo;Accord, notamment&nbsp;: le respect de la libert\u00e9 syndicale&nbsp;; la gouvernance partag\u00e9e entre les travailleurs et les enseignes&nbsp;; un haut niveau de transparence&nbsp;; des formations pour les comit\u00e9s de s\u00e9curit\u00e9 ainsi qu&rsquo;un programme de sensibilisation des travailleurs et travailleuses et un m\u00e9canisme cr\u00e9dible et ind\u00e9pendant pour le d\u00e9p\u00f4t de plaintes.<\/p><p>Plus de 135 enseignes et d\u00e9taillants de stature mondiale ont sign\u00e9 le nouvel accord.<\/p>","protected":false},"featured_media":0,"template":"","issues":[406,402,425],"companies":[],"regions":[],"sectors":[464],"article_tags":[],"class_list":["post-144515","article","type-article","status-publish","hentry","issues-confronting-global-capital","issues-health-and-safety","issues-workers-rights","sectors-textile-leather-garment-shoes-and-textile-services"],"acf":[],"yoast_head":"<!-- This site is optimized with the Yoast SEO Premium plugin v27.1 (Yoast SEO v27.1) - https:\/\/yoast.com\/product\/yoast-seo-premium-wordpress\/ -->\n<title>La r\u00e9union d\u2019experts de l\u2019OIT adopte le tout premier Recueil de directives pratiques pour l\u2019industrie du textile et de la confection - industriall-union<\/title>\n<meta name=\"description\" content=\"Ce Recueil de directives pratiques de l&rsquo;OIT, adopt\u00e9 le 8 octobre, est le premier destin\u00e9 aux industries du textile, de l&rsquo;habillement, du cuir\" \/>\n<meta name=\"robots\" content=\"index, follow, max-snippet:-1, max-image-preview:large, max-video-preview:-1\" \/>\n<link rel=\"canonical\" href=\"https:\/\/admin.industriall-union.org\/fr\/la-reunion-d-experts-de-l-oit-adopte-le-tout-premier-recueil-de-directives-pratiques-pour-l-industrie-du-textile-et-de-la-confection\/\" \/>\n<meta property=\"og:locale\" content=\"fr_FR\" \/>\n<meta property=\"og:type\" content=\"article\" \/>\n<meta property=\"og:title\" content=\"La r\u00e9union d\u2019experts de l\u2019OIT adopte le tout premier Recueil de directives pratiques pour l\u2019industrie du textile et de la confection\" \/>\n<meta property=\"og:description\" content=\"Ce Recueil de directives pratiques de l&rsquo;OIT, adopt\u00e9 le 8 octobre, est le premier destin\u00e9 aux industries du textile, de l&rsquo;habillement, du cuir\" \/>\n<meta property=\"og:url\" content=\"https:\/\/admin.industriall-union.org\/fr\/la-reunion-d-experts-de-l-oit-adopte-le-tout-premier-recueil-de-directives-pratiques-pour-l-industrie-du-textile-et-de-la-confection\/\" \/>\n<meta property=\"og:site_name\" content=\"industriall-union\" \/>\n<meta property=\"article:modified_time\" content=\"2025-01-28T07:21:17+00:00\" \/>\n<meta name=\"twitter:card\" content=\"summary_large_image\" \/>\n<meta name=\"twitter:label1\" content=\"Est. reading time\" \/>\n\t<meta name=\"twitter:data1\" content=\"3 minutes\" \/>\n<script type=\"application\/ld+json\" class=\"yoast-schema-graph\">{\"@context\":\"https:\/\/schema.org\",\"@graph\":[{\"@type\":\"WebPage\",\"@id\":\"https:\/\/admin.industriall-union.org\/fr\/la-reunion-d-experts-de-l-oit-adopte-le-tout-premier-recueil-de-directives-pratiques-pour-l-industrie-du-textile-et-de-la-confection\/\",\"url\":\"https:\/\/admin.industriall-union.org\/fr\/la-reunion-d-experts-de-l-oit-adopte-le-tout-premier-recueil-de-directives-pratiques-pour-l-industrie-du-textile-et-de-la-confection\/\",\"name\":\"La r\u00e9union d\u2019experts de l\u2019OIT adopte le tout premier Recueil de directives pratiques pour l\u2019industrie du textile et de la confection - industriall-union\",\"isPartOf\":{\"@id\":\"https:\/\/admin.industriall-union.org\/#website\"},\"datePublished\":\"2021-10-13T07:07:05+00:00\",\"dateModified\":\"2025-01-28T07:21:17+00:00\",\"description\":\"Ce Recueil de directives pratiques de l&rsquo;OIT, adopt\u00e9 le 8 octobre, est le premier destin\u00e9 aux industries du textile, de l&rsquo;habillement, du cuir\",\"breadcrumb\":{\"@id\":\"https:\/\/admin.industriall-union.org\/fr\/la-reunion-d-experts-de-l-oit-adopte-le-tout-premier-recueil-de-directives-pratiques-pour-l-industrie-du-textile-et-de-la-confection\/#breadcrumb\"},\"inLanguage\":\"fr-FR\",\"potentialAction\":[{\"@type\":\"ReadAction\",\"target\":[\"https:\/\/admin.industriall-union.org\/fr\/la-reunion-d-experts-de-l-oit-adopte-le-tout-premier-recueil-de-directives-pratiques-pour-l-industrie-du-textile-et-de-la-confection\/\"]}]},{\"@type\":\"BreadcrumbList\",\"@id\":\"https:\/\/admin.industriall-union.org\/fr\/la-reunion-d-experts-de-l-oit-adopte-le-tout-premier-recueil-de-directives-pratiques-pour-l-industrie-du-textile-et-de-la-confection\/#breadcrumb\",\"itemListElement\":[{\"@type\":\"ListItem\",\"position\":1,\"name\":\"Home\",\"item\":\"https:\/\/admin.industriall-union.org\/\"},{\"@type\":\"ListItem\",\"position\":2,\"name\":\"Articles\",\"item\":\"https:\/\/admin.industriall-union.org\/article\/\"},{\"@type\":\"ListItem\",\"position\":3,\"name\":\"La r\u00e9union d\u2019experts de l\u2019OIT adopte le tout premier Recueil de directives pratiques pour l\u2019industrie du textile et de la confection\"}]},{\"@type\":\"WebSite\",\"@id\":\"https:\/\/admin.industriall-union.org\/#website\",\"url\":\"https:\/\/admin.industriall-union.org\/\",\"name\":\"industriall-union\",\"description\":\"\",\"potentialAction\":[{\"@type\":\"SearchAction\",\"target\":{\"@type\":\"EntryPoint\",\"urlTemplate\":\"https:\/\/admin.industriall-union.org\/?s={search_term_string}\"},\"query-input\":{\"@type\":\"PropertyValueSpecification\",\"valueRequired\":true,\"valueName\":\"search_term_string\"}}],\"inLanguage\":\"fr-FR\"}]}<\/script>\n<!-- \/ Yoast SEO Premium plugin. -->","yoast_head_json":{"title":"La r\u00e9union d\u2019experts de l\u2019OIT adopte le tout premier Recueil de directives pratiques pour l\u2019industrie du textile et de la confection - industriall-union","description":"Ce Recueil de directives pratiques de l&rsquo;OIT, adopt\u00e9 le 8 octobre, est le premier destin\u00e9 aux industries du textile, de l&rsquo;habillement, du cuir","robots":{"index":"index","follow":"follow","max-snippet":"max-snippet:-1","max-image-preview":"max-image-preview:large","max-video-preview":"max-video-preview:-1"},"canonical":"https:\/\/admin.industriall-union.org\/fr\/la-reunion-d-experts-de-l-oit-adopte-le-tout-premier-recueil-de-directives-pratiques-pour-l-industrie-du-textile-et-de-la-confection\/","og_locale":"fr_FR","og_type":"article","og_title":"La r\u00e9union d\u2019experts de l\u2019OIT adopte le tout premier Recueil de directives pratiques pour l\u2019industrie du textile et de la confection","og_description":"Ce Recueil de directives pratiques de l&rsquo;OIT, adopt\u00e9 le 8 octobre, est le premier destin\u00e9 aux industries du textile, de l&rsquo;habillement, du cuir","og_url":"https:\/\/admin.industriall-union.org\/fr\/la-reunion-d-experts-de-l-oit-adopte-le-tout-premier-recueil-de-directives-pratiques-pour-l-industrie-du-textile-et-de-la-confection\/","og_site_name":"industriall-union","article_modified_time":"2025-01-28T07:21:17+00:00","twitter_card":"summary_large_image","twitter_misc":{"Est. reading time":"3 minutes"},"schema":{"@context":"https:\/\/schema.org","@graph":[{"@type":"WebPage","@id":"https:\/\/admin.industriall-union.org\/fr\/la-reunion-d-experts-de-l-oit-adopte-le-tout-premier-recueil-de-directives-pratiques-pour-l-industrie-du-textile-et-de-la-confection\/","url":"https:\/\/admin.industriall-union.org\/fr\/la-reunion-d-experts-de-l-oit-adopte-le-tout-premier-recueil-de-directives-pratiques-pour-l-industrie-du-textile-et-de-la-confection\/","name":"La r\u00e9union d\u2019experts de l\u2019OIT adopte le tout premier Recueil de directives pratiques pour l\u2019industrie du textile et de la confection - industriall-union","isPartOf":{"@id":"https:\/\/admin.industriall-union.org\/#website"},"datePublished":"2021-10-13T07:07:05+00:00","dateModified":"2025-01-28T07:21:17+00:00","description":"Ce Recueil de directives pratiques de l&rsquo;OIT, adopt\u00e9 le 8 octobre, est le premier destin\u00e9 aux industries du textile, de l&rsquo;habillement, du cuir","breadcrumb":{"@id":"https:\/\/admin.industriall-union.org\/fr\/la-reunion-d-experts-de-l-oit-adopte-le-tout-premier-recueil-de-directives-pratiques-pour-l-industrie-du-textile-et-de-la-confection\/#breadcrumb"},"inLanguage":"fr-FR","potentialAction":[{"@type":"ReadAction","target":["https:\/\/admin.industriall-union.org\/fr\/la-reunion-d-experts-de-l-oit-adopte-le-tout-premier-recueil-de-directives-pratiques-pour-l-industrie-du-textile-et-de-la-confection\/"]}]},{"@type":"BreadcrumbList","@id":"https:\/\/admin.industriall-union.org\/fr\/la-reunion-d-experts-de-l-oit-adopte-le-tout-premier-recueil-de-directives-pratiques-pour-l-industrie-du-textile-et-de-la-confection\/#breadcrumb","itemListElement":[{"@type":"ListItem","position":1,"name":"Home","item":"https:\/\/admin.industriall-union.org\/"},{"@type":"ListItem","position":2,"name":"Articles","item":"https:\/\/admin.industriall-union.org\/article\/"},{"@type":"ListItem","position":3,"name":"La r\u00e9union d\u2019experts de l\u2019OIT adopte le tout premier Recueil de directives pratiques pour l\u2019industrie du textile et de la confection"}]},{"@type":"WebSite","@id":"https:\/\/admin.industriall-union.org\/#website","url":"https:\/\/admin.industriall-union.org\/","name":"industriall-union","description":"","potentialAction":[{"@type":"SearchAction","target":{"@type":"EntryPoint","urlTemplate":"https:\/\/admin.industriall-union.org\/?s={search_term_string}"},"query-input":{"@type":"PropertyValueSpecification","valueRequired":true,"valueName":"search_term_string"}}],"inLanguage":"fr-FR"}]}},"_links":{"self":[{"href":"https:\/\/admin.industriall-union.org\/fr\/wp-json\/wp\/v2\/article\/144515","targetHints":{"allow":["GET"]}}],"collection":[{"href":"https:\/\/admin.industriall-union.org\/fr\/wp-json\/wp\/v2\/article"}],"about":[{"href":"https:\/\/admin.industriall-union.org\/fr\/wp-json\/wp\/v2\/types\/article"}],"wp:attachment":[{"href":"https:\/\/admin.industriall-union.org\/fr\/wp-json\/wp\/v2\/media?parent=144515"}],"wp:term":[{"taxonomy":"issues","embeddable":true,"href":"https:\/\/admin.industriall-union.org\/fr\/wp-json\/wp\/v2\/issues?post=144515"},{"taxonomy":"companies","embeddable":true,"href":"https:\/\/admin.industriall-union.org\/fr\/wp-json\/wp\/v2\/companies?post=144515"},{"taxonomy":"regions","embeddable":true,"href":"https:\/\/admin.industriall-union.org\/fr\/wp-json\/wp\/v2\/regions?post=144515"},{"taxonomy":"sectors","embeddable":true,"href":"https:\/\/admin.industriall-union.org\/fr\/wp-json\/wp\/v2\/sectors?post=144515"},{"taxonomy":"article_tags","embeddable":true,"href":"https:\/\/admin.industriall-union.org\/fr\/wp-json\/wp\/v2\/article_tags?post=144515"}],"curies":[{"name":"wp","href":"https:\/\/api.w.org\/{rel}","templated":true}]}}