{"id":144504,"date":"2021-10-20T15:34:31","date_gmt":"2021-10-20T15:34:31","guid":{"rendered":"https:\/\/admin.industriall-union.org\/les-syndicats-appellent-au-dialogue-social-chez-heidelbergcement\/"},"modified":"2025-01-28T07:05:36","modified_gmt":"2025-01-28T07:05:36","slug":"les-syndicats-appellent-au-dialogue-social-chez-heidelbergcement","status":"publish","type":"article","link":"https:\/\/admin.industriall-union.org\/fr\/les-syndicats-appellent-au-dialogue-social-chez-heidelbergcement\/","title":{"rendered":"Les syndicats appellent au dialogue social chez HeidelbergCement"},"content":{"rendered":"<p>IndustriALL Global Union, l&rsquo;Internationale des travailleurs du b\u00e2timent et du bois (IBB) et la F\u00e9d\u00e9ration europ\u00e9enne des travailleurs du b\u00e2timent et du bois (FETBB), qui toutes repr\u00e9sentent des travailleurs et travailleuses employ\u00e9s par le g\u00e9ant allemand du ciment, ont saisi l&rsquo;occasion, ces 13 et 14 octobre derniers, pour \u00e9laborer des strat\u00e9gies pour l&rsquo;avenir.<\/p><p>Le r\u00e9seau a adopt\u00e9 une <a href=\"\/wp-content\/uploads\/documents\/2021\/SWITZERLAND\/HeidelbergCement\/en_statement_of_the_unions_representing_heidelbergcement_workers.pdf\">d\u00e9claration commune<\/a> revendiquant de v\u00e9ritables progr\u00e8s dans le sens de l&rsquo;am\u00e9lioration de la qualit\u00e9 du dialogue social. La d\u00e9claration demande, entre autres, \u00e0 HeidelbergCement&nbsp;:<\/p><ul><li>d&rsquo;\u00e9liminer les abus envers les travailleurs et travailleuses des sous-traitants et des entreprises tierces<\/li><li>d&rsquo;engager des n\u00e9gociations sur un accord-cadre mondial<\/li><li>de lancer un m\u00e9canisme conjoint garantissant le respect des droits des travailleurs et l&rsquo;am\u00e9lioration des conditions de travail<\/li><li>d&rsquo;am\u00e9liorer la participation des travailleurs et travailleuses et assurer le respect des droits syndicaux et du droit de repr\u00e9sentation et d&rsquo;organisation, en mettant l&rsquo;accent sur la participation des travailleurs et travailleuses en mati\u00e8re de sant\u00e9 et de s\u00e9curit\u00e9<\/li><li>d&rsquo;inclure une dimension sociale dans ses politiques de r\u00e9duction des \u00e9missions de CO2, de protection contre le changement climatique et de num\u00e9risation touchant leurs travailleurs et travailleuses sous-traitants<\/li><li>de lancer une consultation avec les syndicats sur la Transition juste<\/li><li>de signer une d\u00e9claration commune sur la sant\u00e9 et la s\u00e9curit\u00e9 au travail avec l&rsquo;IBB, IndustriALL et la FETBB.<\/li><\/ul><p>Une <a href=\"\/wp-content\/uploads\/documents\/2021\/SWITZERLAND\/HeidelbergCement\/heidelbergcement_seattle_solidarity_statement.pdf\">d\u00e9claration de solidarit\u00e9<\/a> a \u00e9t\u00e9 adopt\u00e9e \u00e0 l&rsquo;appui de plus de 150 travailleurs et travailleuses syndiqu\u00e9s par les Teamsters chez Ready Mix aux \u00c9tats-Unis qui revendiquent de r\u00e9gler les probl\u00e8mes de sant\u00e9 et de s\u00e9curit\u00e9 et de cesser de violer les lois f\u00e9d\u00e9rales du travail.<\/p><p>Michael Walker, membre de la section 174 des Teamsters \u00e0 Seattle, a expliqu\u00e9 que malgr\u00e9 ses b\u00e9n\u00e9fices records, l&rsquo;entreprise n&rsquo;a pas offert d&rsquo;augmentations d\u00e9centes et a m\u00eame refus\u00e9 une couverture m\u00e9dicale compl\u00e8te \u00e0 un groupe de 300 travailleurs et travailleuses apr\u00e8s l&rsquo;expiration de leur CCT. &ldquo;C&rsquo;est la cinqui\u00e8me fois que je me trouve \u00e0 une table de n\u00e9gociation, je n&rsquo;ai jamais rien vu de tel, ils veulent maintenant que nous fassions gr\u00e8ve&rdquo;, a d\u00e9clar\u00e9 Walker.<\/p><p>Dans l&rsquo;ensemble des activit\u00e9s de HeidelbergCement cette ann\u00e9e, quinze personnes ont perdu la vie \u00e0 cause du COVID-19 malgr\u00e9 l&rsquo;introduction par l&rsquo;entreprise d&rsquo;un programme de pr\u00e9vention. Cette ann\u00e9e, trois travailleurs sous-traitants ont \u00e9t\u00e9 tu\u00e9s au travail au Ghana, au Burkina Faso et au Bangladesh.<\/p><p>Par ailleurs, la d\u00e9t\u00e9rioration du dialogue social a rendu les n\u00e9gociations plus difficiles et les syndicats se sont mobilis\u00e9s dans diff\u00e9rents pays.<\/p><p>Le d\u00e9fi que repr\u00e9sente pour le secteur la r\u00e9duction des \u00e9missions de carbone a \u00e9galement \u00e9t\u00e9 largement d\u00e9battu lors de la r\u00e9union. HeidelbergCement a besoin d&rsquo;une feuille de route pour passer des combustibles fossiles aux \u00e9nergies renouvelables et \u00e0 la mise en \u0153uvre de nouvelles technologies industrielles. Les participants ont soulign\u00e9 que l&rsquo;implication des travailleurs et travailleuses est cruciale pour assurer une Transition juste.<\/p><section class=\"boxTurquoiseImage\"><header class=\"imageArticle imageMedium colorOverlay\"><img decoding=\"async\" alt=\"\" src=\"\" style=\"width: 600px;height: 338px\" \/><div class=\"imageContent\"><div class=\"imageCaption\"><p>Tom Deleu, Secr\u00e9taire g\u00e9n\u00e9ral de la FETBB<\/p><\/div><\/div><\/header><\/section><p>Tom Deleu, Secr\u00e9taire g\u00e9n\u00e9ral de la FETBB, a d\u00e9clar\u00e9&nbsp;:<\/p><blockquote><p>&quot;Le changement climatique est une menace existentielle pour l&#039;humanit\u00e9. La FETBB soutient la transition verte et l&#039;engagement de HeidelbergCement \u00e0 r\u00e9duire ses \u00e9missions de carbone, car il n&#039;y a pas d&#039;emplois sur une plan\u00e8te morte, mais une Transition juste et l&#039;engagement des travailleurs et travailleuses \u00e0 tous les niveaux de ce processus sont essentiels.&rdquo;<\/p><\/blockquote><p>Des coll\u00e8gues d&rsquo;Afrique et d&rsquo;Asie ont signal\u00e9 que l&rsquo;entreprise recourt de mani\u00e8re excessive \u00e0 des r\u00e9gimes d&rsquo;emploi atypiques, qui sapent les conditions de travail et de r\u00e9mun\u00e9ration. Selon eux, les travailleurs et travailleuses affect\u00e9s par ces syst\u00e8mes sont ceux et celles-l\u00e0 m\u00eames dont les emplois et les revenus ont \u00e9t\u00e9 ravag\u00e9s par la pand\u00e9mie.<\/p><p>Gavor Kodjo, Secr\u00e9taire g\u00e9n\u00e9ral de la F\u00e9d\u00e9ration des travailleurs du bois et de la construction (FTBC), a remerci\u00e9 l&rsquo;IBB et les repr\u00e9sentants syndicaux en Allemagne d&rsquo;avoir aid\u00e9 son syndicat \u00e0 faire part de ses <a href=\"https:\/\/www.facebook.com\/watch\/?v=432709501549469\">probl\u00e8mes chez CIMTOGO <\/a>&nbsp;(HeidelbergCement) \u00e0 la direction de l&rsquo;entreprise en Allemagne. Le syndicat a soulign\u00e9 que les sous-traitants de CIMTOGO ont foul\u00e9 aux pieds \u00e0 plusieurs reprises les droits des travailleurs et n&rsquo;ont pas r\u00e9ussi \u00e0 garantir un environnement de travail sain et s\u00fbr. Il a \u00e9galement mentionn\u00e9 des probl\u00e8mes tels que la non-d\u00e9claration des accidents du travail, la non-remise des fiches de paie aux travailleurs et les mauvaises normes d&rsquo;hygi\u00e8ne.<\/p><section class=\"boxTurquoiseImage\"><header class=\"imageArticle imageMedium colorOverlay\"><img decoding=\"async\" alt=\"\" src=\"\" style=\"width: 600px;height: 375px\" \/><div class=\"imageContent\"><div class=\"imageCaption\"><p>Le Secr\u00e9taire g\u00e9n\u00e9ral de l&rsquo;IBB, Ambet Yuson<\/p><\/div><\/div><\/header><\/section><p>Pour le Secr\u00e9taire g\u00e9n\u00e9ral de l&rsquo;IBB, Ambet Yuson&nbsp;:<\/p><blockquote><p>&ldquo;En pleine pand\u00e9mie, HeidelbergCement a continu\u00e9 \u00e0 engranger des b\u00e9n\u00e9fices et \u00e0 verser d&rsquo;\u00e9normes dividendes et primes, tandis que ses travailleurs et travailleuses vivent dans la crainte constante de perdre leur emploi. Aujourd&rsquo;hui, elle a manqu\u00e9 l&rsquo;occasion de rencontrer les dirigeants syndicaux qui r\u00e9clamaient un dialogue social.&rdquo;<\/p><\/blockquote><section class=\"boxTurquoiseImage\"><header class=\"imageArticle imageMedium colorOverlay\"><img decoding=\"async\" alt=\"\" src=\"\" style=\"height: 399px;width: 600px\" \/><div class=\"imageContent\"><div class=\"imageCaption\"><p>Kemal Ozkan, Secr\u00e9taire g\u00e9n\u00e9ral adjoint d&rsquo;IndustriALL<\/p><\/div><\/div><\/header><\/section><p>Kemal Ozkan, Secr\u00e9taire g\u00e9n\u00e9ral adjoint d&rsquo;IndustriALL, a ajout\u00e9 ce commentaire&nbsp;:<\/p><blockquote><p>&ldquo;HeidelbergCement doit devenir une entreprise socialement responsable et engager un v\u00e9ritable dialogue avec nos trois organisations. Nous constatons une s\u00e9rie de probl\u00e8mes li\u00e9s \u00e0 la sant\u00e9 et \u00e0 la s\u00e9curit\u00e9, aux violations des droits des travailleurs, \u00e0 la r\u00e9ticence \u00e0 n\u00e9gocier de bonne foi, entre autres.&rdquo;<\/p><\/blockquote>","protected":false},"featured_media":0,"template":"","issues":[],"companies":[66],"regions":[],"sectors":[485,484],"article_tags":[],"class_list":["post-144504","article","type-article","status-publish","hentry","companies-heidelbergcement","sectors-cement","sectors-glass-cement-ceramic-and-associated-industries"],"acf":[],"yoast_head":"<!-- This site is optimized with the Yoast SEO Premium plugin v27.1 (Yoast SEO v27.1) - https:\/\/yoast.com\/product\/yoast-seo-premium-wordpress\/ -->\n<title>Les syndicats appellent au dialogue social chez HeidelbergCement - industriall-union<\/title>\n<meta name=\"description\" content=\"IndustriALL Global Union, l&rsquo;Internationale des travailleurs du b\u00e2timent et du bois (IBB) et la F\u00e9d\u00e9ration europ\u00e9enne des travailleurs du b\u00e2timent et\" \/>\n<meta name=\"robots\" content=\"index, follow, max-snippet:-1, max-image-preview:large, max-video-preview:-1\" \/>\n<link rel=\"canonical\" href=\"https:\/\/admin.industriall-union.org\/fr\/les-syndicats-appellent-au-dialogue-social-chez-heidelbergcement\/\" \/>\n<meta property=\"og:locale\" content=\"fr_FR\" \/>\n<meta property=\"og:type\" content=\"article\" \/>\n<meta property=\"og:title\" content=\"Les syndicats appellent au dialogue social chez HeidelbergCement\" \/>\n<meta property=\"og:description\" content=\"IndustriALL Global Union, l&rsquo;Internationale des travailleurs du b\u00e2timent et du bois (IBB) et la F\u00e9d\u00e9ration europ\u00e9enne des travailleurs du b\u00e2timent et\" \/>\n<meta property=\"og:url\" content=\"https:\/\/admin.industriall-union.org\/fr\/les-syndicats-appellent-au-dialogue-social-chez-heidelbergcement\/\" \/>\n<meta property=\"og:site_name\" content=\"industriall-union\" \/>\n<meta property=\"article:modified_time\" content=\"2025-01-28T07:05:36+00:00\" \/>\n<meta name=\"twitter:card\" content=\"summary_large_image\" \/>\n<meta name=\"twitter:label1\" content=\"Est. reading time\" \/>\n\t<meta name=\"twitter:data1\" content=\"5 minutes\" \/>\n<script type=\"application\/ld+json\" class=\"yoast-schema-graph\">{\"@context\":\"https:\/\/schema.org\",\"@graph\":[{\"@type\":\"WebPage\",\"@id\":\"https:\/\/admin.industriall-union.org\/fr\/les-syndicats-appellent-au-dialogue-social-chez-heidelbergcement\/\",\"url\":\"https:\/\/admin.industriall-union.org\/fr\/les-syndicats-appellent-au-dialogue-social-chez-heidelbergcement\/\",\"name\":\"Les syndicats appellent au dialogue social chez HeidelbergCement - industriall-union\",\"isPartOf\":{\"@id\":\"https:\/\/admin.industriall-union.org\/#website\"},\"datePublished\":\"2021-10-20T15:34:31+00:00\",\"dateModified\":\"2025-01-28T07:05:36+00:00\",\"description\":\"IndustriALL Global Union, l&rsquo;Internationale des travailleurs du b\u00e2timent et du bois (IBB) et la F\u00e9d\u00e9ration europ\u00e9enne des travailleurs du b\u00e2timent et\",\"breadcrumb\":{\"@id\":\"https:\/\/admin.industriall-union.org\/fr\/les-syndicats-appellent-au-dialogue-social-chez-heidelbergcement\/#breadcrumb\"},\"inLanguage\":\"fr-FR\",\"potentialAction\":[{\"@type\":\"ReadAction\",\"target\":[\"https:\/\/admin.industriall-union.org\/fr\/les-syndicats-appellent-au-dialogue-social-chez-heidelbergcement\/\"]}]},{\"@type\":\"BreadcrumbList\",\"@id\":\"https:\/\/admin.industriall-union.org\/fr\/les-syndicats-appellent-au-dialogue-social-chez-heidelbergcement\/#breadcrumb\",\"itemListElement\":[{\"@type\":\"ListItem\",\"position\":1,\"name\":\"Home\",\"item\":\"https:\/\/admin.industriall-union.org\/\"},{\"@type\":\"ListItem\",\"position\":2,\"name\":\"Articles\",\"item\":\"https:\/\/admin.industriall-union.org\/article\/\"},{\"@type\":\"ListItem\",\"position\":3,\"name\":\"Les syndicats appellent au dialogue social chez HeidelbergCement\"}]},{\"@type\":\"WebSite\",\"@id\":\"https:\/\/admin.industriall-union.org\/#website\",\"url\":\"https:\/\/admin.industriall-union.org\/\",\"name\":\"industriall-union\",\"description\":\"\",\"potentialAction\":[{\"@type\":\"SearchAction\",\"target\":{\"@type\":\"EntryPoint\",\"urlTemplate\":\"https:\/\/admin.industriall-union.org\/?s={search_term_string}\"},\"query-input\":{\"@type\":\"PropertyValueSpecification\",\"valueRequired\":true,\"valueName\":\"search_term_string\"}}],\"inLanguage\":\"fr-FR\"}]}<\/script>\n<!-- \/ Yoast SEO Premium plugin. -->","yoast_head_json":{"title":"Les syndicats appellent au dialogue social chez HeidelbergCement - industriall-union","description":"IndustriALL Global Union, l&rsquo;Internationale des travailleurs du b\u00e2timent et du bois (IBB) et la F\u00e9d\u00e9ration europ\u00e9enne des travailleurs du b\u00e2timent et","robots":{"index":"index","follow":"follow","max-snippet":"max-snippet:-1","max-image-preview":"max-image-preview:large","max-video-preview":"max-video-preview:-1"},"canonical":"https:\/\/admin.industriall-union.org\/fr\/les-syndicats-appellent-au-dialogue-social-chez-heidelbergcement\/","og_locale":"fr_FR","og_type":"article","og_title":"Les syndicats appellent au dialogue social chez HeidelbergCement","og_description":"IndustriALL Global Union, l&rsquo;Internationale des travailleurs du b\u00e2timent et du bois (IBB) et la F\u00e9d\u00e9ration europ\u00e9enne des travailleurs du b\u00e2timent et","og_url":"https:\/\/admin.industriall-union.org\/fr\/les-syndicats-appellent-au-dialogue-social-chez-heidelbergcement\/","og_site_name":"industriall-union","article_modified_time":"2025-01-28T07:05:36+00:00","twitter_card":"summary_large_image","twitter_misc":{"Est. reading time":"5 minutes"},"schema":{"@context":"https:\/\/schema.org","@graph":[{"@type":"WebPage","@id":"https:\/\/admin.industriall-union.org\/fr\/les-syndicats-appellent-au-dialogue-social-chez-heidelbergcement\/","url":"https:\/\/admin.industriall-union.org\/fr\/les-syndicats-appellent-au-dialogue-social-chez-heidelbergcement\/","name":"Les syndicats appellent au dialogue social chez HeidelbergCement - industriall-union","isPartOf":{"@id":"https:\/\/admin.industriall-union.org\/#website"},"datePublished":"2021-10-20T15:34:31+00:00","dateModified":"2025-01-28T07:05:36+00:00","description":"IndustriALL Global Union, l&rsquo;Internationale des travailleurs du b\u00e2timent et du bois (IBB) et la F\u00e9d\u00e9ration europ\u00e9enne des travailleurs du b\u00e2timent et","breadcrumb":{"@id":"https:\/\/admin.industriall-union.org\/fr\/les-syndicats-appellent-au-dialogue-social-chez-heidelbergcement\/#breadcrumb"},"inLanguage":"fr-FR","potentialAction":[{"@type":"ReadAction","target":["https:\/\/admin.industriall-union.org\/fr\/les-syndicats-appellent-au-dialogue-social-chez-heidelbergcement\/"]}]},{"@type":"BreadcrumbList","@id":"https:\/\/admin.industriall-union.org\/fr\/les-syndicats-appellent-au-dialogue-social-chez-heidelbergcement\/#breadcrumb","itemListElement":[{"@type":"ListItem","position":1,"name":"Home","item":"https:\/\/admin.industriall-union.org\/"},{"@type":"ListItem","position":2,"name":"Articles","item":"https:\/\/admin.industriall-union.org\/article\/"},{"@type":"ListItem","position":3,"name":"Les syndicats appellent au dialogue social chez HeidelbergCement"}]},{"@type":"WebSite","@id":"https:\/\/admin.industriall-union.org\/#website","url":"https:\/\/admin.industriall-union.org\/","name":"industriall-union","description":"","potentialAction":[{"@type":"SearchAction","target":{"@type":"EntryPoint","urlTemplate":"https:\/\/admin.industriall-union.org\/?s={search_term_string}"},"query-input":{"@type":"PropertyValueSpecification","valueRequired":true,"valueName":"search_term_string"}}],"inLanguage":"fr-FR"}]}},"_links":{"self":[{"href":"https:\/\/admin.industriall-union.org\/fr\/wp-json\/wp\/v2\/article\/144504","targetHints":{"allow":["GET"]}}],"collection":[{"href":"https:\/\/admin.industriall-union.org\/fr\/wp-json\/wp\/v2\/article"}],"about":[{"href":"https:\/\/admin.industriall-union.org\/fr\/wp-json\/wp\/v2\/types\/article"}],"wp:attachment":[{"href":"https:\/\/admin.industriall-union.org\/fr\/wp-json\/wp\/v2\/media?parent=144504"}],"wp:term":[{"taxonomy":"issues","embeddable":true,"href":"https:\/\/admin.industriall-union.org\/fr\/wp-json\/wp\/v2\/issues?post=144504"},{"taxonomy":"companies","embeddable":true,"href":"https:\/\/admin.industriall-union.org\/fr\/wp-json\/wp\/v2\/companies?post=144504"},{"taxonomy":"regions","embeddable":true,"href":"https:\/\/admin.industriall-union.org\/fr\/wp-json\/wp\/v2\/regions?post=144504"},{"taxonomy":"sectors","embeddable":true,"href":"https:\/\/admin.industriall-union.org\/fr\/wp-json\/wp\/v2\/sectors?post=144504"},{"taxonomy":"article_tags","embeddable":true,"href":"https:\/\/admin.industriall-union.org\/fr\/wp-json\/wp\/v2\/article_tags?post=144504"}],"curies":[{"name":"wp","href":"https:\/\/api.w.org\/{rel}","templated":true}]}}