{"id":144493,"date":"2021-10-26T05:27:39","date_gmt":"2021-10-26T05:27:39","guid":{"rendered":"https:\/\/admin.industriall-union.org\/les-syndicats-demandent-a-l-ue-le-retrait-immediat-du-myanmar-du-spg-en-raison-des-violations-des-droits-de-l-homme-et-du-travail\/"},"modified":"2025-01-28T06:50:11","modified_gmt":"2025-01-28T06:50:11","slug":"les-syndicats-demandent-a-l-ue-le-retrait-immediat-du-myanmar-du-spg-en-raison-des-violations-des-droits-de-l-homme-et-du-travail","status":"publish","type":"article","link":"https:\/\/admin.industriall-union.org\/fr\/les-syndicats-demandent-a-l-ue-le-retrait-immediat-du-myanmar-du-spg-en-raison-des-violations-des-droits-de-l-homme-et-du-travail\/","title":{"rendered":"Les syndicats demandent \u00e0 l\u2019UE le retrait imm\u00e9diat du Myanmar du SPG en raison des violations des droits de l\u2019homme et du travail"},"content":{"rendered":"<p>Aujourd&rsquo;hui, industriAll Europe et IndustriALL Global Union, au nom des syndicats du monde entier, ont contact\u00e9 la Commission europ\u00e9enne, le Parlement europ\u00e9en et le Conseil europ\u00e9en, leur demandant de retirer imm\u00e9diatement les pr\u00e9f\u00e9rences commerciales accord\u00e9es au Myanmar dans le cadre de l&rsquo;initiative TSA de l&rsquo;UE.<\/p><p>Kemal \u00d6zkan, Secr\u00e9taire g\u00e9n\u00e9ral adjoint d&rsquo;IndustriALL, a d\u00e9clar\u00e9&nbsp;:<\/p><p>&ldquo;Ce qui se passe au Myanmar depuis le coup d&rsquo;\u00c9tat militaire constitue une tache dans l&rsquo;histoire de l&rsquo;humanit\u00e9. Tuer des innocents, les torturer ou les mettre en prison sont des actions brutales men\u00e9es contre l&rsquo;humanit\u00e9. Nous avons tous la responsabilit\u00e9 de lutter contre ce ph\u00e9nom\u00e8ne et l&rsquo;Europe a une responsabilit\u00e9 particuli\u00e8re. L&rsquo;UE accorde le SPG (Syst\u00e8me des pr\u00e9f\u00e9rences g\u00e9n\u00e9ralis\u00e9es) aux pays en d\u00e9veloppement vuln\u00e9rables pour les aider \u00e0 r\u00e9duire la pauvret\u00e9 et \u00e0 cr\u00e9er des emplois sur base des valeurs et des principes internationaux, notamment les droits du travail et les droits de l&rsquo;homme. Nous demandons \u00e0 l&rsquo;UE de faire le n\u00e9cessaire pour mettre fin \u00e0 ce massacre.&rdquo;<\/p><p>Les travailleurs et travailleuses du Myanmar vivent sous la menace constante d&rsquo;arrestations, de violences et m\u00eame de torture sous la junte militaire. Les syndicats du Myanmar appellent \u00e0 des sanctions \u00e9conomiques s\u00e9v\u00e8res contre le r\u00e9gime actuel, antid\u00e9mocratique et violent.<\/p><p>Depuis le coup d&rsquo;\u00c9tat du 1er f\u00e9vrier 2021, la junte militaire du Myanmar fait r\u00e9gner la terreur, ciblant les travailleurs et les zones industrialis\u00e9es. Les syndicalistes ainsi que les travailleurs et travailleuses qui tentent d&rsquo;exprimer leurs pr\u00e9occupations l\u00e9gitimes par le biais de manifestations ont \u00e9t\u00e9 traqu\u00e9s par les militaires et de nombreux dirigeants syndicaux ont \u00e9t\u00e9 contraints de se cacher, plusieurs d&rsquo;entre eux ont \u00e9t\u00e9 arr\u00eat\u00e9s et beaucoup ont vu leur passeport invalid\u00e9.<\/p><section class=\"boxTurquoise\"><h3>C&rsquo;est un fait \u00e9tabli qu&rsquo;environ 300.000 travailleurs et travailleuses ont d\u00e9j\u00e0 \u00e9t\u00e9 licenci\u00e9s pour avoir rejoint le Mouvement de d\u00e9sob\u00e9issance civile (MDC). Les restrictions des libert\u00e9s civiles sont clairement visibles.<\/h3><\/section><p>Le syst\u00e8me des pr\u00e9f\u00e9rences g\u00e9n\u00e9ralis\u00e9es (SPG) de l&rsquo;UE, dont le principe TSA est un exemple, est pr\u00e9sent\u00e9 par la Commission europ\u00e9enne comme un moyen d&rsquo;utiliser le commerce de l&rsquo;UE pour cr\u00e9er des emplois dans les pays en d\u00e9veloppement. Les syndicats soutiennent les objectifs g\u00e9n\u00e9raux du SPG, notamment celui d&rsquo;am\u00e9liorer les droits syndicaux et les conditions de travail des habitants de certains des pays les plus pauvres du monde.<\/p><p>Toutefois, les syndicats insistent sur le fait que les sanctions doivent \u00e9galement \u00eatre utilis\u00e9es \u00e0 la lumi\u00e8re des terribles violations des droits de l&rsquo;homme et du travail pour que le SPG ait un r\u00e9el impact.<\/p><p>Les deux organisations, la CTUM et l&rsquo;IWFM, soutiennent l&rsquo;appel conjoint du mouvement syndical du Myanmar lanc\u00e9 aux entreprises multinationales pour qu&rsquo;elles se d\u00e9sengagent du Myanmar, tout en s&rsquo;assurant qu&rsquo;elles traitent leur main-d&rsquo;\u0153uvre de mani\u00e8re responsable lors de l&rsquo;ex\u00e9cution des commandes.<\/p><p>Judith Kirton-Darling, Secr\u00e9taire g\u00e9n\u00e9rale adjointe d&rsquo;industriAll Europe, a d\u00e9clar\u00e9&nbsp;:<\/p><blockquote><p>&ldquo;Il ne fait aucun doute que l&rsquo;actuelle dictature militaire au Myanmar malm\u00e8ne ses citoyens et viole leurs droits humains fondamentaux ainsi qu&rsquo;un grand nombre de conventions de l&rsquo;OIT. Le syst\u00e8me des pr\u00e9f\u00e9rences g\u00e9n\u00e9ralis\u00e9es de l&rsquo;UE est cens\u00e9 garantir que les travailleurs et travailleuses \u00e9voluent dans des conditions s\u00fbres et que leurs droits sont respect\u00e9s. Rien n&rsquo;est moins vrai au Myanmar et nous revendiquons que l&rsquo;UE r\u00e9voque de toute urgence les dispositions TSA pour le Myanmar, conform\u00e9ment aux revendications des travailleurs et travailleuses du pays.&rdquo;<\/p><\/blockquote>","protected":false},"featured_media":0,"template":"","issues":[406,424,425],"companies":[],"regions":[177],"sectors":[],"article_tags":[],"class_list":["post-144493","article","type-article","status-publish","hentry","issues-confronting-global-capital","issues-violation","issues-workers-rights","regions-myanmar"],"acf":[],"yoast_head":"<!-- This site is optimized with the Yoast SEO Premium plugin v27.1 (Yoast SEO v27.1) - https:\/\/yoast.com\/product\/yoast-seo-premium-wordpress\/ -->\n<title>Les syndicats demandent \u00e0 l\u2019UE le retrait imm\u00e9diat du Myanmar du SPG en raison des violations des droits de l\u2019homme et du travail - industriall-union<\/title>\n<meta name=\"description\" content=\"Aujourd&rsquo;hui, industriAll Europe et IndustriALL Global Union, au nom des syndicats du monde entier, ont contact\u00e9 la Commission europ\u00e9enne, le\" \/>\n<meta name=\"robots\" content=\"index, follow, max-snippet:-1, max-image-preview:large, max-video-preview:-1\" \/>\n<link rel=\"canonical\" href=\"https:\/\/admin.industriall-union.org\/fr\/les-syndicats-demandent-a-l-ue-le-retrait-immediat-du-myanmar-du-spg-en-raison-des-violations-des-droits-de-l-homme-et-du-travail\/\" \/>\n<meta property=\"og:locale\" content=\"fr_FR\" \/>\n<meta property=\"og:type\" content=\"article\" \/>\n<meta property=\"og:title\" content=\"Les syndicats demandent \u00e0 l\u2019UE le retrait imm\u00e9diat du Myanmar du SPG en raison des violations des droits de l\u2019homme et du travail\" \/>\n<meta property=\"og:description\" content=\"Aujourd&rsquo;hui, industriAll Europe et IndustriALL Global Union, au nom des syndicats du monde entier, ont contact\u00e9 la Commission europ\u00e9enne, le\" \/>\n<meta property=\"og:url\" content=\"https:\/\/admin.industriall-union.org\/fr\/les-syndicats-demandent-a-l-ue-le-retrait-immediat-du-myanmar-du-spg-en-raison-des-violations-des-droits-de-l-homme-et-du-travail\/\" \/>\n<meta property=\"og:site_name\" content=\"industriall-union\" \/>\n<meta property=\"article:modified_time\" content=\"2025-01-28T06:50:11+00:00\" \/>\n<meta name=\"twitter:card\" content=\"summary_large_image\" \/>\n<meta name=\"twitter:label1\" content=\"Est. reading time\" \/>\n\t<meta name=\"twitter:data1\" content=\"3 minutes\" \/>\n<script type=\"application\/ld+json\" class=\"yoast-schema-graph\">{\"@context\":\"https:\/\/schema.org\",\"@graph\":[{\"@type\":\"WebPage\",\"@id\":\"https:\/\/admin.industriall-union.org\/fr\/les-syndicats-demandent-a-l-ue-le-retrait-immediat-du-myanmar-du-spg-en-raison-des-violations-des-droits-de-l-homme-et-du-travail\/\",\"url\":\"https:\/\/admin.industriall-union.org\/fr\/les-syndicats-demandent-a-l-ue-le-retrait-immediat-du-myanmar-du-spg-en-raison-des-violations-des-droits-de-l-homme-et-du-travail\/\",\"name\":\"Les syndicats demandent \u00e0 l\u2019UE le retrait imm\u00e9diat du Myanmar du SPG en raison des violations des droits de l\u2019homme et du travail - industriall-union\",\"isPartOf\":{\"@id\":\"https:\/\/admin.industriall-union.org\/#website\"},\"datePublished\":\"2021-10-26T05:27:39+00:00\",\"dateModified\":\"2025-01-28T06:50:11+00:00\",\"description\":\"Aujourd&rsquo;hui, industriAll Europe et IndustriALL Global Union, au nom des syndicats du monde entier, ont contact\u00e9 la Commission europ\u00e9enne, le\",\"breadcrumb\":{\"@id\":\"https:\/\/admin.industriall-union.org\/fr\/les-syndicats-demandent-a-l-ue-le-retrait-immediat-du-myanmar-du-spg-en-raison-des-violations-des-droits-de-l-homme-et-du-travail\/#breadcrumb\"},\"inLanguage\":\"fr-FR\",\"potentialAction\":[{\"@type\":\"ReadAction\",\"target\":[\"https:\/\/admin.industriall-union.org\/fr\/les-syndicats-demandent-a-l-ue-le-retrait-immediat-du-myanmar-du-spg-en-raison-des-violations-des-droits-de-l-homme-et-du-travail\/\"]}]},{\"@type\":\"BreadcrumbList\",\"@id\":\"https:\/\/admin.industriall-union.org\/fr\/les-syndicats-demandent-a-l-ue-le-retrait-immediat-du-myanmar-du-spg-en-raison-des-violations-des-droits-de-l-homme-et-du-travail\/#breadcrumb\",\"itemListElement\":[{\"@type\":\"ListItem\",\"position\":1,\"name\":\"Home\",\"item\":\"https:\/\/admin.industriall-union.org\/\"},{\"@type\":\"ListItem\",\"position\":2,\"name\":\"Articles\",\"item\":\"https:\/\/admin.industriall-union.org\/article\/\"},{\"@type\":\"ListItem\",\"position\":3,\"name\":\"Les syndicats demandent \u00e0 l\u2019UE le retrait imm\u00e9diat du Myanmar du SPG en raison des violations des droits de l\u2019homme et du travail\"}]},{\"@type\":\"WebSite\",\"@id\":\"https:\/\/admin.industriall-union.org\/#website\",\"url\":\"https:\/\/admin.industriall-union.org\/\",\"name\":\"industriall-union\",\"description\":\"\",\"potentialAction\":[{\"@type\":\"SearchAction\",\"target\":{\"@type\":\"EntryPoint\",\"urlTemplate\":\"https:\/\/admin.industriall-union.org\/?s={search_term_string}\"},\"query-input\":{\"@type\":\"PropertyValueSpecification\",\"valueRequired\":true,\"valueName\":\"search_term_string\"}}],\"inLanguage\":\"fr-FR\"}]}<\/script>\n<!-- \/ Yoast SEO Premium plugin. -->","yoast_head_json":{"title":"Les syndicats demandent \u00e0 l\u2019UE le retrait imm\u00e9diat du Myanmar du SPG en raison des violations des droits de l\u2019homme et du travail - industriall-union","description":"Aujourd&rsquo;hui, industriAll Europe et IndustriALL Global Union, au nom des syndicats du monde entier, ont contact\u00e9 la Commission europ\u00e9enne, le","robots":{"index":"index","follow":"follow","max-snippet":"max-snippet:-1","max-image-preview":"max-image-preview:large","max-video-preview":"max-video-preview:-1"},"canonical":"https:\/\/admin.industriall-union.org\/fr\/les-syndicats-demandent-a-l-ue-le-retrait-immediat-du-myanmar-du-spg-en-raison-des-violations-des-droits-de-l-homme-et-du-travail\/","og_locale":"fr_FR","og_type":"article","og_title":"Les syndicats demandent \u00e0 l\u2019UE le retrait imm\u00e9diat du Myanmar du SPG en raison des violations des droits de l\u2019homme et du travail","og_description":"Aujourd&rsquo;hui, industriAll Europe et IndustriALL Global Union, au nom des syndicats du monde entier, ont contact\u00e9 la Commission europ\u00e9enne, le","og_url":"https:\/\/admin.industriall-union.org\/fr\/les-syndicats-demandent-a-l-ue-le-retrait-immediat-du-myanmar-du-spg-en-raison-des-violations-des-droits-de-l-homme-et-du-travail\/","og_site_name":"industriall-union","article_modified_time":"2025-01-28T06:50:11+00:00","twitter_card":"summary_large_image","twitter_misc":{"Est. reading time":"3 minutes"},"schema":{"@context":"https:\/\/schema.org","@graph":[{"@type":"WebPage","@id":"https:\/\/admin.industriall-union.org\/fr\/les-syndicats-demandent-a-l-ue-le-retrait-immediat-du-myanmar-du-spg-en-raison-des-violations-des-droits-de-l-homme-et-du-travail\/","url":"https:\/\/admin.industriall-union.org\/fr\/les-syndicats-demandent-a-l-ue-le-retrait-immediat-du-myanmar-du-spg-en-raison-des-violations-des-droits-de-l-homme-et-du-travail\/","name":"Les syndicats demandent \u00e0 l\u2019UE le retrait imm\u00e9diat du Myanmar du SPG en raison des violations des droits de l\u2019homme et du travail - industriall-union","isPartOf":{"@id":"https:\/\/admin.industriall-union.org\/#website"},"datePublished":"2021-10-26T05:27:39+00:00","dateModified":"2025-01-28T06:50:11+00:00","description":"Aujourd&rsquo;hui, industriAll Europe et IndustriALL Global Union, au nom des syndicats du monde entier, ont contact\u00e9 la Commission europ\u00e9enne, le","breadcrumb":{"@id":"https:\/\/admin.industriall-union.org\/fr\/les-syndicats-demandent-a-l-ue-le-retrait-immediat-du-myanmar-du-spg-en-raison-des-violations-des-droits-de-l-homme-et-du-travail\/#breadcrumb"},"inLanguage":"fr-FR","potentialAction":[{"@type":"ReadAction","target":["https:\/\/admin.industriall-union.org\/fr\/les-syndicats-demandent-a-l-ue-le-retrait-immediat-du-myanmar-du-spg-en-raison-des-violations-des-droits-de-l-homme-et-du-travail\/"]}]},{"@type":"BreadcrumbList","@id":"https:\/\/admin.industriall-union.org\/fr\/les-syndicats-demandent-a-l-ue-le-retrait-immediat-du-myanmar-du-spg-en-raison-des-violations-des-droits-de-l-homme-et-du-travail\/#breadcrumb","itemListElement":[{"@type":"ListItem","position":1,"name":"Home","item":"https:\/\/admin.industriall-union.org\/"},{"@type":"ListItem","position":2,"name":"Articles","item":"https:\/\/admin.industriall-union.org\/article\/"},{"@type":"ListItem","position":3,"name":"Les syndicats demandent \u00e0 l\u2019UE le retrait imm\u00e9diat du Myanmar du SPG en raison des violations des droits de l\u2019homme et du travail"}]},{"@type":"WebSite","@id":"https:\/\/admin.industriall-union.org\/#website","url":"https:\/\/admin.industriall-union.org\/","name":"industriall-union","description":"","potentialAction":[{"@type":"SearchAction","target":{"@type":"EntryPoint","urlTemplate":"https:\/\/admin.industriall-union.org\/?s={search_term_string}"},"query-input":{"@type":"PropertyValueSpecification","valueRequired":true,"valueName":"search_term_string"}}],"inLanguage":"fr-FR"}]}},"_links":{"self":[{"href":"https:\/\/admin.industriall-union.org\/fr\/wp-json\/wp\/v2\/article\/144493","targetHints":{"allow":["GET"]}}],"collection":[{"href":"https:\/\/admin.industriall-union.org\/fr\/wp-json\/wp\/v2\/article"}],"about":[{"href":"https:\/\/admin.industriall-union.org\/fr\/wp-json\/wp\/v2\/types\/article"}],"wp:attachment":[{"href":"https:\/\/admin.industriall-union.org\/fr\/wp-json\/wp\/v2\/media?parent=144493"}],"wp:term":[{"taxonomy":"issues","embeddable":true,"href":"https:\/\/admin.industriall-union.org\/fr\/wp-json\/wp\/v2\/issues?post=144493"},{"taxonomy":"companies","embeddable":true,"href":"https:\/\/admin.industriall-union.org\/fr\/wp-json\/wp\/v2\/companies?post=144493"},{"taxonomy":"regions","embeddable":true,"href":"https:\/\/admin.industriall-union.org\/fr\/wp-json\/wp\/v2\/regions?post=144493"},{"taxonomy":"sectors","embeddable":true,"href":"https:\/\/admin.industriall-union.org\/fr\/wp-json\/wp\/v2\/sectors?post=144493"},{"taxonomy":"article_tags","embeddable":true,"href":"https:\/\/admin.industriall-union.org\/fr\/wp-json\/wp\/v2\/article_tags?post=144493"}],"curies":[{"name":"wp","href":"https:\/\/api.w.org\/{rel}","templated":true}]}}